{"id":4878,"date":"2011-06-02T09:00:00","date_gmt":"2011-06-02T07:00:00","guid":{"rendered":"https:\/\/wp.muchomaas.com\/une-gauche-unie-pour-20124878\/"},"modified":"2023-06-23T23:08:36","modified_gmt":"2023-06-23T21:08:36","slug":"une-gauche-unie-pour-20124878","status":"publish","type":"post","link":"https:\/\/archives.regards.fr\/?p=4878","title":{"rendered":"Une gauche unie pour 2012 ?"},"content":{"rendered":"<p class=\"post_excerpt\">Alors que la gauche de gauche peine \u00e0 sortir de sa torpeur,<br \/>\ndes personnalit\u00e9s d\u2019Attac et de Copernic, dont Pierre Khalfa,<br \/>\nont lanc\u00e9 un appel. L\u2019objectif : impulser des d\u00e9bats publics pour<br \/>\n\u00e9laborer un programme commun de la gauche pour 2012.<br \/>\nMartine Billard estime que le Front de gauche doit en \u00eatre l\u2019outil. D\u00e9bat \u00e0 lire ci-dessous et \u00e0 <a href=\"https:\/\/wp.muchomaas.com\/politique\/comment-rassembler-l-electorat-de\">retrouver en vid\u00e9o<\/a> sur regards.fr<\/p>\n<p><strong> <em>L \u2019\u00ab appel pour une insurrection<br \/>\ncivique et d\u00e9mocratique \u00bb<br \/>\na \u00e9t\u00e9 publi\u00e9 le 20 avril dans<\/em><br \/>\nLib\u00e9ration <em>puis dans<\/em> Politis [[<em>Politis<\/em> a publi\u00e9 des extraits de cet appel le 28 avril ; la version longue est en ligne sur politis.fr]].<br \/>\n<em>Que raconte-t-il ?<\/em> <\/strong><\/p>\n<p><strong>Pierre Khalfa:<\/strong> Ce texte dit ce dont nous avons<br \/>\nbesoin : de discussions sur le contenu des<br \/>\nprogrammes pour 2012. Dans la situation que<br \/>\nnous vivons aujourd\u2019hui, caract\u00e9ris\u00e9e par une<br \/>\nmont\u00e9e du Front national sur une base de d\u00e9sesp\u00e9rance<br \/>\nsociale, il faut que s\u2019affirme un programme<br \/>\nde transformation sociale radical. Ce<br \/>\nprogramme doit \u00eatre discut\u00e9 et d\u00e9cid\u00e9 par le<br \/>\npeuple de gauche lors d\u2019une votation citoyenne.<br \/>\nNotre dispositif a un trou sur la question du<br \/>\ncandidat, cette question-l\u00e0 doit \u00eatre pos\u00e9e dans<br \/>\nun second temps sur la base des rapports de<br \/>\nforces nouveaux qui se seraient cr\u00e9\u00e9s pendant<br \/>\nle processus.<\/p>\n<p><strong>Martine Billard:<\/strong> On a un premier d\u00e9saccord sur<br \/>\nl\u2019analyse de la situation. Quand je lis ce texte,<br \/>\nj\u2019ai l\u2019impression d\u2019une vision catastrophiste qui<br \/>\nconsid\u00e8re que tout est gel\u00e9 et que cela le restera<br \/>\njusqu\u2019au moment de la pr\u00e9sidentielle et<br \/>\ndes l\u00e9gislatives. Il laisse \u00e0 penser qu\u2019il n\u2019y a rien<br \/>\nde possible. Mais nous ne savons pas quelles<br \/>\nseront les forces qui auront des candidats, ni<br \/>\n\u00e0 gauche, ni \u00e0 droite. Tout est encore possible<br \/>\npour la gauche de gauche.<\/p>\n<p><strong>Pierre Khalfa:<\/strong> Le PS montre une volont\u00e9 d\u2019accompagnement<br \/>\ndu capitalisme financier et de<br \/>\nsa domination. Son programme laisse \u00e0 penser<br \/>\nqu\u2019il s\u2019appr\u00eate \u00e0 prolonger les politiques<br \/>\nd\u2019aust\u00e9rit\u00e9. Cette absence d\u2019alternative nourrit<br \/>\nle Front national. Dans la gauche de gauche, si<br \/>\nrien ne se passe autrement que par un simple<br \/>\njeu d\u2019appareils et de discussions entre partis,<br \/>\nil est peu probable que l\u2019\u00e9clatement soit<br \/>\nd\u00e9pass\u00e9. Le Front de gauche ne dispose pas<br \/>\nencore d\u2019une dynamique suffisante pour \u00eatre<br \/>\nune alternative au PS. Face \u00e0 la mont\u00e9e du FN,<br \/>\nle risque d\u2019un vote utile en faveur du PS est<br \/>\ngrand. Cela aurait pour cons\u00e9quence de laminer<br \/>\ntoutes les voix critiques envers la social-d\u00e9mocratie<br \/>\net le social-lib\u00e9ralisme. On peut aussi<br \/>\npr\u00e9sager une tr\u00e8s forte abstention et un second<br \/>\ntour Sarkozy &#8211; Le Pen. Et c\u2019est sans parler de la<br \/>\ncatastrophe que repr\u00e9senterait la r\u00e9\u00e9lection de<br \/>\nNicolas Sarkozy.<\/p>\n<p><strong> <em>Vous vous retrouvez sur un point : la<br \/>\nvolont\u00e9 populaire de virer Sarkozy et les<br \/>\ngouvernements UMP lors des \u00e9lections.<br \/>\nMais comment faire pour d\u00e9clencher<br \/>\nune dynamique \u00e0 la gauche du PS ?<\/em> <\/strong><\/p>\n<p><strong>Pierre Khalfa:<\/strong> Comment \u00e9viter les pinces de la tenaille ? En mobilisant l\u2019\u00e9lectorat populaire<br \/>\npour imposer un programme radical de transformation<br \/>\nsociale en prenant appui sur des d\u00e9bats.<br \/>\nLa campagne contre le Trait\u00e9 \u00e9tablissant une<br \/>\nconstitution pour l\u2019Europe (TCE) a largement<br \/>\nmontr\u00e9 que quand les gens s\u2019emparent de la<br \/>\npolitique, ils s\u2019en emparent d\u2019une bonne fa\u00e7on.<br \/>\nIls n\u2019acceptent pas le n\u00e9olib\u00e9ralisme, ni les politiques<br \/>\nd\u2019aust\u00e9rit\u00e9 et, au contraire, ils recherchent<br \/>\nune v\u00e9ritable alternative, comme on a pu le voir<br \/>\npendant le mouvement des retraites.<\/p>\n<p><strong>Martine Billard:<\/strong> Nous avons une divergence<br \/>\nd\u2019analyse. Il est encore possible de construire<br \/>\nl\u2019outil, le Front de gauche en est le d\u00e9but. On<br \/>\nse retrouve sur le fait que le PS ne souhaite pas<br \/>\nremettre en cause les politiques d\u2019aust\u00e9rit\u00e9, ni<br \/>\nle trait\u00e9 de Lisbonne. L\u2019\u00e9lectorat populaire ne va<br \/>\nplus voter parce qu\u2019il n\u2019a plus confiance. L\u2019enjeu<br \/>\nest donc de convaincre cet \u00e9lectorat d\u2019aller voter<br \/>\nen lui proposant une offre alternative. Mais,<br \/>\ncraindre, d\u00e8s aujourd\u2019hui, un second tour Sarkozy &#8211; Le Pen, cela veut dire que cela ne vaut pas<br \/>\nla peine de se battre. Rien n\u2019est stabilis\u00e9 ! On<br \/>\nne sait pas ce qu\u2019il va se passer avec le NPA<br \/>\nou Europe Ecologie &#8211; Les Verts. Le champ politique<br \/>\nest encore tr\u00e8s ouvert. Le trou n\u2019est pas<br \/>\nque sur la question du candidat du premier tour :<br \/>\ndire que l\u2019on peut \u00e9tablir une dynamique par une<br \/>\nvotation citoyenne est tr\u00e8s optimiste, m\u00eame si<br \/>\nelle am\u00e8ne \u00e0 voter pour un programme radical,<br \/>\ncomment celui-ci pourrait \u00eatre repris par le candidat<br \/>\nde la social-d\u00e9mocratie ? Cet appel a un<br \/>\nc\u00f4t\u00e9 utopiste et na\u00eff qui n\u2019arme pas les militants<br \/>\npour se battre par rapport aux enjeux dans lesquels<br \/>\nnous nous retrouvons.<\/p>\n<p><strong>Pierre Khalfa:<\/strong> Cet appel a \u00e9t\u00e9 sign\u00e9 par des<br \/>\ngens que l\u2019on ne peut pas accuser de rouler<br \/>\npour le PS, ni d\u2019\u00eatre tr\u00e8s na\u00effs. Pour ma part,<br \/>\nj\u2019ai toujours pens\u00e9 que la cr\u00e9ation du Front de<br \/>\ngauche \u00e9tait une bonne chose. Si nous \u00e9tions<br \/>\nrationnels, il devrait \u00eatre possible d\u2019avoir une<br \/>\ncandidature unifi\u00e9e de la gauche de la gauche<br \/>\nau premier tour des \u00e9lections. Nous n\u2019en<br \/>\nsommes pas l\u00e0. Notre appel est aussi une proposition<br \/>\npour bouger \u00e7a.<\/p>\n<p><strong>Martine Billard:<\/strong> Il faut \u00e9videmment des d\u00e9bats<br \/>\npublics, il existe un texte \u00ab d\u00e9bats et strat\u00e9gie \u00bb<br \/>\ndu Front de gauche qui appelle \u00e0 des d\u00e9bats de<br \/>\nconfrontations politiques. Concernant les signataires<br \/>\nde l\u2019appel, il y a d\u00e9j\u00e0 une ambigu\u00eft\u00e9 : St\u00e9phane<br \/>\nHessel appelle \u00e0 soutenir la candidature<br \/>\nde Nicolas Hulot. Comme candidat de l\u2019autre<br \/>\ngauche, c\u2019est un peu rat\u00e9. Nicolas Hulot propose<br \/>\nm\u00eame des alliances avec le centre.<\/p>\n<p><strong>Pierre Khalfa:<\/strong> Je pense qu\u2019il faut juger Nicolas<br \/>\nHulot sur sa trajectoire qui est plut\u00f4t positive.<\/p>\n<p><strong>Martine Billard:<\/strong> Aujourd\u2019hui, on cherche \u00e0 se<br \/>\nbattre pour une dynamique de l\u2019autre gauche<br \/>\npour 2012. La personnification de l\u2019\u00e9lection<br \/>\npr\u00e9sidentielle est tr\u00e8s d\u00e9sagr\u00e9able, les gens<br \/>\nfinissent par voter pour un personnage et pas<br \/>\npour la force qui le porte. Aujourd\u2019hui, on dit :<br \/>\nallons-y ensemble, nos divergences ne nous opposent<br \/>\npas. Alain Krivine pose la question de la<br \/>\nparticipation gouvernementale, aucun membre<br \/>\ndu Front de gauche ne souhaite participer au gouvernement. Jean-Luc M\u00e9lenchon a dit qu\u2019il<br \/>\nne serait pas ministre dans un gouvernement qui<br \/>\nne mettrait pas en cause les politiques d\u2019aust\u00e9rit\u00e9s<br \/>\net le trait\u00e9 de Lisbonne. D\u2019ailleurs, sans<br \/>\nces deux conditions, je ne vois pas comment<br \/>\nchanger les politiques sociales, \u00e9conomiques et<br \/>\n\u00e9cologiques de ce pays. Battons-nous sur cette<br \/>\nperspective, les membres de cet appel ont d\u00e9j\u00e0<br \/>\nd\u00e9cid\u00e9 que ce n\u2019\u00e9tait pas possible.<\/p>\n<p><strong>Pierre Khalfa:<\/strong> Non, ce n\u2019est pas vrai. Je partage<br \/>\nl\u2019id\u00e9e que c\u2019est possible de s\u2019allier \u00e0<br \/>\ngauche du PS. La d\u00e9marche que nous proposons<br \/>\npeut aussi aider \u00e0 cela. Cela ne s\u2019oppose<br \/>\npas et m\u00eame cela devrait pouvoir se compl\u00e9ter.<br \/>\nSi on arrive \u00e0 cr\u00e9er cette dynamique populaire,<br \/>\non aura fait un pas en avant consid\u00e9rable. Essayons<br \/>\nau moins de faire \u00e7a ensemble et la vie<br \/>\ntranchera sur le reste.<\/p>\n<p><strong>Martine Billard:<\/strong> Une dynamique ne se cr\u00e9e pas<br \/>\nque sur des d\u00e9bats. Les d\u00e9bats sont l\u00e0 aussi<br \/>\npour cr\u00e9er un mouvement. Et sur ce point l\u2019appel<br \/>\np\u00eache un peu. Je ne trouve pas cela s\u00e9rieux. Les<br \/>\nd\u00e9bats doivent avoir pour objectif de construire<br \/>\nune force alternative dans ce pays pour passer<br \/>\nen t\u00eate de la gauche.<\/p>\n<p><strong> <em>L\u2019appel a \u00e9t\u00e9 titr\u00e9 \u00ab 2012 : des primaires<br \/>\npour toute la gauche \u00bb par<\/em> Lib\u00e9ration.<br \/>\n<em>Christine Poupin et Myriam Martin,<br \/>\nporte-paroles du NPA, trouvent que<br \/>\nc\u2019est une fausse bonne id\u00e9e, Cl\u00e9mentine<br \/>\nAutain et Roger Martelli notamment<br \/>\nont publi\u00e9 une tribune dans<\/em> Le Monde <em>[[\u00ab Pour une candidature de la gauche de transformation<br \/>\nsociale et \u00e9cologique en 2012 \u00bb,<em> Le Monde<\/em><br \/>\ndu 5 mai 2011, \u00e0 lire sur lemonde.fr]]<br \/>\nprolongeant cette id\u00e9e. D\u2019o\u00f9 vient cette<br \/>\nconfusion ?<\/em> <\/strong><\/p>\n<p><strong>Pierre Khalfa:<\/strong> Le titre a \u00e9t\u00e9 chang\u00e9 par <em>Lib\u00e9<\/em>,<br \/>\nmais cela ne change rien sur le fond : la question<br \/>\ncentrale reste les programmes et les contenus.<br \/>\nLe texte ne dit nulle part qu\u2019on veut organiser<br \/>\ndes primaires sur les candidats.<\/p>\n<p><strong>Martine Billard:<\/strong> Sauf que le premier texte paru<br \/>\nest celui de <em>Lib\u00e9<\/em>. Au-del\u00e0 de la question du titre,<br \/>\nil n\u2019est pas fait mention du Front de gauche, ce<br \/>\nqui donne l\u2019impression qu\u2019on est dans un espace<br \/>\npolitique o\u00f9 il n\u2019existe pas de d\u00e9marche<br \/>\nde rassemblement de l\u2019autre gauche. De plus<br \/>\nil faudrait que le programme qui \u00e9manera de<br \/>\ncette d\u00e9marche serve au candidat commun.<br \/>\nNous n\u2019y croyons pas.<\/p>\n<p><strong>Pierre Khalfa:<\/strong> Nous ne sommes pas na\u00effs au<br \/>\npoint de penser qu\u2019un programme de la gauche<br \/>\nen rupture avec le Trait\u00e9 de Lisbonne puisse<br \/>\n\u00eatre port\u00e9 par le Parti socialiste. Nous pensons<br \/>\nque ceux qui seront g\u00ean\u00e9s aux entournures par<br \/>\nun tel programme seront ceux qui portent les<br \/>\npolitiques sociales lib\u00e9rales. Si nous y arrivons,<br \/>\ncela donnera de l\u2019air \u00e0 toutes les forces qui<br \/>\ncontestent la domination sociale lib\u00e9rale sur la<br \/>\ngauche fran\u00e7aise.<\/p>\n<div id='gallery-1' class='gallery galleryid-4878 gallery-columns-3 gallery-size-thumbnail'><figure class='gallery-item'>\n\t\t\t<div class='gallery-icon landscape'>\n\t\t\t\t<a href='https:\/\/archives.regards.fr\/wp-content\/uploads\/2011\/06\/debx-6bc.jpg'><img loading=\"lazy\" decoding=\"async\" width=\"150\" height=\"150\" src=\"https:\/\/archives.regards.fr\/wp-content\/uploads\/2011\/06\/debx-6bc-150x150.jpg\" class=\"attachment-thumbnail size-thumbnail\" alt=\"debx.jpg\" \/><\/a>\n\t\t\t<\/div><\/figure>\n\t\t<\/div>\n\n","protected":false},"excerpt":{"rendered":"<p>Alors que la gauche de gauche peine \u00e0 sortir de sa torpeur,<br \/>\ndes personnalit\u00e9s d\u2019Attac et de Copernic, dont Pierre Khalfa,<br \/>\nont lanc\u00e9 un appel. L\u2019objectif : impulser des d\u00e9bats publics pour<br \/>\n\u00e9laborer un programme commun de la gauche pour 2012.<br \/>\nMartine Billard estime que le Front de gauche doit en \u00eatre l\u2019outil. D\u00e9bat \u00e0 lire ci-dessous et \u00e0 <a href=\"https:\/\/wp.muchomaas.com\/politique\/comment-rassembler-l-electorat-de\">retrouver en vid\u00e9o<\/a> sur regards.fr<\/p>\n","protected":false},"author":1,"featured_media":15087,"comment_status":"open","ping_status":"open","sticky":false,"template":"","format":"standard","meta":{"_themeisle_gutenberg_block_has_review":false,"footnotes":""},"categories":[141],"tags":[290,295],"class_list":["post-4878","post","type-post","status-publish","format-standard","has-post-thumbnail","hentry","category-archives-web","tag-elections","tag-nupes"],"_links":{"self":[{"href":"https:\/\/archives.regards.fr\/index.php?rest_route=\/wp\/v2\/posts\/4878","targetHints":{"allow":["GET"]}}],"collection":[{"href":"https:\/\/archives.regards.fr\/index.php?rest_route=\/wp\/v2\/posts"}],"about":[{"href":"https:\/\/archives.regards.fr\/index.php?rest_route=\/wp\/v2\/types\/post"}],"author":[{"embeddable":true,"href":"https:\/\/archives.regards.fr\/index.php?rest_route=\/wp\/v2\/users\/1"}],"replies":[{"embeddable":true,"href":"https:\/\/archives.regards.fr\/index.php?rest_route=%2Fwp%2Fv2%2Fcomments&post=4878"}],"version-history":[{"count":0,"href":"https:\/\/archives.regards.fr\/index.php?rest_route=\/wp\/v2\/posts\/4878\/revisions"}],"wp:featuredmedia":[{"embeddable":true,"href":"https:\/\/archives.regards.fr\/index.php?rest_route=\/wp\/v2\/media\/15087"}],"wp:attachment":[{"href":"https:\/\/archives.regards.fr\/index.php?rest_route=%2Fwp%2Fv2%2Fmedia&parent=4878"}],"wp:term":[{"taxonomy":"category","embeddable":true,"href":"https:\/\/archives.regards.fr\/index.php?rest_route=%2Fwp%2Fv2%2Fcategories&post=4878"},{"taxonomy":"post_tag","embeddable":true,"href":"https:\/\/archives.regards.fr\/index.php?rest_route=%2Fwp%2Fv2%2Ftags&post=4878"}],"curies":[{"name":"wp","href":"https:\/\/api.w.org\/{rel}","templated":true}]}}