{"id":4867,"date":"2011-05-27T14:26:45","date_gmt":"2011-05-27T12:26:45","guid":{"rendered":"https:\/\/wp.muchomaas.com\/au-sommaire-du-numero-11-juin-20114867\/"},"modified":"2023-06-24T17:44:12","modified_gmt":"2023-06-24T15:44:12","slug":"au-sommaire-du-numero-11-juin-20114867","status":"publish","type":"post","link":"https:\/\/archives.regards.fr\/?p=4867","title":{"rendered":"Au sommaire du num\u00e9ro 11 &#8211; Juin 2011"},"content":{"rendered":"<p>Dans le num\u00e9ro 11 de Regards, juin 2011, en vente en kiosque pour 5,90\u20ac  :<\/p>\n<p><strong>Du Caire \u00e0 Madrid, les peuples continuent de se soulever<\/strong>. La question de la repr\u00e9sentation se pose partout, <a href=\"https:\/\/wp.muchomaas.com\/politique\/du-caire-a-madrid\">\u00e9ditorial de R\u00e9mi Douat<\/a>.<\/p>\n<p>Dans <strong>le Bloc-Notes<\/strong> de la r\u00e9daction : <a href=\"https:\/\/wp.muchomaas.com\/environnement\/plastiques-eboueurs-des-mers\">la chasse au plastoque<\/a> dans les oc\u00e9ans, <a href=\"https:\/\/wp.muchomaas.com\/migrations\/esther-benbassa-accuse-la-cnhi-de\">la CNHI fait-elle de la censure?<\/a> Et trois questions \u00e0 <strong>Kamel Saleh<\/strong>, cin\u00e9aste r\u00e9alisateur marseillais.<\/p>\n<p><a href=\"https:\/\/wp.muchomaas.com\/societe\/journalistes-au-peril-de-leur-foie\">Bien manger, bien boire, bien dormir, certains journalistes adorent \u00e7a<\/a>. Alors quand on leur offre le tout gratos, il \u00e9crivent des jolis papiers tourisme\/gastronomie pas contrariants pour un sou. <strong>D\u00e9cryptage m\u00e9dias.<\/strong><\/p>\n<p>Eternel d\u00e9bat fran\u00e7ais: <a href=\"https:\/\/wp.muchomaas.com\/politique\/une-gauche-unie-pour-2012\">quelle unit\u00e9 pour la gauche en 2012<\/a>? <strong>Pierre Khalfa<\/strong> de Copernic et Attac, deux organisations \u00e0 l&#8217;origine d&#8217;un r\u00e9cent appel, et <strong>Martine Billard<\/strong> du Front de gauche en discutent. <strong>C&#8217;est la Controverse du mois<\/strong>.<\/p>\n<p><strong>Le dossier est consacr\u00e9 \u00e0 la construction europ\u00e9enne<\/strong>, un projet qui vacille sous les coups des plans de rigueur et des replis x\u00e9nophobes. <a href=\"https:\/\/wp.muchomaas.com\/politique\/europe-la-democratie-en-berne\">D\u00e9ficit de d\u00e9mocratie dans les institutions<\/a>, failles de la monnaie unique invitant \u00e0 penser <a href=\"https:\/\/wp.muchomaas.com\/economie\/pour-un-autre-euro\">un autre euro<\/a>. Le politologue <strong><a href=\"https:\/\/wp.muchomaas.com\/politique\/quand-les-droites-s-affirment\">Jean-Yves Camus<\/a><\/strong><a href=\"https:\/\/wp.muchomaas.com\/politique\/quand-les-droites-s-affirment\"> analyse la pouss\u00e9e des droites populistes<\/a> sur le continent. Tandis que le pi\u00e8ge de <a href=\"https:\/\/wp.muchomaas.com\/migrations\/europe-forteresse-le-piege-se\">l&#8217;Europe forteresse<\/a> tend \u00e0 se refermer, <a href=\"https:\/\/wp.muchomaas.com\/monde\/politique-exterieure-europeenne-le\">l&#8217;Ue peine toujours \u00e0 d\u00e9ployer une diplomatie<\/a> coh\u00e9rente et efficace. Pour le philosophe <strong>Etienne Balibar<\/strong>, <a href=\"https:\/\/wp.muchomaas.com\/idees\/etienne-balibar-les-grandes\">l&#8217;Europe est aujourd&#8217;hui \u00e0 la crois\u00e9e des chemins<\/a>.<\/p>\n<p>&#8220;<em>La tonalit\u00e9 des commentaires dans les deux jours suivant l\u2019annonce de <strong>l\u2019arrestation de Dominique Strauss-Kahn<\/strong>, est symptomatique d\u2019<a href=\"https:\/\/wp.muchomaas.com\/societe\/affaire-dsk-l-impensable-viol\">une soci\u00e9t\u00e9 qui maintient le viol dans un tabou<\/a> et prot\u00e8ge les puissants<\/em>&#8220;, estime <strong>Cl\u00e9mentine Autain<\/strong> qui revient sur l&#8217;affaire DSK.<\/p>\n<p><a href=\"https:\/\/wp.muchomaas.com\/monde\/revolutions-arabes-ou-va-chavez\"><strong>Chavez<\/strong>, les r\u00e9volutions arabes<\/a>, les dictateurs qui tombent&#8230; <strong>quand le discours anti-imp\u00e9rialiste se transforme en oeill\u00e8res contre-r\u00e9volutionnaires<\/strong>.<\/p>\n<p>Deuxi\u00e8me \u00e9tape de notre s\u00e9rie de reportages sur les fran\u00e7ais et la politique, jusqu&#8217;aux \u00e9lections de mai 2012. <strong>Apr\u00e8s la Lorraine, la Bretagne<\/strong>. <a href=\"https:\/\/wp.muchomaas.com\/politique\/pouvoir-d-achat-l-attente-des\">Dans le Morbihan, les ouvriers voudraient bien voir leur pouvoir d&#8217;achat augmenter<\/a>.<\/p>\n<p>Un grand a\u00e9roport du c\u00f4t\u00e9 de Nantes? Une bonne partie de la population n&#8217;en veut pas. <strong>Reportage.<\/strong><\/p>\n<p>Enqu\u00eate sur <strong><a href=\"https:\/\/wp.muchomaas.com\/societe\/les-mouches-les-yeux-de-la-ratp\">les &#8220;mouches&#8221; de la Ratp<\/a>, ces agents de la brigade de surveillance du personnel<\/strong> charg\u00e9 de guetter, consigner et rapporter les comportements des salari\u00e9s.<\/p>\n<p><strong>Marx a influenc\u00e9 nombre de philosophes contemporains<\/strong>. <a href=\"https:\/\/wp.muchomaas.com\/idees\/sur-la-planete-marx\"><strong>Isabelle Garo<\/strong> s&#8217;y est int\u00e9ress\u00e9e<\/a> et plusieurs ouvrages r\u00e9cemment parus permettent de fouiller plus avant la question.<\/p>\n<p>Au cin\u00e9ma, <strong> <a href=\"https:\/\/wp.muchomaas.com\/culture\/des-vies-en-iran\"><em>Une s\u00e9paration<\/em>, film iranien d&#8217;Asghar Farhadi <\/a><\/strong>, ours d&#8217;or \u00e0 Berlin, sera sur les \u00e9crans le 8 juin.<\/p>\n<p><strong>Ham\u00e9 et Ekou\u00e9 du groupe hip-hop La rumeur<\/strong> lance leur premi\u00e8re s\u00e9rie t\u00e9l\u00e9. C&#8217;est sur Canal +,<a href=\"https:\/\/wp.muchomaas.com\/culture\/la-rumeur-jette-l-encre-sur-canal\"> \u00e7a s&#8217;appelle <em>De l&#8217;encre<\/em> et \u00e7a parle de rap<\/a>.<\/p>\n<p><a href=\"https:\/\/wp.muchomaas.com\/culture\/chroniques-berlinoises-du-theatre\">La rubrique Cr\u00e9ations est partie \u00e0 Berlin<\/a>, o\u00f9 tout est possible: <strong>la rencontre d&#8217;un autre syst\u00e8me th\u00e9\u00e2tral et celle avec Fran\u00e7ois Hollande<\/strong>.<\/p>\n<p><strong>Patrick Braouezec<\/strong>, figure politique du mouvement des refondateurs communistes et de la Seine Saint-Denis a quitt\u00e9 le PCF il y a un an. <a href=\"https:\/\/wp.muchomaas.com\/politique\/patrick-braouezec-il-n-y-a-pas-d\">Il nous parle de la gauche, du foot, du grand Paris, de 2012&#8230; <\/a>C&#8217;est le grand entretien de juin.<\/p>\n<p>Et tous les rendez-vous du mensuel : les chroniques de <strong><a href=\"https:\/\/wp.muchomaas.com\/nos-regards\/michel-husson\/sortir-de-l-euro\">Michel Husson<\/a>, <a href=\"https:\/\/wp.muchomaas.com\/nos-regards\/eric-fassin\/genre-classe-race-une-histoire-de\">Eric Fassin<\/a>, <a href=\"https:\/\/wp.muchomaas.com\/nos-regards\/arnaud-viviant\/badiou-et-sartre\">Arnaud Viviant<\/a>, <a href=\"https:\/\/wp.muchomaas.com\/nos-regards\/leila-chaibi\/vous-avez-dit-civique\">Le\u00efla Chaibi<\/a>, Soyons Sport<\/strong>, <a href=\"https:\/\/wp.muchomaas.com\/nos-selections\/\">nos s\u00e9lections<\/a> essais et culture.<\/p>\n","protected":false},"excerpt":{"rendered":"<p>Dans le num\u00e9ro 11 de Regards, juin 2011, en vente en kiosque pour 5,90\u20ac : Du Caire \u00e0 Madrid, les peuples continuent de se soulever. La question de la repr\u00e9sentation se pose partout, \u00e9ditorial de R\u00e9mi Douat. Dans le Bloc-Notes de la r\u00e9daction : la chasse au plastoque dans les oc\u00e9ans, la CNHI fait-elle de [&hellip;]<\/p>\n","protected":false},"author":1,"featured_media":0,"comment_status":"closed","ping_status":"open","sticky":false,"template":"","format":"standard","meta":{"_themeisle_gutenberg_block_has_review":false,"footnotes":""},"categories":[262],"tags":[371],"class_list":["post-4867","post","type-post","status-publish","format-standard","hentry","category-archives","tag-sommaire"],"_links":{"self":[{"href":"https:\/\/archives.regards.fr\/index.php?rest_route=\/wp\/v2\/posts\/4867","targetHints":{"allow":["GET"]}}],"collection":[{"href":"https:\/\/archives.regards.fr\/index.php?rest_route=\/wp\/v2\/posts"}],"about":[{"href":"https:\/\/archives.regards.fr\/index.php?rest_route=\/wp\/v2\/types\/post"}],"author":[{"embeddable":true,"href":"https:\/\/archives.regards.fr\/index.php?rest_route=\/wp\/v2\/users\/1"}],"replies":[{"embeddable":true,"href":"https:\/\/archives.regards.fr\/index.php?rest_route=%2Fwp%2Fv2%2Fcomments&post=4867"}],"version-history":[{"count":0,"href":"https:\/\/archives.regards.fr\/index.php?rest_route=\/wp\/v2\/posts\/4867\/revisions"}],"wp:attachment":[{"href":"https:\/\/archives.regards.fr\/index.php?rest_route=%2Fwp%2Fv2%2Fmedia&parent=4867"}],"wp:term":[{"taxonomy":"category","embeddable":true,"href":"https:\/\/archives.regards.fr\/index.php?rest_route=%2Fwp%2Fv2%2Fcategories&post=4867"},{"taxonomy":"post_tag","embeddable":true,"href":"https:\/\/archives.regards.fr\/index.php?rest_route=%2Fwp%2Fv2%2Ftags&post=4867"}],"curies":[{"name":"wp","href":"https:\/\/api.w.org\/{rel}","templated":true}]}}