{"id":4839,"date":"2011-05-17T09:00:00","date_gmt":"2011-05-17T07:00:00","guid":{"rendered":"https:\/\/wp.muchomaas.com\/le-gout-du-partage4839\/"},"modified":"2023-06-23T23:08:29","modified_gmt":"2023-06-23T21:08:29","slug":"le-gout-du-partage4839","status":"publish","type":"post","link":"https:\/\/archives.regards.fr\/?p=4839","title":{"rendered":"Le go\u00fbt du partage"},"content":{"rendered":"<p class=\"post_excerpt\">Les initiatives se multiplient pour donner<br \/>\nenvie de manger bien et bon.<br \/>\nPar la mise en commun des savoir faire,<br \/>\ndu jardin mara\u00eecher \u00e0 l\u2019assiette, on<br \/>\napprend \u00e0 valoriser les produits tout en se<br \/>\nfaisant plaisir.<\/p>\n<p>\u00ab <em>Tout ce qui n\u2019est pas donn\u00e9 est perdu <\/em> \u00bb, alors<br \/>\nils donnent. C\u2019est ce qu\u2019explique Jeannine Coureau,<br \/>\nla complice du philosophe et grand h\u00e9doniste<br \/>\nMichel Onfray \u00e0 l\u2019Universit\u00e9 populaire du<br \/>\ngo\u00fbt d\u2019Argentan (Orne), o\u00f9 les cuistots se succ\u00e8dent<br \/>\npour faire d\u00e9couvrir les joies du savoir et<br \/>\nde la graille partag\u00e9s. L\u2019\u00e9quipe, enthousiaste et<br \/>\nb\u00e9n\u00e9vole, a son jardin et son restaurant de r\u00e9insertion,<br \/>\net propose des conf\u00e9rences sur ce que<br \/>\nces gourmands d\u2019\u00e9crivains (Montaigne, Colette,<br \/>\nRousseau\u2026) se mettaient sous la dent. L\u2019h\u00e9donisme<br \/>\npartag\u00e9 devient politique. \u00ab<em> Nos \u201c\u00e9tudiants\u201d<br \/>\nsont des gourmands, dans tous les sens<br \/>\ndu terme, des curieux, des amoureux.<\/em> \u00bb<\/p>\n<p>En Ard\u00e8che, l\u2019initiative \u00ab les entretiens bio \u00bb dont<br \/>\nla troisi\u00e8me \u00e9dition s\u2019est tenue \u00e0 Annonay sur le<br \/>\nth\u00e8me \u00ab La bio dans les \u00e9toiles \u00bb, entend \u00ab <em>valoriser<br \/>\nles savoir-faire de grands chefs \u00e9toil\u00e9s qui,<br \/>\nsensibilis\u00e9s par l\u2019urgence et l\u2019importance d\u2019une<br \/>\nalimentation saine au quotidien, donnent du<br \/>\nsens \u00e0 leur cuisine et en valorisant des produits<br \/>\nde terroirs, locaux et biologiques <\/em> \u00bb.<\/p>\n<p>L\u2019acte de manger \u2013 bien \u2013 a ceci de particulier<br \/>\nqu\u2019il est souvent un levier vers des am\u00e9liorations<br \/>\nsociales, du particulier au g\u00e9n\u00e9ral : cet \u00e9lan vers<br \/>\nle bon, aux deux sens du terme, est un moyen<br \/>\ncertes d\u2019aborder la question des pratiques alimentaires,<br \/>\nles probl\u00e8mes de surpoids, mais aussi<br \/>\nun moyen de se retrouver, d\u2019\u00e9changer, de se<br \/>\nremettre sur pieds\u2026 Ce constat pousse nombre<br \/>\nd\u2019associations militantes du \u00ab mangez bio \u00bb \u00e0<br \/>\naccompagner aussi certains de leurs membres<br \/>\nvers une (r\u00e9)appropriation des \u00ab bons produits<br \/>\nde chez nous \u00bb.<\/p>\n<h2>\u00ab Paniers solidaires\u2009\u00bb<\/h2>\n<p>Cocagne est un r\u00e9seau de jardins mara\u00eechers<br \/>\nqui emploie des personnes en difficult\u00e9. \u00ab<em> Vous<br \/>\navez besoin de l\u00e9gumes, ils ont besoin de travail<\/em><br \/>\n\u00bb, le principe est simple et fournit 20 000 familles.<br \/>\nMais cette ann\u00e9e, douze de ces structures<br \/>\ntentent l\u2019exp\u00e9rience du \u00ab panier solidaire \u00bb,<br \/>\npour que des familles qui ne peuvent s\u2019offrir ce<br \/>\nluxe aient acc\u00e8s \u00e0 des l\u00e9gumes frais, bio, \u00e0 faible<br \/>\nco\u00fbt. L\u2019initiative touche 200 foyers et, si elle est<br \/>\nconcluante, devrait \u00eatre g\u00e9n\u00e9ralis\u00e9e \u00e0 l\u2019ensemble<br \/>\ndu r\u00e9seau. En parall\u00e8le, consciente que le prix<br \/>\nn\u2019est pas le seul frein \u00e0 une bonne alimentation,<br \/>\nl\u2019association conseille les familles sur la pr\u00e9paration,<br \/>\nla conservation des aliments et leur valeur<br \/>\nnutritionnelle. Elle insiste aussi sur la notion de<br \/>\npartage et de valorisation de soi que produisent<br \/>\nun potager puis un plat r\u00e9ussis. De la terre<br \/>\njusqu\u2019\u00e0 l\u2019assiette, on est loin de la caisse automatique<br \/>\ndu supermarch\u00e9.<br \/>\n<div id='gallery-1' class='gallery galleryid-4839 gallery-columns-3 gallery-size-thumbnail'><figure class='gallery-item'>\n\t\t\t<div class='gallery-icon landscape'>\n\t\t\t\t<a href='https:\/\/archives.regards.fr\/wp-content\/uploads\/2011\/05\/food_bandeau-2-657.jpg'><img loading=\"lazy\" decoding=\"async\" width=\"150\" height=\"122\" src=\"https:\/\/archives.regards.fr\/wp-content\/uploads\/2011\/05\/food_bandeau-2-657-150x122.jpg\" class=\"attachment-thumbnail size-thumbnail\" alt=\"Le go\u00fbt du partage\" aria-describedby=\"gallery-1-15014\" \/><\/a>\n\t\t\t<\/div>\n\t\t\t\t<figcaption class='wp-caption-text gallery-caption' id='gallery-1-15014'>\n\t\t\t\tLe go\u00fbt du partage\n\t\t\t\t<\/figcaption><\/figure>\n\t\t<\/div>\n<\/p>\n","protected":false},"excerpt":{"rendered":"<p>Les initiatives se multiplient pour donner<br \/>\nenvie de manger bien et bon.<br \/>\nPar la mise en commun des savoir faire,<br \/>\ndu jardin mara\u00eecher \u00e0 l\u2019assiette, on<br \/>\napprend \u00e0 valoriser les produits tout en se<br \/>\nfaisant plaisir.<\/p>\n","protected":false},"author":1,"featured_media":15014,"comment_status":"open","ping_status":"open","sticky":false,"template":"","format":"standard","meta":{"_themeisle_gutenberg_block_has_review":false,"footnotes":""},"categories":[141],"tags":[389],"class_list":["post-4839","post","type-post","status-publish","format-standard","has-post-thumbnail","hentry","category-archives-web","tag-solidarite"],"_links":{"self":[{"href":"https:\/\/archives.regards.fr\/index.php?rest_route=\/wp\/v2\/posts\/4839","targetHints":{"allow":["GET"]}}],"collection":[{"href":"https:\/\/archives.regards.fr\/index.php?rest_route=\/wp\/v2\/posts"}],"about":[{"href":"https:\/\/archives.regards.fr\/index.php?rest_route=\/wp\/v2\/types\/post"}],"author":[{"embeddable":true,"href":"https:\/\/archives.regards.fr\/index.php?rest_route=\/wp\/v2\/users\/1"}],"replies":[{"embeddable":true,"href":"https:\/\/archives.regards.fr\/index.php?rest_route=%2Fwp%2Fv2%2Fcomments&post=4839"}],"version-history":[{"count":0,"href":"https:\/\/archives.regards.fr\/index.php?rest_route=\/wp\/v2\/posts\/4839\/revisions"}],"wp:featuredmedia":[{"embeddable":true,"href":"https:\/\/archives.regards.fr\/index.php?rest_route=\/wp\/v2\/media\/15014"}],"wp:attachment":[{"href":"https:\/\/archives.regards.fr\/index.php?rest_route=%2Fwp%2Fv2%2Fmedia&parent=4839"}],"wp:term":[{"taxonomy":"category","embeddable":true,"href":"https:\/\/archives.regards.fr\/index.php?rest_route=%2Fwp%2Fv2%2Fcategories&post=4839"},{"taxonomy":"post_tag","embeddable":true,"href":"https:\/\/archives.regards.fr\/index.php?rest_route=%2Fwp%2Fv2%2Ftags&post=4839"}],"curies":[{"name":"wp","href":"https:\/\/api.w.org\/{rel}","templated":true}]}}