{"id":4837,"date":"2011-05-14T00:05:00","date_gmt":"2011-05-13T22:05:00","guid":{"rendered":"https:\/\/wp.muchomaas.com\/comment-rassembler-l-electorat-de4837\/"},"modified":"2023-06-23T23:08:28","modified_gmt":"2023-06-23T21:08:28","slug":"comment-rassembler-l-electorat-de4837","status":"publish","type":"post","link":"https:\/\/archives.regards.fr\/?p=4837","title":{"rendered":"Comment rassembler l&#8217;\u00e9lectorat de gauche en 2012 ? Pierre Khalfa &#8211; Martine Billard, la vid\u00e9o du d\u00e9bat"},"content":{"rendered":"<p class=\"post_excerpt\">Fin avril, \u00e0 l&#8217;initiative de personnalit\u00e9s de la Fondation Copernic et d&#8217;Attac, paraissait dans <em>Lib\u00e9ration<\/em> puis dans <em>Politis<\/em>, un appel \u00e0 une &#8220;insurrection civique et d\u00e9mocratique&#8221;. L&#8217;id\u00e9e: cr\u00e9er des d\u00e9bats publics pour construire un programme de gauche en vue de 2012 avant, \u00e9ventuellement, de d\u00e9signer un candidat unitaire. Le texte, soup\u00e7onn\u00e9 de servir \u00e0 terme les int\u00e9r\u00eats du PS, a provoqu\u00e9 des r\u00e9actions virulentes au sein de la gauche radicale. Pierre Khalfa, porte-parole de Solidaires, membre d&#8217;Attac et signataire de l&#8217;appel, et Martine Billard, co-pr\u00e9sidente du Parti de gauche et d\u00e9put\u00e9e de Paris sont venus en d\u00e9battre \u00e0 <em>Regards<\/em>.<\/p>\n<h2>Premi\u00e8re partie<\/h2>\n<p><strong>Pierre Khalfa<\/strong>: &#8220;<em>Ce texte dit que nous avons moins besoin de discussion sur les personnes que sur les contenus<\/em>&#8220;. <\/p>\n<p><strong>Martine Billard<\/strong>: &#8220;<em> Quand je lis ce texte, j&#8217;ai l&#8217;impression d&#8217;une vision des choses catastrophiste qui consid\u00e8re que les rapports de force sont d\u00e9j\u00e0 gel\u00e9s<\/em>&#8220;.<\/p>\n<p><iframe loading=\"lazy\" width=\"440\" height=\"340\" src=\"http:\/\/www.youtube.com\/embed\/dMdaj1Lkwko\" frameborder=\"0\" allowfullscreen><\/iframe><\/p>\n<h2> Seconde partie<\/h2>\n<p><strong>Martine Billard<\/strong>: &#8220;<em>Nous disons aux camarades qui ont sign\u00e9 cet appel: venez avec nous pour construire un front de gauche le plus ample possible<\/em>&#8221;<\/p>\n<p><strong>Pierre Khalfa<\/strong>: &#8220;<em>Il y a peu de probabilit\u00e9s que, par un simple jeu d&#8217;appareil et de discussions, l&#8217;\u00e9clatement de la gauche de gauche soit d\u00e9pass\u00e9<\/em>&#8221;<\/p>\n<p><iframe loading=\"lazy\" width=\"440\" height=\"340\" src=\"http:\/\/www.youtube.com\/embed\/DBVWnbc87fg\" frameborder=\"0\" allowfullscreen><\/iframe><\/p>\n<h2>Troisi\u00e8me partie<\/h2>\n<p><strong>Pierre Khalfa<\/strong>: &#8220;<em>Il me semble qu&#8217;aujourd&#8217;hui, les forces de la gauche de gauche auraient tout int\u00e9r\u00eat \u00e0 se lancer dans ce processus de d\u00e9bat public qui est susceptible de leur redonner des marges de manoeuvre dans une situation bloqu\u00e9e<\/em>&#8221;<\/p>\n<p><strong>Martine Billard<\/strong>: &#8220;<em>Oui, allons au d\u00e9bat mais ce d\u00e9bat doit avoir un objectif de dynamique, de construction parce que, au-del\u00e0 de l&#8217;\u00e9lection, nous voulons construire une force politique qui a vocation \u00e0 passer en t\u00eate de la gauche<\/em>&#8221;<\/p>\n<p><iframe loading=\"lazy\" width=\"440\" height=\"340\" src=\"http:\/\/www.youtube.com\/embed\/i9Ksr7bbuWk\" frameborder=\"0\" allowfullscreen><\/iframe><\/p>\n<h2> Quatri\u00e8me et derni\u00e8re partie<\/h2>\n<p><strong>Martine Billard<\/strong>: &#8220;<em>On a l&#8217;impression en lisant ce texte qu&#8217;on est dans un espace politique o\u00f9 rien n&#8217;existe de volont\u00e9 et de d\u00e9marche de rassemblement de l&#8217;autre gauche, ce qui pose un petit probl\u00e8me car ce n&#8217;est pas la r\u00e9alit\u00e9<\/em>&#8221;<\/p>\n<p><strong>Pierre Khalfa<\/strong>: &#8220;<em>Notre appel ne dit nulle part que l&#8217;on veut organiser des primaires sur les candidats. Ce n&#8217;est pas notre probl\u00e8me et ce n&#8217;est pas \u00e7a qui est \u00e9crit.<\/em>&#8221;<\/p>\n<p><iframe loading=\"lazy\" width=\"440\" height=\"340\" src=\"http:\/\/www.youtube.com\/embed\/LwWrkoCIeT0\" frameborder=\"0\" allowfullscreen><\/iframe><\/p>\n<div id='gallery-1' class='gallery galleryid-4837 gallery-columns-3 gallery-size-thumbnail'><figure class='gallery-item'>\n\t\t\t<div class='gallery-icon landscape'>\n\t\t\t\t<a href='https:\/\/archives.regards.fr\/wp-content\/uploads\/2011\/05\/appel_bandeau-3af.jpg'><img loading=\"lazy\" decoding=\"async\" width=\"150\" height=\"122\" src=\"https:\/\/archives.regards.fr\/wp-content\/uploads\/2011\/05\/appel_bandeau-3af-150x122.jpg\" class=\"attachment-thumbnail size-thumbnail\" alt=\"Comment rassembler l&#039;\u00e9lectorat de gauche en 2012 ? Pierre Khalfa - Martine Billard, la vid\u00e9o du d\u00e9bat\" aria-describedby=\"gallery-1-15009\" \/><\/a>\n\t\t\t<\/div>\n\t\t\t\t<figcaption class='wp-caption-text gallery-caption' id='gallery-1-15009'>\n\t\t\t\tComment rassembler l&#8217;\u00e9lectorat de gauche en 2012 ? Pierre Khalfa &#8211; Martine Billard, la vid\u00e9o du d\u00e9bat\n\t\t\t\t<\/figcaption><\/figure>\n\t\t<\/div>\n\n","protected":false},"excerpt":{"rendered":"<p>Fin avril, \u00e0 l&#8217;initiative de personnalit\u00e9s de la Fondation Copernic et d&#8217;Attac, paraissait dans <em>Lib\u00e9ration<\/em> puis dans <em>Politis<\/em>, un appel \u00e0 une &#8220;insurrection civique et d\u00e9mocratique&#8221;. L&#8217;id\u00e9e: cr\u00e9er des d\u00e9bats publics pour construire un programme de gauche en vue de 2012 avant, \u00e9ventuellement, de d\u00e9signer un candidat unitaire. Le texte, soup\u00e7onn\u00e9 de servir \u00e0 terme les int\u00e9r\u00eats du PS, a provoqu\u00e9 des r\u00e9actions virulentes au sein de la gauche radicale. Pierre Khalfa, porte-parole de Solidaires, membre d&#8217;Attac et signataire de l&#8217;appel, et Martine Billard, co-pr\u00e9sidente du Parti de gauche et d\u00e9put\u00e9e de Paris sont venus en d\u00e9battre \u00e0 <em>Regards<\/em>.<\/p>\n","protected":false},"author":1,"featured_media":15009,"comment_status":"open","ping_status":"open","sticky":false,"template":"","format":"standard","meta":{"_themeisle_gutenberg_block_has_review":false,"footnotes":""},"categories":[141],"tags":[290,293,295],"class_list":["post-4837","post","type-post","status-publish","format-standard","has-post-thumbnail","hentry","category-archives-web","tag-elections","tag-entretien","tag-nupes"],"_links":{"self":[{"href":"https:\/\/archives.regards.fr\/index.php?rest_route=\/wp\/v2\/posts\/4837","targetHints":{"allow":["GET"]}}],"collection":[{"href":"https:\/\/archives.regards.fr\/index.php?rest_route=\/wp\/v2\/posts"}],"about":[{"href":"https:\/\/archives.regards.fr\/index.php?rest_route=\/wp\/v2\/types\/post"}],"author":[{"embeddable":true,"href":"https:\/\/archives.regards.fr\/index.php?rest_route=\/wp\/v2\/users\/1"}],"replies":[{"embeddable":true,"href":"https:\/\/archives.regards.fr\/index.php?rest_route=%2Fwp%2Fv2%2Fcomments&post=4837"}],"version-history":[{"count":0,"href":"https:\/\/archives.regards.fr\/index.php?rest_route=\/wp\/v2\/posts\/4837\/revisions"}],"wp:featuredmedia":[{"embeddable":true,"href":"https:\/\/archives.regards.fr\/index.php?rest_route=\/wp\/v2\/media\/15009"}],"wp:attachment":[{"href":"https:\/\/archives.regards.fr\/index.php?rest_route=%2Fwp%2Fv2%2Fmedia&parent=4837"}],"wp:term":[{"taxonomy":"category","embeddable":true,"href":"https:\/\/archives.regards.fr\/index.php?rest_route=%2Fwp%2Fv2%2Fcategories&post=4837"},{"taxonomy":"post_tag","embeddable":true,"href":"https:\/\/archives.regards.fr\/index.php?rest_route=%2Fwp%2Fv2%2Ftags&post=4837"}],"curies":[{"name":"wp","href":"https:\/\/api.w.org\/{rel}","templated":true}]}}