{"id":4824,"date":"2011-05-10T16:23:37","date_gmt":"2011-05-10T14:23:37","guid":{"rendered":"https:\/\/wp.muchomaas.com\/nous-levons-les-voiles-pour-la4824\/"},"modified":"2023-06-23T23:08:26","modified_gmt":"2023-06-23T21:08:26","slug":"nous-levons-les-voiles-pour-la4824","status":"publish","type":"post","link":"https:\/\/archives.regards.fr\/?p=4824","title":{"rendered":"\u00ab Nous levons les voiles pour la lib\u00e9ration de Gaza et des Palestiniens ! \u00bb"},"content":{"rendered":"<p class=\"post_excerpt\">Un bateau fran\u00e7ais pour Gaza* annonce le top d\u00e9part ! La troisi\u00e8me semaine de juin, le bateau l\u00e8vera les voiles de Marseille pour rejoindre la deuxi\u00e8me \u00ab Flottille de la libert\u00e9 \u00bb qui comportera 12 \u00e0 15 bateaux pour Gaza, un an apr\u00e8s l&#8217;assaut meurtrier de commandos isra\u00e9liens contre le convoi humanitaire maritime.<\/p>\n<p><strong>Briser le si\u00e8ge isra\u00e9lien de Gaza, faire respecter le droit international, r\u00e9pondre \u00e0 la crise humanitaire<\/strong> du million et demi de Gazaouis, voil\u00e0 les trois grands objectifs de la flottille internationale. Entour\u00e9s de militants des campagnes espagnole, hollandaise, su\u00e9doise, grecque et turque, ainsi que d&#8217;un repr\u00e9sentant de la campagne internationale pour la fin du blocus de Gaza, les coordinateurs du bateau fran\u00e7ais ont annonc\u00e9 lors de la conf\u00e9rence de presse qui s&#8217;est tenue <strong>\u00e0 Paris, le 9 mai,<\/strong> que la large mobilisation en France avait r\u00e9ussi son premier pari : r\u00e9unir quasiment  le budget (430 000 sur 500 000 euros) n\u00e9cessaire. <\/p>\n<p>Autre fait remarquable, les fonds ont \u00e9t\u00e9 principalement r\u00e9unis gr\u00e2ce \u00e0 des dons individuels allant de 5 \u00e0 20 euros. &#8220;<em>La mobilisation en France a grandi car la situation de Gaza est insupportable<\/em>&#8220;, a r\u00e9sum\u00e9 Claude L\u00e9ostic, une des porte-parole de la campagne, qui a cl\u00f4t la conf\u00e9rence par un enthousiaste \u00ab<em>\u00a0Nous levons les voiles pour la lib\u00e9ration de Gaza et des Palestiniens !\u00a0<\/em>\u00a0\u00bb <\/p>\n<p>La d\u00e9l\u00e9gation fran\u00e7aise r\u00e9unira des repr\u00e9sentants de la soci\u00e9t\u00e9 civile, des journalistes et &#8220;<em>plusieurs \u00e9lus fran\u00e7ais, et des personnalit\u00e9s du monde du spectacle et du sport<\/em>&#8220;, a-t-elle ajout\u00e9, sans vouloir \u00e0 ce stade d\u00e9voiler leurs identit\u00e9s. Des nouvelles tr\u00e8s prochainement&#8230;<\/p>\n<p>*<strong> <em>Pour suivre au plus pr\u00e8s la campagne fran\u00e7aise de la Flotille, rdv sur http:\/\/www.unbateaupourgaza.fr\/index.php<\/em> <\/strong><div id='gallery-1' class='gallery galleryid-4824 gallery-columns-3 gallery-size-thumbnail'><figure class='gallery-item'>\n\t\t\t<div class='gallery-icon landscape'>\n\t\t\t\t<a href='https:\/\/archives.regards.fr\/wp-content\/uploads\/2011\/05\/affichebateaugaza-3e6.jpg'><img loading=\"lazy\" decoding=\"async\" width=\"150\" height=\"150\" src=\"https:\/\/archives.regards.fr\/wp-content\/uploads\/2011\/05\/affichebateaugaza-3e6-150x150.jpg\" class=\"attachment-thumbnail size-thumbnail\" alt=\"affichebateaugaza.jpg\" \/><\/a>\n\t\t\t<\/div><\/figure><figure class='gallery-item'>\n\t\t\t<div class='gallery-icon landscape'>\n\t\t\t\t<a href='https:\/\/archives.regards.fr\/wp-content\/uploads\/2011\/05\/affichebateaugaza_crop-a90.jpg'><img loading=\"lazy\" decoding=\"async\" width=\"80\" height=\"55\" src=\"https:\/\/archives.regards.fr\/wp-content\/uploads\/2011\/05\/affichebateaugaza_crop-a90.jpg\" class=\"attachment-thumbnail size-thumbnail\" alt=\"\u00ab Nous levons les voiles pour la lib\u00e9ration de Gaza et des Palestiniens ! \u00bb\" aria-describedby=\"gallery-1-14981\" \/><\/a>\n\t\t\t<\/div>\n\t\t\t\t<figcaption class='wp-caption-text gallery-caption' id='gallery-1-14981'>\n\t\t\t\t\u00ab Nous levons les voiles pour la lib\u00e9ration de Gaza et des Palestiniens ! \u00bb\n\t\t\t\t<\/figcaption><\/figure>\n\t\t<\/div>\n<\/p>\n","protected":false},"excerpt":{"rendered":"<p>Un bateau fran\u00e7ais pour Gaza* annonce le top d\u00e9part ! La troisi\u00e8me semaine de juin, le bateau l\u00e8vera les voiles de Marseille pour rejoindre la deuxi\u00e8me \u00ab Flottille de la libert\u00e9 \u00bb qui comportera 12 \u00e0 15 bateaux pour Gaza, un an apr\u00e8s l&#8217;assaut meurtrier de commandos isra\u00e9liens contre le convoi humanitaire maritime.<\/p>\n","protected":false},"author":1,"featured_media":14980,"comment_status":"open","ping_status":"open","sticky":false,"template":"","format":"standard","meta":{"_themeisle_gutenberg_block_has_review":false,"footnotes":""},"categories":[141],"tags":[332,389],"class_list":["post-4824","post","type-post","status-publish","format-standard","has-post-thumbnail","hentry","category-archives-web","tag-palestine","tag-solidarite"],"_links":{"self":[{"href":"https:\/\/archives.regards.fr\/index.php?rest_route=\/wp\/v2\/posts\/4824","targetHints":{"allow":["GET"]}}],"collection":[{"href":"https:\/\/archives.regards.fr\/index.php?rest_route=\/wp\/v2\/posts"}],"about":[{"href":"https:\/\/archives.regards.fr\/index.php?rest_route=\/wp\/v2\/types\/post"}],"author":[{"embeddable":true,"href":"https:\/\/archives.regards.fr\/index.php?rest_route=\/wp\/v2\/users\/1"}],"replies":[{"embeddable":true,"href":"https:\/\/archives.regards.fr\/index.php?rest_route=%2Fwp%2Fv2%2Fcomments&post=4824"}],"version-history":[{"count":0,"href":"https:\/\/archives.regards.fr\/index.php?rest_route=\/wp\/v2\/posts\/4824\/revisions"}],"wp:featuredmedia":[{"embeddable":true,"href":"https:\/\/archives.regards.fr\/index.php?rest_route=\/wp\/v2\/media\/14980"}],"wp:attachment":[{"href":"https:\/\/archives.regards.fr\/index.php?rest_route=%2Fwp%2Fv2%2Fmedia&parent=4824"}],"wp:term":[{"taxonomy":"category","embeddable":true,"href":"https:\/\/archives.regards.fr\/index.php?rest_route=%2Fwp%2Fv2%2Fcategories&post=4824"},{"taxonomy":"post_tag","embeddable":true,"href":"https:\/\/archives.regards.fr\/index.php?rest_route=%2Fwp%2Fv2%2Ftags&post=4824"}],"curies":[{"name":"wp","href":"https:\/\/api.w.org\/{rel}","templated":true}]}}