{"id":4822,"date":"2011-05-11T16:24:16","date_gmt":"2011-05-11T14:24:16","guid":{"rendered":"https:\/\/wp.muchomaas.com\/polar-culte4822\/"},"modified":"2011-05-11T16:24:16","modified_gmt":"2011-05-11T14:24:16","slug":"polar-culte4822","status":"publish","type":"post","link":"https:\/\/archives.regards.fr\/?p=4822","title":{"rendered":"Polar culte"},"content":{"rendered":"<p class=\"post_excerpt\">Martin Scorsese<\/p>\n<p><strong>Pr\u00e9sident du jury de la 64e \u00e9dition<br \/>\ndu Festival de Cannes, l\u2019acteur<br \/>\nRobert De Niro sera \u00e0 l\u2019honneur<br \/>\nce printemps.<\/strong> Alors que<br \/>\nressortent en salles La valse<br \/>\ndes pantins de Martin Scorsese<br \/>\net Il \u00e9tait une fois en Am\u00e9rique<br \/>\nde Sergio Leone, Carlotta Films<br \/>\nsort une \u00e9dition DVD collector<br \/>\nde Mean Streets. R\u00e9alis\u00e9 en<br \/>\n1973 par Martin Scorsese, ce<br \/>\npolar culte, ancr\u00e9 dans le quartier<br \/>\nde Little Italy \u00e0 New York, a<br \/>\nr\u00e9v\u00e9l\u00e9 en m\u00eame temps Harvey<br \/>\nKeitel, dans le r\u00f4le de Charlie<br \/>\nCappa, et Robert De Niro, dans<br \/>\ncelui de Johnny Boy. Entre g\u00e9n\u00e9alogie<br \/>\nde la violence et appel<br \/>\nde la religion, il contient d\u00e9j\u00e0<br \/>\ntous les th\u00e8mes de Scorsese.<br \/>\nEn bonus, un entretien avec le<br \/>\ncin\u00e9aste et un regard du critique<br \/>\nam\u00e9ricain Kent Jones.<\/p>\n","protected":false},"excerpt":{"rendered":"<p>Martin Scorsese<\/p>\n","protected":false},"author":572,"featured_media":14978,"comment_status":"open","ping_status":"open","sticky":false,"template":"","format":"standard","meta":{"_themeisle_gutenberg_block_has_review":false,"footnotes":""},"categories":[111],"tags":[391],"class_list":["post-4822","post","type-post","status-publish","format-standard","has-post-thumbnail","hentry","category-nos-selections","tag-dvd"],"_links":{"self":[{"href":"https:\/\/archives.regards.fr\/index.php?rest_route=\/wp\/v2\/posts\/4822","targetHints":{"allow":["GET"]}}],"collection":[{"href":"https:\/\/archives.regards.fr\/index.php?rest_route=\/wp\/v2\/posts"}],"about":[{"href":"https:\/\/archives.regards.fr\/index.php?rest_route=\/wp\/v2\/types\/post"}],"author":[{"embeddable":true,"href":"https:\/\/archives.regards.fr\/index.php?rest_route=\/wp\/v2\/users\/572"}],"replies":[{"embeddable":true,"href":"https:\/\/archives.regards.fr\/index.php?rest_route=%2Fwp%2Fv2%2Fcomments&post=4822"}],"version-history":[{"count":0,"href":"https:\/\/archives.regards.fr\/index.php?rest_route=\/wp\/v2\/posts\/4822\/revisions"}],"wp:featuredmedia":[{"embeddable":true,"href":"https:\/\/archives.regards.fr\/index.php?rest_route=\/wp\/v2\/media\/14978"}],"wp:attachment":[{"href":"https:\/\/archives.regards.fr\/index.php?rest_route=%2Fwp%2Fv2%2Fmedia&parent=4822"}],"wp:term":[{"taxonomy":"category","embeddable":true,"href":"https:\/\/archives.regards.fr\/index.php?rest_route=%2Fwp%2Fv2%2Fcategories&post=4822"},{"taxonomy":"post_tag","embeddable":true,"href":"https:\/\/archives.regards.fr\/index.php?rest_route=%2Fwp%2Fv2%2Ftags&post=4822"}],"curies":[{"name":"wp","href":"https:\/\/api.w.org\/{rel}","templated":true}]}}