{"id":4820,"date":"2011-05-10T08:30:00","date_gmt":"2011-05-10T06:30:00","guid":{"rendered":"https:\/\/wp.muchomaas.com\/mai-1981-le-prix-d-un-paradoxe4820\/"},"modified":"2023-06-23T23:08:25","modified_gmt":"2023-06-23T21:08:25","slug":"mai-1981-le-prix-d-un-paradoxe4820","status":"publish","type":"post","link":"https:\/\/archives.regards.fr\/?p=4820","title":{"rendered":"Mai 1981, le prix d\u2019un paradoxe"},"content":{"rendered":"<p class=\"post_excerpt\">L\u2019union de la gauche permit \u00e0 Fran\u00e7ois<br \/>\nMitterrand d\u2019acc\u00e9der \u00e0 la pr\u00e9sidence.<br \/>\nL\u2019\u00e9quilibre entre discours radical<br \/>\net clins d\u2019oeil au r\u00e9alisme ne tiendra<br \/>\npourtant pas au-del\u00e0 de l\u2019ann\u00e9e 1981.<\/p>\n<p>22 mai 1981\u2026 Install\u00e9 \u00e0 l\u2019Elys\u00e9e depuis la<br \/>\nveille, le nouveau pr\u00e9sident de la R\u00e9publique<br \/>\nre\u00e7oit son vieil ami et adversaire, le gaulliste<br \/>\n\u00ab historique \u00bb Jacques Chaban-Delmas. Fran\u00e7ois<br \/>\nMitterrand est s\u00fbr de lui. \u00ab <em>Tu voulais transformer,<br \/>\nam\u00e9liorer, changer la soci\u00e9t\u00e9<\/em>, explique-t-il \u00e0<br \/>\nson interlocuteur. <em>Moi je ne veux pas changer la<br \/>\nsoci\u00e9t\u00e9, je veux changer de soci\u00e9t\u00e9<\/em>. \u00bb<\/p>\n<p>Le 10 mai, les \u00e9lecteurs fran\u00e7ais ont mis fin \u00e0<br \/>\nvingt-trois ann\u00e9es de pouvoir continu de la droite<br \/>\nfran\u00e7aise. Rien de surprenant, si l\u2019on songe que<br \/>\nla France sociale et culturelle a bascul\u00e9 en un<br \/>\nquart de si\u00e8cle. Les bases sociologiques traditionnelles<br \/>\nde la droite (ruraux, classes moyennes<br \/>\nind\u00e9pendantes, personnes \u00e2g\u00e9es\u2026) ont \u00e9t\u00e9<br \/>\n\u00e9rod\u00e9es par l\u2019urbanisation, la salarisation, la<br \/>\nf\u00e9minisation et par le baby boom. Quant aux<br \/>\nvaleurs du vieux \u00ab parti de l\u2019ordre \u00bb, elles ont \u00e9t\u00e9<br \/>\ncontest\u00e9es par le mouvement d\u2019acculturation et<br \/>\nde lib\u00e9ralisation morale dont l\u2019effervescence de<br \/>\nMai 68 a montr\u00e9 l\u2019ampleur. Ajoutons-y la dynamique<br \/>\nde \u00ab l\u2019union de la gauche \u00bb depuis 1972 et<br \/>\nl\u2019usure d\u2019un pouvoir qui n\u2019a pas su juguler la crise<br \/>\n\u00e9conomique\u2026 Quand, en juin 1981, la gauche<br \/>\nobtient son score l\u00e9gislatif le plus \u00e9lev\u00e9 depuis<br \/>\n1946 (55,6 % des suffrages exprim\u00e9s), le doute<br \/>\nn\u2019est plus permis : on va \u00ab changer la vie \u00bb [[ Titre du programme de gouvernement des socialistes en<br \/>\njanvier 1972, base des n\u00e9gociations avec les communistes.]].<\/p>\n<h2>A contre-courant<\/h2>\n<p>On ne s\u2019aper\u00e7oit gu\u00e8re, alors, que la France est<br \/>\n\u00e0 contre-courant des \u00e9volutions enregistr\u00e9es ailleurs<br \/>\ndans le monde occidental. En mai 1979,<br \/>\nMargaret Thatcher a \u00e9trill\u00e9 les travaillistes anglais<br \/>\n; en novembre 1980, le r\u00e9publicain Ronald<br \/>\nReagan est devenu le 40e pr\u00e9sident des Etats-<br \/>\nUnis. Avec eux s\u2019enclenche le processus de la<br \/>\n\u00ab r\u00e9volution conservatrice \u00bb. D\u00e8s le milieu des<br \/>\nann\u00e9es 1970, en fait, les soci\u00e9t\u00e9s industrielles<br \/>\noccidentales ont connu un puissant d\u00e9placement<br \/>\nintellectuel et politique. Le compromis social<br \/>\nqui, depuis les ann\u00e9es 1940, fondait \u00ab l\u2019Etatprovidence<br \/>\n\u00bb est bouscul\u00e9 par la crise. Le triptyque<br \/>\nconsommation, s\u00e9curit\u00e9 de l\u2019emploi et<br \/>\ninterventionnisme keyn\u00e9sien vacille et se d\u00e9lite,<br \/>\npan par pan. Tandis qu\u2019une \u00ab nouvelle droite \u00bb<br \/>\ncombative se d\u00e9ploie dans la presse et l\u2019\u00e9dition,<br \/>\nla pens\u00e9e dominante se polarise sur les items de<br \/>\nla \u00ab d\u00e9r\u00e9glementation \u00bb et de la \u00ab privatisation \u00bb.<br \/>\n\u00ab <em>L\u2019Etat n\u2019est pas la solution, mais le probl\u00e8me<\/em> \u00bb,<br \/>\naime \u00e0 r\u00e9p\u00e9ter Ronald Reagan.<\/p>\n<p>Dans le m\u00eame temps, le monde du \u00ab socialisme<br \/>\nr\u00e9el \u00bb s\u2019enfonce dans une crise profonde dont<br \/>\ndossier faire tomber la statue il ne se rel\u00e8vera pas. L\u2019URSS de L\u00e9onid Brejnev<br \/>\npensait que sa puissance internationale lui<br \/>\nferait faire l\u2019\u00e9conomie de la r\u00e9forme d\u2019un syst\u00e8me<br \/>\nessouffl\u00e9. La <em>nomenklatura<\/em> tablait sur la<br \/>\nd\u00e9tente des relations internationales ; elle sera<br \/>\nhors d\u2019\u00e9tat de faire face \u00e0 la nouvelle \u00ab guerre<br \/>\nfra\u00eeche \u00bb (1975-1985) et \u00e0 la course \u00e0 l\u2019armement<br \/>\ntechnologique. Tandis que les Sovi\u00e9tiques<br \/>\ns\u2019enlisent dans la \u00ab glaciation \u00bb et que les Chinois<br \/>\npeinent \u00e0 sortir du \u00ab mao\u00efsme \u00bb [[ Mao est mort en 1976, mais son successeur Deng<br \/>\nXiaoping n\u2019est d\u00e9finitivement confort\u00e9 qu\u2019\u00e0 la fin 1981.]], la Pologne de<br \/>\nLech Walesa et de Solidarnosc donne en 1980<br \/>\nle signal d\u2019un nouveau choc, apr\u00e8s l\u2019\u00e9crasement<br \/>\ndu \u00ab printemps de Prague \u00bb en 1968.<\/p>\n<p>Crise du sovi\u00e9tisme classique, \u00e9puisement des<br \/>\nenthousiasmes pour les gu\u00e9rillas tiers-mondistes<br \/>\nde la d\u00e9cennie pr\u00e9c\u00e9dente, \u00e9chec de \u00ab l\u2019eurocommunisme<br \/>\n\u00bb en Europe occidentale : l\u2019alternative<br \/>\nr\u00e9volutionnaire qui a domin\u00e9 le XXe si\u00e8cle<br \/>\nsemble bien mal en point. Significativement, en<br \/>\nFrance, la victoire de la gauche co\u00efncide avec<br \/>\nle recul spectaculaire du Parti communiste.<br \/>\nLes communistes ont domin\u00e9 la gauche fran\u00e7aise<br \/>\nde 1944 \u00e0 1978 ; aux l\u00e9gislatives de 1978,<br \/>\nle Parti socialiste est parvenu \u00e0 les d\u00e9passer ; il<br \/>\ncreuse l\u2019\u00e9cart avec eux \u00e0 la pr\u00e9sidentielle et aux<br \/>\nl\u00e9gislatives de 1981. Le PCF ne reprendra plus<br \/>\nla main.<\/p>\n<h2>Un keyn\u00e9sianisme radicalis\u00e9<\/h2>\n<p>En 1981, le Parti socialiste de Fran\u00e7ois Mitterrand<br \/>\nest l\u2019un des plus \u00e0 gauche de la sociald\u00e9mocratie<br \/>\neurop\u00e9enne. Les 110 propositions<br \/>\ndu candidat, fussent-elles en retrait, sont dans la<br \/>\nlign\u00e9e du programme commun sign\u00e9 en 1972 :<br \/>\nelles sont nourries d\u2019un keyn\u00e9sianisme radicalis\u00e9<br \/>\npar la pression croissante du monde salarial<br \/>\n(la conflictualit\u00e9 des ann\u00e9es 1960-1970 est<br \/>\n\u00e0 la hausse) et par l\u2019influence id\u00e9ologique d\u2019un<br \/>\nPCF s\u00e9rieusement relook\u00e9. L\u2019esprit de ce keyn\u00e9sianisme<br \/>\nest pris \u00e0 contre-pied par l\u2019\u00e9volution<br \/>\ninternationale de la \u00ab contre-r\u00e9volution lib\u00e9rale \u00bb<br \/>\net de la \u00ab mondialisation \u00bb.<\/p>\n<p>Le PS \u00e9tant devenu le parti dominant de la<br \/>\ngauche, l\u2019essentiel d\u00e9pend d\u00e9sormais de ses<br \/>\n\u00e9volutions internes. Depuis que Mitterrand en a<br \/>\npris les r\u00eanes, en 1971 \u00e0 Epinay, les socialistes<br \/>\nont balanc\u00e9 entre le discours classiquement<br \/>\nanticapitaliste de la gauche du parti (Jean-Pierre<br \/>\nChev\u00e8nement, Jean Poperen) et les appels de<br \/>\nla \u00ab seconde gauche \u00bb \u00e0 rompre avec la tradition<br \/>\n\u00e9tatiste et \u00e0 admettre les vertus d\u2019une \u00ab rigueur \u00bb<br \/>\ngouvernementale que Rocard appelle de ses<br \/>\nvoeux depuis octobre 1978. Jusqu\u2019en 1981, le num\u00e9ro<br \/>\nun, qui ne veut pas se laisser d\u00e9border par<br \/>\nle remuant alli\u00e9 communiste, essaie de maintenir<br \/>\nl\u2019\u00e9quilibre entre discours radical et clins d\u2019oeil au<br \/>\nr\u00e9alisme. Au sommet du parti, pas question de<br \/>\ns\u2019aligner sur la social-d\u00e9mocratie allemande et<br \/>\nsur sa r\u00e9vision doctrinale de Bad Godesberg en<br \/>\n1959 (\u00ab <em>Autant de march\u00e9 que possible, autant<br \/>\nd\u2019Etat que n\u00e9cessaire<\/em>. \u00bb).<\/p>\n<p>L\u2019\u00e9quilibre ne tiendra pas au-del\u00e0 de l\u2019ann\u00e9e<br \/>\n1981. Apr\u00e8s une courte phase redistributive<br \/>\n(1981-1982), le ministre de l\u2019Economie,<br \/>\nJacques Delors, s\u2019engage en juin 1982 dans une<br \/>\npolitique de rigueur budg\u00e9taire dont les ma\u00eetres<br \/>\nmots sont l\u2019\u00e9quilibre de la monnaie et la r\u00e9duction<br \/>\ndu d\u00e9ficit. Tenue par Pierre Mauroy pour une<br \/>\n\u00ab parenth\u00e8se \u00bb, cette politique se confirme \u00e0 l\u2019\u00e9t\u00e9<br \/>\n1984, avec le nouveau gouvernement (sans les<br \/>\ncommunistes) de Laurent Fabius.<\/p>\n<p>La soumission des entreprises publiques \u00e0 la<br \/>\nrentabilit\u00e9, la lib\u00e9ralisation des march\u00e9s financiers,<br \/>\nl\u2019assouplissement du droit du travail (au<br \/>\nnom des vertus de la \u00ab n\u00e9gociation \u00bb) et la promotion<br \/>\nouverte de l\u2019entreprise et de l\u2019entrepreneur<br \/>\n[[C\u2019est l\u2019\u00e9poque du \u00ab ph\u00e9nom\u00e8ne Tapie \u00bb, fa\u00e7onn\u00e9 par<br \/>\nMitterrand lui-m\u00eame.]] deviennent des composantes structurelles<br \/>\nde la gestion gouvernementale socialiste,<br \/>\nconfirm\u00e9es un peu plus avec l\u2019Acte unique europ\u00e9en<br \/>\nde 1986.<\/p>\n<h2>D\u00e9s\u00e9quilibre \u00e0 gauche<\/h2>\n<p>Le socialisme de gouvernement n\u2019est pas sorti<br \/>\nde cette logique. Elle a connu d\u2019incontestables<br \/>\najustements : la \u00ab soci\u00e9t\u00e9 d\u2019\u00e9conomie mixte \u00bb pr\u00f4n\u00e9e<br \/>\npar Mitterrand en 1984 n\u2019a pas la m\u00eame tonalit\u00e9<br \/>\nque le tr\u00e8s jospinien \u00ab <em>oui \u00e0 l\u2019\u00e9conomie de<br \/>\nmarch\u00e9, non \u00e0 la soci\u00e9t\u00e9 de march\u00e9<\/em> \u00bb de 1997.<br \/>\nDans les mots, le Parti socialiste a r\u00e9cus\u00e9 le<br \/>\n\u00ab social-lib\u00e9ralisme \u00bb de son homologue britannique.<br \/>\nLe \u00ab blairisme \u00bb n\u2019a certes plus la c\u00f4te<br \/>\ndans le monde social-d\u00e9mocrate. Ce n\u2019est pas<br \/>\npour autant que la social-d\u00e9mocratie europ\u00e9enne<br \/>\na repris sa marche vers la gauche.<\/p>\n<p>Depuis 1981, bien des choses ont chang\u00e9. Les<br \/>\nmobilisations \u00e0 droite et \u00e0 gauche sont devenues<br \/>\nincertaines et versatiles. La crise et les d\u00e9r\u00e8glements<br \/>\nfinanciers ont mis du plomb dans l\u2019aile du<br \/>\n\u00ab n\u00e9olib\u00e9ralisme \u00bb pur. Apr\u00e8s la phase de tassement<br \/>\nde la combativit\u00e9 salariale (1978-1993),<br \/>\nle \u00ab mouvement social \u00bb reprit du poil de la b\u00eate.<br \/>\n\u00ab L\u2019indignation \u00bb est \u00e0 l\u2019ordre du jour. Pourtant,<br \/>\nquelque chose n\u2019a pas chang\u00e9 : le d\u00e9s\u00e9quilibre<br \/>\n\u00e0 gauche persiste, et donne une place centrale<br \/>\n\u00e0 un PS que la faiblesse politique de la gauche<br \/>\nde gauche pousse \u00e0 regarder plus au centre de<br \/>\nl\u2019\u00e9chiquier politique.<\/p>\n<p>Pour une large part, nous n\u2019avons pas fini de<br \/>\npayer les paradoxes d\u2019une victoire prometteuse,<br \/>\nen ce soir si lointain du 10 mai 1981.<\/p>\n<div id='gallery-1' class='gallery galleryid-4820 gallery-columns-3 gallery-size-thumbnail'><figure class='gallery-item'>\n\t\t\t<div class='gallery-icon landscape'>\n\t\t\t\t<a href='https:\/\/archives.regards.fr\/wp-content\/uploads\/2011\/05\/81-2-529.jpg'><img loading=\"lazy\" decoding=\"async\" width=\"150\" height=\"150\" src=\"https:\/\/archives.regards.fr\/wp-content\/uploads\/2011\/05\/81-2-529-150x150.jpg\" class=\"attachment-thumbnail size-thumbnail\" alt=\"81-2.jpg\" \/><\/a>\n\t\t\t<\/div><\/figure><figure class='gallery-item'>\n\t\t\t<div class='gallery-icon landscape'>\n\t\t\t\t<a href='https:\/\/archives.regards.fr\/wp-content\/uploads\/2011\/05\/81_bandeau-d9f.jpg'><img loading=\"lazy\" decoding=\"async\" width=\"150\" height=\"122\" src=\"https:\/\/archives.regards.fr\/wp-content\/uploads\/2011\/05\/81_bandeau-d9f-150x122.jpg\" class=\"attachment-thumbnail size-thumbnail\" alt=\"Mai 1981, le prix d\u2019un paradoxe\" aria-describedby=\"gallery-1-14974\" \/><\/a>\n\t\t\t<\/div>\n\t\t\t\t<figcaption class='wp-caption-text gallery-caption' id='gallery-1-14974'>\n\t\t\t\tMai 1981, le prix d\u2019un paradoxe\n\t\t\t\t<\/figcaption><\/figure>\n\t\t<\/div>\n\n","protected":false},"excerpt":{"rendered":"<p>L\u2019union de la gauche permit \u00e0 Fran\u00e7ois<br \/>\nMitterrand d\u2019acc\u00e9der \u00e0 la pr\u00e9sidence.<br \/>\nL\u2019\u00e9quilibre entre discours radical<br \/>\net clins d\u2019oeil au r\u00e9alisme ne tiendra<br \/>\npourtant pas au-del\u00e0 de l\u2019ann\u00e9e 1981.<\/p>\n","protected":false},"author":328,"featured_media":14973,"comment_status":"open","ping_status":"open","sticky":false,"template":"","format":"standard","meta":{"_themeisle_gutenberg_block_has_review":false,"footnotes":""},"categories":[141],"tags":[290,346,295],"class_list":["post-4820","post","type-post","status-publish","format-standard","has-post-thumbnail","hentry","category-archives-web","tag-elections","tag-histoire","tag-nupes"],"_links":{"self":[{"href":"https:\/\/archives.regards.fr\/index.php?rest_route=\/wp\/v2\/posts\/4820","targetHints":{"allow":["GET"]}}],"collection":[{"href":"https:\/\/archives.regards.fr\/index.php?rest_route=\/wp\/v2\/posts"}],"about":[{"href":"https:\/\/archives.regards.fr\/index.php?rest_route=\/wp\/v2\/types\/post"}],"author":[{"embeddable":true,"href":"https:\/\/archives.regards.fr\/index.php?rest_route=\/wp\/v2\/users\/328"}],"replies":[{"embeddable":true,"href":"https:\/\/archives.regards.fr\/index.php?rest_route=%2Fwp%2Fv2%2Fcomments&post=4820"}],"version-history":[{"count":0,"href":"https:\/\/archives.regards.fr\/index.php?rest_route=\/wp\/v2\/posts\/4820\/revisions"}],"wp:featuredmedia":[{"embeddable":true,"href":"https:\/\/archives.regards.fr\/index.php?rest_route=\/wp\/v2\/media\/14973"}],"wp:attachment":[{"href":"https:\/\/archives.regards.fr\/index.php?rest_route=%2Fwp%2Fv2%2Fmedia&parent=4820"}],"wp:term":[{"taxonomy":"category","embeddable":true,"href":"https:\/\/archives.regards.fr\/index.php?rest_route=%2Fwp%2Fv2%2Fcategories&post=4820"},{"taxonomy":"post_tag","embeddable":true,"href":"https:\/\/archives.regards.fr\/index.php?rest_route=%2Fwp%2Fv2%2Ftags&post=4820"}],"curies":[{"name":"wp","href":"https:\/\/api.w.org\/{rel}","templated":true}]}}