{"id":4818,"date":"2011-05-09T16:00:00","date_gmt":"2011-05-09T14:00:00","guid":{"rendered":"https:\/\/wp.muchomaas.com\/mai-2012-le-ps-a-gagne-la-vie-va4818\/"},"modified":"2023-06-23T23:08:24","modified_gmt":"2023-06-23T21:08:24","slug":"mai-2012-le-ps-a-gagne-la-vie-va4818","status":"publish","type":"post","link":"https:\/\/archives.regards.fr\/?p=4818","title":{"rendered":"Mai 2012 : Le PS a gagn\u00e9, la vie va changer ?"},"content":{"rendered":"<p class=\"post_excerpt\">Le Parti Socialiste appelle \u00e0 un \u00ab changement<br \/>\n\u00bb pour 2012, mais aura-t-il<br \/>\nles moyens de son ambition ? Petite<br \/>\nrevue d\u00e9taill\u00e9e des \u00e9cueils en perspective\u2026<br \/>\nsous forme de politique fiction.<\/p>\n<p>Evidemment, tout d\u00e9pendra du pr\u00e9sident de<br \/>\nla R\u00e9publique install\u00e9 \u00e0 l\u2019Elys\u00e9e. Dominique<br \/>\nStrauss-Kahn, Fran\u00e7ois Hollande ou Martine<br \/>\nAubry ? Chacun a sa personnalit\u00e9, son parcours.<br \/>\nEt durant la campagne pr\u00e9sidentielle, chacun<br \/>\naura ses priorit\u00e9s, son projet. Comme Mitterrand<br \/>\nen 1981 avec ses \u00ab 110 propositions pour la<br \/>\nFrance \u00bb. Mais finalement, ne se retrouvent-ils<br \/>\npas sur l\u2019essentiel ? Un an avant leur accession<br \/>\nau pouvoir en 2012, n\u2019avaient-ils pas le m\u00eame<br \/>\nmot d\u2019ordre ? Le programme avant tout, disaient-ils.<br \/>\nPrudents, ils pr\u00e9venaient d\u00e9j\u00e0 leurs futurs<br \/>\n\u00e9lecteurs : \u00ab <em>tout ne sera pas fait<\/em> \u00bb, d\u00e9clarait ainsi<br \/>\nMartine Aubry sur France 2, \u00ab <em>mais ce qui sera<br \/>\nfait <\/em> \u00bb, le sera s\u00e9rieusement. Au m\u00eame moment,<br \/>\nFran\u00e7ois Hollande se joignait au concert en d\u00e9clarant<br \/>\nque sa priorit\u00e9 serait la diminution de la dette publique\u2026<\/p>\n<h2>Conjurer le sort<\/h2>\n<p>Mais en avril 2011, Martine Aubry semblait heureuse<br \/>\ndevant les journalistes qui piaffaient d\u2019impatience.<br \/>\nEnfin ! Elle pouvait jouer son r\u00f4le de<br \/>\npremi\u00e8re secr\u00e9taire, fixer le cap. Au moins, en avoir l\u2019air. Derri\u00e8re son pupitre, une injonction,<br \/>\n\u00ab le changement \u00bb, \u00e9tait inscrite en lettres rouges.<br \/>\nCela rappelle \u00e0 certains \u00ab Changer la vie \u00bb, le titre<br \/>\ndu programme commun en 1972\u2026 Il y a quarante<br \/>\nans. Mais Martine, elle, aurait pr\u00e9f\u00e9r\u00e9 que<br \/>\nle programme de 2012 s\u2019intitule \u00ab L\u2019avenir aime la<br \/>\nFrance \u00bb. Comme pour mieux conjurer le sort qui<br \/>\nattend les socialistes ? Car dans ce programme,<br \/>\non trouve bien peu de propositions avec des<br \/>\nobjectifs pr\u00e9cis. Seul Arnaud Montebourg d\u00e9clamait<br \/>\nencore vouloir proposer une candidature de<br \/>\n\u00ab transformation \u00bb, et non de \u00ab gestion \u00bb.<\/p>\n<h2>Le Fabius 2012<\/h2>\n<p>Alors quand le nouveau gouvernement s\u2019installe<br \/>\nquelques jours apr\u00e8s les \u00e9lections de 2012, de<br \/>\nnombreux d\u00e9bats restent \u00e0 trancher\u2026 A sa t\u00eate,<br \/>\non trouve\u2026 Laurent Fabius. Nomination logique,<br \/>\npuisqu\u2019il fut le principal soutien de Martine Aubry<br \/>\n\u00e0 la direction du PS, strat\u00e9gie qui lui permettait<br \/>\nen r\u00e9alit\u00e9 de prot\u00e9ger son poulain Dominique<br \/>\nStrauss-Kahn, avant que ce dernier ne fasse son<br \/>\n<em>come-back<\/em> de Washington. Fabius qui n\u2019avait<br \/>\nen fait qu\u2019un objectif : \u00e9craser S\u00e9gol\u00e8ne Royal<br \/>\net Fran\u00e7ois Hollande. Sacr\u00e9e ironie de l\u2019histoire<br \/>\npour celui qui fut le plus jeune Premier ministre<br \/>\nde toute la Ve R\u00e9publique, et qui g\u00e9ra d\u2019une main<br \/>\nde fer le fameux tournant de la rigueur\u2026<\/p>\n<p>Certains se rassuraient d\u00e9j\u00e0 en expliquant que<br \/>\nle Fabius de 2012 n\u2019\u00e9tait plus celui des ann\u00e9es<br \/>\nfric. Le bonhomme n\u2019avait-il pas appel\u00e9 \u00e0 voter<br \/>\n\u00ab Non \u00bb au r\u00e9f\u00e9rendum en 2005 ? N\u2019avait-il pas<br \/>\nfait son autocritique \u00e0 l\u2019\u00e9gard des politiques n\u00e9olib\u00e9rales<br \/>\nqu\u2019il avait lui-m\u00eame mises en place ?<\/p>\n<p>Lors de sa prise de fonction, bien peu de journalistes<br \/>\n\u00e9voquent le sujet\u2026 Car l\u2019heure est aux<br \/>\nsymboles : la premi\u00e8re d\u00e9cision du nouveau gouvernement<br \/>\nsocialiste est d\u2019accorder le mariage<br \/>\net l\u2019adoption aux couples homosexuel(le)s. Les<br \/>\nm\u00e9dias adorent. L\u2019occasion pour eux de faire des<br \/>\nreportages\u2026 hors normes ! A part les d\u00e9put\u00e9s<br \/>\nBoutin et Vanneste, la droite d\u00e9cide de faire profil<br \/>\nbas. Treize ans apr\u00e8s le Pacs, les traditionalistes<br \/>\ncatholiques sont marginalis\u00e9s dans le discours<br \/>\npublic. Certains au PS se disent que cela n\u2019\u00e9tait<br \/>\npas si difficile finalement.<\/p>\n<p>Autre d\u00e9cision symbolique qui provoque un peu<br \/>\nplus de remous : le fait de limiter l\u2019\u00e9cart maximal<br \/>\ndes salaires de 1 \u00e0 20 dans les entreprises dont<br \/>\nl\u2019Etat est actionnaire. L\u2019un des patrons les plus<br \/>\nembl\u00e9matiques, celui de Renault-Nissan, Carlos<br \/>\nGhosn, voyant son salaire divis\u00e9 par deux,<br \/>\npr\u00e9f\u00e8re claquer la porte, au moment m\u00eame o\u00f9<br \/>\nla crise mondiale de l\u2019automobile repart de plus<br \/>\nbelle\u2026 La pol\u00e9mique enfle d\u00e8s les premiers<br \/>\njours de l\u2019\u00e9t\u00e9. Le Medef passe \u00e0 l\u2019offensive.<br \/>\nR\u00e9sultat, le gouvernement marche d\u00e9j\u00e0 sur des<br \/>\noeufs pour mettre en place le rench\u00e9rissement<br \/>\ndu co\u00fbt des \u00ab licenciements boursiers \u00bb (en p\u00e9nalisant<br \/>\nles entreprises qui licencient alors<br \/>\nqu\u2019elles distribuent de larges dividendes). Bien<br \/>\ns\u00fbr, les syndicats, y compris la CFDT, montent<br \/>\nau cr\u00e9neau pour que cette promesse soit effectivement<br \/>\nmise en place.<\/p>\n<p>Ces premi\u00e8res pol\u00e9miques augurent mal des discussions<br \/>\nsuivantes concernant les mesures les<br \/>\nplus \u00ab sociales \u00bb du programme : cr\u00e9ation d\u2019une<br \/>\nbanque publique d\u2019investissement, encadrement<br \/>\ndes loyers, modularit\u00e9 de l\u2019imp\u00f4t sur les soci\u00e9t\u00e9s,<br \/>\nTVA \u00e9comodulable\u2026 Au cours de l\u2019\u00e9t\u00e9, les discussions<br \/>\nsont bien enclench\u00e9es dans les diff\u00e9rents<br \/>\nminist\u00e8res, mais dix ans de droite au sein de la<br \/>\nhaute administration d\u2019Etat aura laiss\u00e9 des traces :<br \/>\nles jeunes \u00e9narques n\u2019ont toujours pas chang\u00e9<br \/>\nde \u00ab logiciel \u00bb. Strauss-Kahn reste confiant \u2013 il les<br \/>\nconna\u00eet bien ces technocrates \u2013, lui qui expliquait<br \/>\nen avril 2011, quand il \u00e9tait encore au FMI, que la<br \/>\ncrise plaidait pour \u00ab davantage d\u2019Etat \u00bb.<\/p>\n<p>Dans l\u2019imm\u00e9diat, le gouvernement d\u00e9cide d\u00e8s<br \/>\n2012 de lancer 150 000 emplois d\u2019avenir (sur les<br \/>\n300 000 pr\u00e9vus), permettant de relancer un peu la<br \/>\nconsommation du c\u00f4t\u00e9 des classes moyennes, et<br \/>\nd\u2019apporter un peu d\u2019espoir \u00e0 une jeunesse chauff\u00e9e<br \/>\n\u00e0 blanc par la crise et ayant largement vot\u00e9<br \/>\nMarine Le Pen. Une jeunesse d\u00e9clar\u00e9e \u00ab grande<br \/>\ncause nationale \u00bb. Le gouvernement d\u00e9cide aussi<br \/>\nla construction de 150 000 logements sociaux<br \/>\nd\u2019ici la fin de l\u2019ann\u00e9e ! Mais une incertitude demeure<br \/>\nsur les b\u00e9n\u00e9ficiaires : les plus pauvres ou<br \/>\nles classes moyennes ? Car en 2010, 130 000 logements<br \/>\nsociaux construits \u00e9taient en fait destin\u00e9s<br \/>\n\u00e0 ces derni\u00e8res\u2026<\/p>\n<h2>Cadrage et sacrifices<\/h2>\n<p>Peu importe, cela fait deux mesures fortes \u00e0 pr\u00e9senter<br \/>\naux Fran\u00e7ais, et faciles \u00e0 d\u00e9clamer dans les<br \/>\nm\u00e9dias. Pourtant, l\u2019heure est \u00e0 l\u2019orthodoxie budg\u00e9taire.<br \/>\nFran\u00e7ois Hollande avait pr\u00e9venu. Pas question<br \/>\nde faire croire aux Fran\u00e7ais que le PS est l\u00e0<br \/>\npour ouvrir grand les vannes de la redistribution.<br \/>\nD\u2019autant que l\u2019Etat doit financer d\u00e8s cette ann\u00e9e<br \/>\n1 000 postes de gendarmes et de policiers (sur<br \/>\nles 10 000 pr\u00e9vus). La premi\u00e8re priorit\u00e9 des socialistes<br \/>\nest donc le d\u00e9sendettement de la France,<br \/>\nalors que les sp\u00e9cialistes pr\u00e9voient une croissance<br \/>\nd\u2019\u00e0 peine 2 %\u2026 C\u2019est s\u00fbr, pour le PS, le \u00ab cadrage<br \/>\nbudg\u00e9taire \u00bb implique des sacrifices.<\/p>\n<p>Contrairement \u00e0 1981 donc, le gouvernement<br \/>\narrive d\u00e8s 2012 avec le souci d\u2019impulser une politique<br \/>\nde rigueur au plus haut niveau de l\u2019appareil<br \/>\nd\u2019Etat. Pas tr\u00e8s sexy, mais efficace \u00e0 moyen terme<br \/>\npensent-ils. Les jeunes justement commencent<br \/>\n\u00e0 trouver le temps long. Au sein des universit\u00e9s,<br \/>\nles syndicats \u00e9tudiants de gauche, \u00e0 part la tr\u00e8s<br \/>\nsocialiste Unef, commencent \u00e0 se mobiliser pour<br \/>\nr\u00e9clamer l\u2019instauration rapide d\u2019une allocation<br \/>\nd\u2019autonomie. Alors qu\u2019aucun \u00ab plan Marshall \u00bb n\u2019est<br \/>\npr\u00e9vu pour les banlieues, et que les blocages d\u00e9mocratiques<br \/>\nde la Ve R\u00e9publique ne font nullement<br \/>\nd\u00e9bat au PS (\u00e0 part encore une fois Montebourg<br \/>\nqui s\u2019\u00e9gosille), les voitures se remettent \u00e0 br\u00fbler<br \/>\ndans certains quartiers populaires \u00e0 l\u2019approche<br \/>\ndes f\u00eates de fin d\u2019ann\u00e9e.<\/p>\n<h2>Une impasse de taille<\/h2>\n<p>De m\u00eame, du c\u00f4t\u00e9 des mal log\u00e9s et des sansabris,<br \/>\nles premiers froids mettent de nouveau les<br \/>\nassociations dans la rue : elles r\u00e9clament l\u2019application<br \/>\neffective du droit au logement opposable,<br \/>\nalors que rien n\u2019est pr\u00e9vu dans le programme<br \/>\nsocialiste \u00e0 ce sujet. En r\u00e9gion parisienne et dans<br \/>\nles grandes villes, les prix de l\u2019immobilier repartent<br \/>\n\u00e0 la hausse alors que les premi\u00e8res discussions<br \/>\ns\u2019enclenchent \u00e0 peine sur l\u2019encadrement des<br \/>\nloyers. Et pas question pour le PS de remettre en<br \/>\ncause la sp\u00e9culation immobili\u00e8re. D\u2019autant qu\u2019un<br \/>\nautre dossier de fond est sur la table : celui de<br \/>\nla fiscalit\u00e9 avec le projet de fusion de l\u2019imp\u00f4t sur<br \/>\nle revenu pour les personnes physiques avec la<br \/>\ncontribution sociale g\u00e9n\u00e9ralis\u00e9e (CSG). Alors,<br \/>\ndevant ce chantier qui s\u2019annonce pharaonique,<br \/>\nles socialistes font une impasse de taille en renon\u00e7ant<br \/>\n\u00e0 revoir les taxes sur le patrimoine, comme<br \/>\nl\u2019ISF ou les droits de succession.<\/p>\n<p>Mais pour le moment, le principal souci de Laurent<br \/>\nFabius est de relancer la machine \u00e9conomique. Sa<br \/>\nmarge de manoeuvre reste pourtant extr\u00eamement<br \/>\nfaible. Le Premier ministre fran\u00e7ais tente, avec<br \/>\ndifficult\u00e9s, de convaincre nos voisins d\u2019instaurer<br \/>\nun protectionnisme europ\u00e9en en augmentant les<br \/>\ndroits de douane sur les produits provenant de<br \/>\npays ne respectant pas les normes sociales<br \/>\net environnementales. L\u00e0 encore, l\u2019incertitude<br \/>\nr\u00e8gne : si les amis europ\u00e9ens refusent, le gouvernement<br \/>\nsocialiste d\u00e9cidera-t-il de passer outre ?<\/p>\n<h2>D\u00e9ception\u2026<\/h2>\n<p>En attendant, la nouvelle croissance n\u2019est toujours<br \/>\npas l\u00e0. On recherche d\u00e9sesp\u00e9r\u00e9ment toute<br \/>\n\u00e9bauche de planification \u00e9cologique dans les<br \/>\npremi\u00e8res orientations du gouvernement. La sortie<br \/>\ndu nucl\u00e9aire envenime les relations entre les<br \/>\n\u00e9cologistes et le PS : faut-il sortir tout de suite<br \/>\ndu nucl\u00e9aire ou attendre encore un peu alors<br \/>\nque les prix des mati\u00e8res premi\u00e8res et du p\u00e9trole<br \/>\nflambent ? Autre domaine de frustration : l\u2019Education<br \/>\nnationale. Chez les profs, la d\u00e9ception<br \/>\ns\u2019exprime devant le manque de moyens allou\u00e9s<br \/>\npar l\u2019Etat. Le mouvement social tente \u00e9galement<br \/>\nde relancer un grand d\u00e9bat sur les retraites\u2026<br \/>\nMais il est peu suivi. Les t\u00e9l\u00e9s, TF1 en t\u00eate, toujours<br \/>\naux mains de Bouygues, continuent leur<br \/>\ntravail de sape comme si de rien n\u2019\u00e9tait\u2026<\/p>\n<p>De leur c\u00f4t\u00e9, les sans-papiers se remettent en<br \/>\ngr\u00e8ve, et occupent de nouveau des lieux symboliques<br \/>\ndevant les cam\u00e9ras, alors que le gouvernement<br \/>\nh\u00e9site \u00e0 leur accorder une r\u00e9gularisation<br \/>\nmassive. Le programme ne pr\u00e9voyait-il pas<br \/>\nle renforcement de \u00ab la lutte contre les entr\u00e9es<br \/>\nill\u00e9gales \u00bb ? Au m\u00eame moment, la pr\u00e9sidence<br \/>\ns\u2019embourbe sur le dossier m\u00e9diterran\u00e9en et les<br \/>\nsuites du printemps arabe\u2026! Mais tout cela ne<br \/>\npeut \u00eatre qu\u2019un mauvais r\u00eave.<br \/>\n<div id='gallery-1' class='gallery galleryid-4818 gallery-columns-3 gallery-size-thumbnail'><figure class='gallery-item'>\n\t\t\t<div class='gallery-icon landscape'>\n\t\t\t\t<a href='https:\/\/archives.regards.fr\/wp-content\/uploads\/2011\/05\/dsk_bandeau-157.jpg'><img loading=\"lazy\" decoding=\"async\" width=\"150\" height=\"122\" src=\"https:\/\/archives.regards.fr\/wp-content\/uploads\/2011\/05\/dsk_bandeau-157-150x122.jpg\" class=\"attachment-thumbnail size-thumbnail\" alt=\"Mai 2012 : Le PS a gagn\u00e9, la vie va changer ?\" aria-describedby=\"gallery-1-14967\" \/><\/a>\n\t\t\t<\/div>\n\t\t\t\t<figcaption class='wp-caption-text gallery-caption' id='gallery-1-14967'>\n\t\t\t\tMai 2012 : Le PS a gagn\u00e9, la vie va changer ?\n\t\t\t\t<\/figcaption><\/figure>\n\t\t<\/div>\n<\/p>\n","protected":false},"excerpt":{"rendered":"<p>Le Parti Socialiste appelle \u00e0 un \u00ab changement<br \/>\n\u00bb pour 2012, mais aura-t-il<br \/>\nles moyens de son ambition ? Petite<br \/>\nrevue d\u00e9taill\u00e9e des \u00e9cueils en perspective\u2026<br \/>\nsous forme de politique fiction.<\/p>\n","protected":false},"author":1,"featured_media":14967,"comment_status":"open","ping_status":"open","sticky":false,"template":"","format":"standard","meta":{"_themeisle_gutenberg_block_has_review":false,"footnotes":""},"categories":[141],"tags":[290,295,390],"class_list":["post-4818","post","type-post","status-publish","format-standard","has-post-thumbnail","hentry","category-archives-web","tag-elections","tag-nupes","tag-parti-socialiste"],"_links":{"self":[{"href":"https:\/\/archives.regards.fr\/index.php?rest_route=\/wp\/v2\/posts\/4818","targetHints":{"allow":["GET"]}}],"collection":[{"href":"https:\/\/archives.regards.fr\/index.php?rest_route=\/wp\/v2\/posts"}],"about":[{"href":"https:\/\/archives.regards.fr\/index.php?rest_route=\/wp\/v2\/types\/post"}],"author":[{"embeddable":true,"href":"https:\/\/archives.regards.fr\/index.php?rest_route=\/wp\/v2\/users\/1"}],"replies":[{"embeddable":true,"href":"https:\/\/archives.regards.fr\/index.php?rest_route=%2Fwp%2Fv2%2Fcomments&post=4818"}],"version-history":[{"count":0,"href":"https:\/\/archives.regards.fr\/index.php?rest_route=\/wp\/v2\/posts\/4818\/revisions"}],"wp:featuredmedia":[{"embeddable":true,"href":"https:\/\/archives.regards.fr\/index.php?rest_route=\/wp\/v2\/media\/14967"}],"wp:attachment":[{"href":"https:\/\/archives.regards.fr\/index.php?rest_route=%2Fwp%2Fv2%2Fmedia&parent=4818"}],"wp:term":[{"taxonomy":"category","embeddable":true,"href":"https:\/\/archives.regards.fr\/index.php?rest_route=%2Fwp%2Fv2%2Fcategories&post=4818"},{"taxonomy":"post_tag","embeddable":true,"href":"https:\/\/archives.regards.fr\/index.php?rest_route=%2Fwp%2Fv2%2Ftags&post=4818"}],"curies":[{"name":"wp","href":"https:\/\/api.w.org\/{rel}","templated":true}]}}