{"id":4817,"date":"2011-05-07T15:22:43","date_gmt":"2011-05-07T13:22:43","guid":{"rendered":"https:\/\/wp.muchomaas.com\/jamel-sociologue-et-mythe-national4817\/"},"modified":"2023-06-23T23:08:24","modified_gmt":"2023-06-23T21:08:24","slug":"jamel-sociologue-et-mythe-national4817","status":"publish","type":"post","link":"https:\/\/archives.regards.fr\/?p=4817","title":{"rendered":"Jamel, sociologue et mythe national"},"content":{"rendered":"<p class=\"post_excerpt\">Jamel est com\u00e9dien, amuseur, showman, producteur\u2026<br \/>\net mythe national. Pourquoi vouloir lui faire jouer<br \/>\nson plus mauvais r\u00f4le : porte-drapeau ?\n<\/p>\n<p>Jamel Debbouze est LE bonhomme \u00e0<br \/>\ndraguer, le Graal pour les politiques<br \/>\nde tout bord. Dr\u00f4le, m\u00e9diatique, malin.<br \/>\nEt rebeu en plus. N\u2019en jetez plus, il est<br \/>\nparfait ! Pas un parti qui n\u2019ai tent\u00e9 sa chance.<br \/>\nCurieux de tout, Jamel a rencontr\u00e9 Sarkozy et<br \/>\nune brochette de responsables de tous bord, et<br \/>\nil a discr\u00e8tement flirt\u00e9 avec S\u00e9gol\u00e8ne Royal en<br \/>\n2007. Sans conviction, dit-il avec le recul. Pour la<br \/>\nprochaine, il vient de d\u00e9clarer que Strauss-Kahn<br \/>\navait \u00ab<em> tous les outils<\/em> \u00bb tout en disant que Martine<br \/>\nAubry avait des qualit\u00e9s. Malin.<\/p>\n<p>A la t\u00e9l\u00e9, \u00ab Jamel \u00bb, c\u2019est le mot magique. Il rend<br \/>\nliquide n\u2019importe quel programmateur, lui qui est<br \/>\ncapable de garantir l\u2019audience, de faire le show<br \/>\net m\u00eame d\u2019\u00eatre intelligent tout en \u00e9tant t\u00e9l\u00e9g\u00e9nique.<br \/>\nIdem pour la presse. On l\u2019adore, de Gala,<br \/>\nqui a publi\u00e9 ses photos de mariage, \u00e0 la presse<br \/>\nintello qui voit en lui rien de moins qu\u2019un r\u00e9conciliateur<br \/>\nnational (<em>Les Inrocks<\/em>) et m\u00eame un sociologue<br \/>\n(<em>T\u00e9l\u00e9rama<\/em>).<\/p>\n<p>C\u2019est que le gars pla\u00eet dr\u00f4lement. Il est perch\u00e9,<br \/>\nl\u00e0-haut, au firmament des zozos les plus zaim\u00e9s<br \/>\ndes Fran\u00e7ais, quelque part entre Zidane,<br \/>\nl\u2019Abb\u00e9 Pierre et Yannick Noah. Plus fut\u00e9 que le<br \/>\nfootballeur, plus glam\u2019 que le bon abb\u00e9 disparu,<br \/>\nplus branch\u00e9 que l\u2019auteur de Saga Africa\u2026<br \/>\nUn mythe, quoi ! Mais comme tous les mythes,<br \/>\nil est surtout construit par les autres.<\/p>\n<h2>L\u2019indig\u00e8ne engag\u00e9<\/h2>\n<p>Qu\u2019importe la r\u00e9alit\u00e9 de son palmar\u00e8s. Sur les<br \/>\nplanches, son premier job, Jamel est imp\u00e9rial.<br \/>\nMais rare. Il vient de reprendre le <em>stand-up<\/em> avec<br \/>\n<em>Tout sur Jamel<\/em>, apr\u00e8s\u2026 sept ans d\u2019absence.<br \/>\nEn d\u2019autres termes, les plus jeunes de ses fans<br \/>\npeuvent ignorer qu\u2019il a fait de la sc\u00e8ne un jour.<br \/>\nAu cin\u00e9ma, on piaffe d\u2019impatience \u00e0 l\u2019id\u00e9e de<br \/>\ns\u2019envoyer le film \u00ab \u00e9v\u00e9nement \u00bb<em> Houba ! Le marsupilami<br \/>\net l\u2019orchid\u00e9e Chicxulub<\/em>, d\u2019Alain Chabat,<br \/>\ndont on esp\u00e8re qu\u2019il \u00e9galera au moins <em>Ast\u00e9rix<br \/>\net Ob\u00e9lix, Mission Cl\u00e9op\u00e2tre<\/em>. Sans rire. Jamel<br \/>\na bien le droit de jouer dans le divertissement<br \/>\nle plus rat\u00e9 et <em>mainstream<\/em>. Mais la presse de<br \/>\ngauche pr\u00e9f\u00e8re le Jamel engag\u00e9, quitte \u00e0 lui pr\u00eater<br \/>\nune surface politique qu\u2019il n\u2019a pas. Bien s\u00fbr,<br \/>\nil a soutenu<em> Indig\u00e8nes<\/em>, dans lequel il interpr\u00e9tait<br \/>\nmagistralement le r\u00f4le de Sa\u00efd, qui redonnait une dignit\u00e9 aux combattants \u00e9trangers qui se<br \/>\nsont battus pour la France.<\/p>\n<p>Difficile d\u00e8s lors de sortir de la figure impos\u00e9e car<br \/>\nJamel n\u2019est pas qu\u2019un com\u00e9dien. C\u2019est un com\u00e9dien<br \/>\nqui a grandi \u00e0 Trappes, qui a des parents prolos<br \/>\net marocains. \u00ab <em>Tu es l\u2019un des bonshommes<br \/>\nles plus bankable du showbiz, mais il faut jouer<br \/>\nle jeu !<\/em> \u00bb Au \u00ab Grand journal \u00bb, St\u00e9phane Hessel et<br \/>\nJamel partageaient il y a peu le plateau. \u00c7a cause<br \/>\nindignation, pas vraiment la veille du grand soir.<br \/>\nLe message essentiel de Jamel, qui provoque de<br \/>\nlongs applaudissements dans le studio : il est formidable<br \/>\nce St\u00e9phane. \u00c7a d\u00e9coiffe.<\/p>\n<h2>Le thermom\u00e8tre des banlieues<\/h2>\n<p>Pas s\u00fbr que Jamel ait toujours envie du costard<br \/>\nqu\u2019on lui offre. Il faut voir Aur\u00e9lien Ferenczi, de<br \/>\n<em>T\u00e9l\u00e9rama<\/em>, ramer pour faire accoucher le Pierre<br \/>\nBourdieu de Trappes. \u00ab <em>Comment voyez-vous la<br \/>\nbanlieue<\/em> \u00bb, interroge-t-il ? \u00ab <em>Elle est d\u00e9gueulasse,<\/em><br \/>\nr\u00e9pond Jamel, <em>les gens vivent dans des conditions<br \/>\nquasi insalubres, parce que rien n\u2019a \u00e9t\u00e9<br \/>\nr\u00e9habilit\u00e9. <\/em> \u00bb Un peu court pour le journaliste de<br \/>\nT\u00e9l\u00e9rama qui veut voir en Jamel le thermom\u00e8tre<br \/>\ndes banlieues : \u00ab<em> Mais comment sentez-vous les<br \/>\ngens dans les quartiers ?<\/em> \u00bb On serait plut\u00f4t tent\u00e9<br \/>\nde lui demander comment il \u00ab<em> sent<\/em> \u00bb l\u2019Ile Saint-<br \/>\nLouis, o\u00f9 Jamel s\u2019est install\u00e9. Ce qui serait tout<br \/>\naussi passionnant, car ce quartier, le plus cher<br \/>\nde Paris, est tout aussi \u00e9tranger \u00e0 la majorit\u00e9 des<br \/>\nfran\u00e7ais que la Cit\u00e9 des 4 000 \u00e0 La Courneuve.<br \/>\nJamel p\u00e9tille un peu plus quand on lui demande<br \/>\nses r\u00e9f\u00e9rences : ses h\u00e9ros s\u2019appellent Richard<br \/>\nPryor, le roi du <em>stand-up<\/em> US qui ne parlait certainement<br \/>\npas politique, Zizou, panneau publicitaire<br \/>\net ex-gloire du foot et Marvin Gaye, soul<br \/>\nhero. On est loin du Che ou de Martin Luther<br \/>\nKing, et c\u2019est bien son droit.<div id='gallery-1' class='gallery galleryid-4817 gallery-columns-3 gallery-size-thumbnail'><figure class='gallery-item'>\n\t\t\t<div class='gallery-icon landscape'>\n\t\t\t\t<a href='https:\/\/archives.regards.fr\/wp-content\/uploads\/2011\/05\/jamel-16f.jpg'><img loading=\"lazy\" decoding=\"async\" width=\"150\" height=\"150\" src=\"https:\/\/archives.regards.fr\/wp-content\/uploads\/2011\/05\/jamel-16f-150x150.jpg\" class=\"attachment-thumbnail size-thumbnail\" alt=\"jamel.jpg\" \/><\/a>\n\t\t\t<\/div><\/figure><figure class='gallery-item'>\n\t\t\t<div class='gallery-icon landscape'>\n\t\t\t\t<a href='https:\/\/archives.regards.fr\/wp-content\/uploads\/2011\/05\/jamel_bandeau-7f5.jpg'><img loading=\"lazy\" decoding=\"async\" width=\"150\" height=\"122\" src=\"https:\/\/archives.regards.fr\/wp-content\/uploads\/2011\/05\/jamel_bandeau-7f5-150x122.jpg\" class=\"attachment-thumbnail size-thumbnail\" alt=\"Jamel, sociologue et mythe national\" aria-describedby=\"gallery-1-14964\" \/><\/a>\n\t\t\t<\/div>\n\t\t\t\t<figcaption class='wp-caption-text gallery-caption' id='gallery-1-14964'>\n\t\t\t\tJamel, sociologue et mythe national\n\t\t\t\t<\/figcaption><\/figure><figure class='gallery-item'>\n\t\t\t<div class='gallery-icon landscape'>\n\t\t\t\t<a href='https:\/\/archives.regards.fr\/wp-content\/uploads\/2011\/05\/jamel_crop-51d.jpg'><img loading=\"lazy\" decoding=\"async\" width=\"80\" height=\"55\" src=\"https:\/\/archives.regards.fr\/wp-content\/uploads\/2011\/05\/jamel_crop-51d.jpg\" class=\"attachment-thumbnail size-thumbnail\" alt=\"Jamel, sociologue et mythe national\" aria-describedby=\"gallery-1-14965\" \/><\/a>\n\t\t\t<\/div>\n\t\t\t\t<figcaption class='wp-caption-text gallery-caption' id='gallery-1-14965'>\n\t\t\t\tJamel, sociologue et mythe national\n\t\t\t\t<\/figcaption><\/figure>\n\t\t<\/div>\n<\/p>\n","protected":false},"excerpt":{"rendered":"<p>Jamel est com\u00e9dien, amuseur, showman, producteur\u2026<br \/>\net mythe national. Pourquoi vouloir lui faire jouer<br \/>\nson plus mauvais r\u00f4le : porte-drapeau ?<\/p>\n","protected":false},"author":569,"featured_media":14963,"comment_status":"open","ping_status":"open","sticky":false,"template":"","format":"standard","meta":{"_themeisle_gutenberg_block_has_review":false,"footnotes":""},"categories":[141],"tags":[357,287],"class_list":["post-4817","post","type-post","status-publish","format-standard","has-post-thumbnail","hentry","category-archives-web","tag-chronique","tag-medias"],"_links":{"self":[{"href":"https:\/\/archives.regards.fr\/index.php?rest_route=\/wp\/v2\/posts\/4817","targetHints":{"allow":["GET"]}}],"collection":[{"href":"https:\/\/archives.regards.fr\/index.php?rest_route=\/wp\/v2\/posts"}],"about":[{"href":"https:\/\/archives.regards.fr\/index.php?rest_route=\/wp\/v2\/types\/post"}],"author":[{"embeddable":true,"href":"https:\/\/archives.regards.fr\/index.php?rest_route=\/wp\/v2\/users\/569"}],"replies":[{"embeddable":true,"href":"https:\/\/archives.regards.fr\/index.php?rest_route=%2Fwp%2Fv2%2Fcomments&post=4817"}],"version-history":[{"count":0,"href":"https:\/\/archives.regards.fr\/index.php?rest_route=\/wp\/v2\/posts\/4817\/revisions"}],"wp:featuredmedia":[{"embeddable":true,"href":"https:\/\/archives.regards.fr\/index.php?rest_route=\/wp\/v2\/media\/14963"}],"wp:attachment":[{"href":"https:\/\/archives.regards.fr\/index.php?rest_route=%2Fwp%2Fv2%2Fmedia&parent=4817"}],"wp:term":[{"taxonomy":"category","embeddable":true,"href":"https:\/\/archives.regards.fr\/index.php?rest_route=%2Fwp%2Fv2%2Fcategories&post=4817"},{"taxonomy":"post_tag","embeddable":true,"href":"https:\/\/archives.regards.fr\/index.php?rest_route=%2Fwp%2Fv2%2Ftags&post=4817"}],"curies":[{"name":"wp","href":"https:\/\/api.w.org\/{rel}","templated":true}]}}