{"id":4812,"date":"2011-05-04T17:51:05","date_gmt":"2011-05-04T15:51:05","guid":{"rendered":"https:\/\/wp.muchomaas.com\/geronimo-le-resistant-etait-deja4812\/"},"modified":"2023-06-23T23:08:23","modified_gmt":"2023-06-23T21:08:23","slug":"geronimo-le-resistant-etait-deja4812","status":"publish","type":"post","link":"https:\/\/archives.regards.fr\/?p=4812","title":{"rendered":"Geronimo, le r\u00e9sistant, \u00e9tait d\u00e9j\u00e0 mort (mais lui, il est enterr\u00e9)&#8230;"},"content":{"rendered":"<p class=\"post_excerpt\"><em>Geronimo EKIA<\/em>. Ce n&#8217;est pas le nom de la derni\u00e8re biblioth\u00e8que d&#8217;un fabricant de meuble su\u00e9dois mais l&#8217;annonce en direct de la mort de Ben Laden par le patron de la CIA&#8230;<\/p>\n<p>\u00ab<em>Le nom de code pour Ben Laden \u00e9tait &#8220;Geronimo&#8221;. Sur un \u00e9cran vid\u00e9o, le pr\u00e9sident et ses conseillers regardaient le directeur de la CIA L\u00e9on Panetta, narrant depuis les bureaux du quartier g\u00e9n\u00e9ral de l&#8217;agence ce qui se passait au Pakistan<\/em>.<\/p>\n<p>&#8220;Ils ont atteint la cible&#8221;, <em>dit-il.<br \/>\nLes minutes pass\u00e8rent.<\/em><\/p>\n<p>&#8220;Nous avons Geronimo en visuel&#8221;, <em>dit-il.<\/p>\n<p>Quelques minutes plus tard<\/em>: &#8220;Geronimo EKIA&#8221;.<br \/>\n<em>Ennemi tu\u00e9 dans l&#8217;action (Ennemy Killed In Action). Silence dans la salle.<br \/>\nFinalement le pr\u00e9sident dit, plus haut:<\/em> &#8220;Nous l&#8217;avons eu&#8221;\u00bb.<\/p>\n<p>Voici <a href=\"http:\/\/www.nytimes.com\/2011\/05\/03\/world\/asia\/03intel.html?hp\">le r\u00e9cit que le <em>New York Times<\/em> fait de la soir\u00e9e<\/a> pass\u00e9e par Obama et son premier cercle, suivant en direct l&#8217;op\u00e9ration men\u00e9e par les forces sp\u00e9ciales am\u00e9ricaines dans une grosse b\u00e2tisse d&#8217;Abbottabad, \u00e0 une cinquantaine de kilom\u00e8tres de la capitale Islamabad, dans la nuit du 1er au 2 mai. A la fin du film, donc, c&#8217;est Geronimo qui est &#8220;<em>tu\u00e9 dans l&#8217;action<\/em>&#8220;.<\/p>\n<p>Pourtant, il \u00e9tait d\u00e9j\u00e0 mort, Geronimo. Il y a 102 ans, le 18 f\u00e9vrier 1909, le m\u00eame <em>NY Times<\/em> publiait <a href=\"http:\/\/www.nytimes.com\/learning\/general\/onthisday\/bday\/0616.html\">la n\u00e9crologie de cet ancien chef apache<\/a> emport\u00e9 par une pneumonie \u00e0 l&#8217;\u00e2ge de 79 ans. Une n\u00e9cro, pas vraiment un pan\u00e9gyrique posthume: <em>&#8220;Leader des Apaches en conflit dans les territoires du Sud \u00e0 l&#8217;\u00e9poque des pionniers, Geronimo avait acquis une r\u00e9putation de cruaut\u00e9 et de fourberie jamais \u00e9gal\u00e9e par aucun des autres chefs indiens d&#8217;Am\u00e9rique. Pendant plus de vingt ans, lui et ses hommes ont \u00e9t\u00e9 la terreur du pays, ne laissant sur leur passage que d\u00e9vastation et effusion de sang.<\/em>&#8221;<\/p>\n<p>Bon. Nous voil\u00e0 donc \u00e9clair\u00e9s sur le lien unissant un chef apache n\u00e9 au Mexique et op\u00e9rant lors de la deuxi\u00e8me moiti\u00e9 du XIX\u00e8me si\u00e8cle \u00e0 un leader saoudien du jihad devenu tr\u00e8s c\u00e9l\u00e8bre au tout d\u00e9but du XXI\u00e8me: leur vilaine manie de terroriser les am\u00e9ricains.<\/p>\n<p>Pourtant, les deux hommes n&#8217;ont pas grand chose \u00e0 commun.<br \/>\nQui \u00e9tait Geronimo? Un chaman apache, n\u00e9 vers 1829 qui passa une bonne partie de sa vie \u00e0 combattre les arm\u00e9es du Mexique et des Etats-Unis. Entre 1858 et 1886, luttant parfois aux c\u00f4t\u00e9s de Cochise, Geronimo va alterner les p\u00e9riodes de combat, de capture, de vie dans les r\u00e9serves suite \u00e0 des signatures de trait\u00e9s, d&#8217;\u00e9vasion, de repli dans les montagnes d&#8217;o\u00f9 il multipliera les actions de banditisme et des attaques plus &#8220;politiques&#8221; contre les colons blancs. En septembre 1886, fatigu\u00e9, il se rend pour la derni\u00e8re fois.<br \/>\nA la fin de sa vie, retenu dans le camp militaire de Fort Stil en Oklahoma, Geronimo \u00e9tait devenu fermier, se faisait prendre en photo, vendait des souvenirs et r\u00e9pondait \u00e0 la presse. Il s&#8217;\u00e9tait converti au christianisme (ce qui, soit-dit en passant, ne risquait pas d&#8217;arriver \u00e0 Ben Laden&#8230;). En 1906, il avait lui-m\u00eame dict\u00e9 son autobiographie. <a href=\" http:\/\/odur.let.rug.nl\/&nbsp;usa\/B\/geronimo\/geronixx.htm \">Consultable int\u00e9gralement en ligne<\/a> mais seulement en anglais, ce document a \u00e9t\u00e9 traduit en fran\u00e7ais et \u00e9dit\u00e9 une premi\u00e8re fois en 1972 chez Fran\u00e7ois Maspero puis r\u00e9\u00e9dit\u00e9 en poche en 2003 aux \u00e9ditions La d\u00e9couverte sous le titre <em>M\u00e9moires de G\u00e9ronimo<\/em>.<\/p>\n<p>S&#8217;il est nettement moins &#8220;tee-shirtis\u00e9&#8221; que Guevara, Geronimo, son authentique parcours d&#8217;aventurier, de guerillero et de r\u00e9sistant (et malgr\u00e9 sa fin de vie un peu tragique) a largement m\u00e9rit\u00e9 sa place au Panth\u00e9on des figures plan\u00e9taires de la r\u00e9sistance. Pas s\u00fbr qu&#8217;on puisse un jour en dire autant du jihadiste fils de milliardaire saoudien que les commandos am\u00e9ricains ont abattu comme un malfrat avant de le jeter dans la mer d&#8217;Oman. <\/p>\n<p>Etonnant d&#8217;ailleurs, cet acte final apr\u00e8s une traque de dix ans: jeter un corps (que l&#8217;on imagine cribl\u00e9 de balles) \u00e0 la mer. Une explication? Revenons \u00e0 Geronimo: en 2009, le 100\u00e8me anniversaire de sa mort avait soulev\u00e9 <a href=\" http:\/\/www.independent.co.uk\/news\/world\/americas\/the-big-question-who-was-geronimo-and-why-is--there-controversy-over-his-remains-1714167.html \">un d\u00e9bat aux Etats-Unis<\/a>, l&#8217;un de ses arri\u00e8re petits-enfants intentant une d\u00e9marche judiciaire contre le gouvernement am\u00e9ricain pour ramener la d\u00e9pouille de son a\u00efeul au Nouveau-Mexique, son lieu de naissance. <\/p>\n<p>Voil\u00e0 au moins quelque chose que ne pourra jamais r\u00e9clamer la descendance de Ben Laden. Ils sont malins, ces am\u00e9ricains.<\/p>\n<div id='gallery-1' class='gallery galleryid-4812 gallery-columns-3 gallery-size-thumbnail'><figure class='gallery-item'>\n\t\t\t<div class='gallery-icon landscape'>\n\t\t\t\t<a href='https:\/\/archives.regards.fr\/wp-content\/uploads\/2011\/05\/gero_bandeau-6dd.jpg'><img loading=\"lazy\" decoding=\"async\" width=\"150\" height=\"122\" src=\"https:\/\/archives.regards.fr\/wp-content\/uploads\/2011\/05\/gero_bandeau-6dd-150x122.jpg\" class=\"attachment-thumbnail size-thumbnail\" alt=\"Geronimo, le r\u00e9sistant, \u00e9tait d\u00e9j\u00e0 mort (mais lui, il est enterr\u00e9)...\" aria-describedby=\"gallery-1-14949\" \/><\/a>\n\t\t\t<\/div>\n\t\t\t\t<figcaption class='wp-caption-text gallery-caption' id='gallery-1-14949'>\n\t\t\t\tGeronimo, le r\u00e9sistant, \u00e9tait d\u00e9j\u00e0 mort (mais lui, il est enterr\u00e9)&#8230;\n\t\t\t\t<\/figcaption><\/figure><figure class='gallery-item'>\n\t\t\t<div class='gallery-icon landscape'>\n\t\t\t\t<a href='https:\/\/archives.regards.fr\/wp-content\/uploads\/2011\/05\/gero_crop-58c.jpg'><img loading=\"lazy\" decoding=\"async\" width=\"80\" height=\"55\" src=\"https:\/\/archives.regards.fr\/wp-content\/uploads\/2011\/05\/gero_crop-58c.jpg\" class=\"attachment-thumbnail size-thumbnail\" alt=\"Geronimo, le r\u00e9sistant, \u00e9tait d\u00e9j\u00e0 mort (mais lui, il est enterr\u00e9)...\" aria-describedby=\"gallery-1-14950\" \/><\/a>\n\t\t\t<\/div>\n\t\t\t\t<figcaption class='wp-caption-text gallery-caption' id='gallery-1-14950'>\n\t\t\t\tGeronimo, le r\u00e9sistant, \u00e9tait d\u00e9j\u00e0 mort (mais lui, il est enterr\u00e9)&#8230;\n\t\t\t\t<\/figcaption><\/figure>\n\t\t<\/div>\n\n","protected":false},"excerpt":{"rendered":"<p><em>Geronimo EKIA<\/em>. Ce n&#8217;est pas le nom de la derni\u00e8re biblioth\u00e8que d&#8217;un fabricant de meuble su\u00e9dois mais l&#8217;annonce en direct de la mort de Ben Laden par le patron de la CIA&#8230;<\/p>\n","protected":false},"author":558,"featured_media":14949,"comment_status":"open","ping_status":"open","sticky":false,"template":"","format":"standard","meta":{"_themeisle_gutenberg_block_has_review":false,"footnotes":""},"categories":[141],"tags":[340,379],"class_list":["post-4812","post","type-post","status-publish","format-standard","has-post-thumbnail","hentry","category-archives-web","tag-etats-unis","tag-resistances"],"_links":{"self":[{"href":"https:\/\/archives.regards.fr\/index.php?rest_route=\/wp\/v2\/posts\/4812","targetHints":{"allow":["GET"]}}],"collection":[{"href":"https:\/\/archives.regards.fr\/index.php?rest_route=\/wp\/v2\/posts"}],"about":[{"href":"https:\/\/archives.regards.fr\/index.php?rest_route=\/wp\/v2\/types\/post"}],"author":[{"embeddable":true,"href":"https:\/\/archives.regards.fr\/index.php?rest_route=\/wp\/v2\/users\/558"}],"replies":[{"embeddable":true,"href":"https:\/\/archives.regards.fr\/index.php?rest_route=%2Fwp%2Fv2%2Fcomments&post=4812"}],"version-history":[{"count":0,"href":"https:\/\/archives.regards.fr\/index.php?rest_route=\/wp\/v2\/posts\/4812\/revisions"}],"wp:featuredmedia":[{"embeddable":true,"href":"https:\/\/archives.regards.fr\/index.php?rest_route=\/wp\/v2\/media\/14949"}],"wp:attachment":[{"href":"https:\/\/archives.regards.fr\/index.php?rest_route=%2Fwp%2Fv2%2Fmedia&parent=4812"}],"wp:term":[{"taxonomy":"category","embeddable":true,"href":"https:\/\/archives.regards.fr\/index.php?rest_route=%2Fwp%2Fv2%2Fcategories&post=4812"},{"taxonomy":"post_tag","embeddable":true,"href":"https:\/\/archives.regards.fr\/index.php?rest_route=%2Fwp%2Fv2%2Ftags&post=4812"}],"curies":[{"name":"wp","href":"https:\/\/api.w.org\/{rel}","templated":true}]}}