{"id":4804,"date":"2011-04-30T11:30:00","date_gmt":"2011-04-30T09:30:00","guid":{"rendered":"https:\/\/wp.muchomaas.com\/un-appel-pour-la-palestine4804\/"},"modified":"2023-06-24T17:34:26","modified_gmt":"2023-06-24T15:34:26","slug":"un-appel-pour-la-palestine4804","status":"publish","type":"post","link":"https:\/\/archives.regards.fr\/?p=4804","title":{"rendered":"Un appel pour la Palestine"},"content":{"rendered":"<p class=\"post_excerpt\">Alors que le &#8220;printemps arabe&#8221; n&#8217;en finit pas de faire bouger les lignes au Proche-Orient, des intellectuels et universitaires fran\u00e7ais lancent un appel demandant la reconnaissance sans d\u00e9lai d&#8217;un Etat palestinien dans les fronti\u00e8res de 1967 avec J\u00e9rusalem-est pour capitale. Nous reproduisons ci-dessous la version compl\u00e8te de cet appel dont une version abr\u00e9g\u00e9e a \u00e9t\u00e9 publi\u00e9e par <em>Le Monde<\/em> dat\u00e9 du 29 avril 2011.<\/p>\n<h2>L&#8217;Etat palestinien, c&#8217;est maintenant !<\/h2>\n<p>Le Proche-Orient est \u00e0 la crois\u00e9e des chemins. La poursuite de la colonisation isra\u00e9lienne de la Palestine a conduit les n\u00e9gociations de paix dans l\u2019impasse. Le d\u00e9sespoir risque de provoquer l\u2019\u00e9clatement d\u2019une troisi\u00e8me Intifada. A l\u2019heure o\u00f9 les peuples arabes reprennent en mains leur destin, seule une reconnaissance g\u00e9n\u00e9ralis\u00e9e de l\u2019Etat de Palestine dans les fronti\u00e8res d\u2019avant la guerre de 1967, avec J\u00e9rusalem-Est pour capitale, peut ouvrir une perspective nouvelle.<\/p>\n<p>Or, le 24 septembre 2010, le pr\u00e9sident Barack Obama a propos\u00e9 \u00e0 l\u2019Assembl\u00e9e g\u00e9n\u00e9rale des Nations unies de \u00ab <em>revenir l&#8217;ann\u00e9e prochaine avec un accord qui am\u00e8nera un nouvel Etat membre aux Nations unies, un Etat palestinien ind\u00e9pendant et souverain, qui vive en paix avec Isra\u00ebl <\/em> \u00bb. Depuis, la plupart des Etats latino-am\u00e9ricains ont reconnu cet Etat de Palestine. Le 21 avril, le pr\u00e9sident de la R\u00e9publique Nicolas Sarkozy a fait part au pr\u00e9sident palestinien Mahmoud Abbas de son \u00ab <em>soutien tr\u00e8s clair aux efforts visant la cr\u00e9ation d\u2019un Etat palestinien <\/em> \u00bb. Et le ministre des Affaires \u00e9trang\u00e8res Alain Jupp\u00e9 estime que la reconnaissance de l\u2019Etat palestinien est \u00ab <em>une hypoth\u00e8se qu\u2019il faut avoir en t\u00eate <\/em> \u00bb, mais qu\u2019 \u00ab<em> il faut le faire avec l\u2019Union europ\u00e9enne<\/em> \u00bb. Laquelle s\u2019est engag\u00e9e, le 13 d\u00e9cembre dernier, \u00e0 en faire autant \u00ab<em> le moment venu<\/em> \u00bb.<\/p>\n<p>Ce moment est venu. Le pr\u00e9sident Mahmoud Abbas a entam\u00e9 une tourn\u00e9e afin d\u2019obtenir la reconnaissance de l\u2019Etat de Palestine. En Isra\u00ebl m\u00eame, des personnalit\u00e9s pour la plupart issues du Mossad, du Shin Bet, de l\u2019arm\u00e9e et du monde des affaires ont rendu publique une \u00ab Initiative de paix isra\u00e9lienne \u00bb en faveur de  la cr\u00e9ation d\u2019un Etat palestinien \u00e0 c\u00f4t\u00e9 de celui d\u2019Isra\u00ebl. Cette initiative a \u00e9t\u00e9 suivie d\u2019une p\u00e9tition dans le m\u00eame sens sign\u00e9e par une soixantaine de personnalit\u00e9s dont dix-sept laur\u00e9ats du Prix d\u2019Isra\u00ebl, une des plus hautes distinctions en mati\u00e8re d\u2019art, de sciences, de lettres, des universitaires comme Zeev Sternhell et Yirmiyahu Yovel, la fondatrice du parti Meretz Shulamit Aloni. Les signataires rappellent la r\u00e9solution 181 de l\u2019Assembl\u00e9e g\u00e9n\u00e9rale de l\u2019ONU du 29 novembre 1947, qui stipulait \u00ab<em> la cr\u00e9ation d\u2019un Etat juif et d\u2019un Etat arabe ind\u00e9pendants<\/em> \u00bb, et reprennent plusieurs phrases de la D\u00e9claration d\u2019ind\u00e9pendance d\u2019Isra\u00ebl du 14 mai 1948. Et ils ajoutent : \u00ab<em> Nous avons regard\u00e9 autour de nous, constat\u00e9 ce qui se passe dans les pays voisins et nous nous sommes dit qu\u2019il est temps pour les Isra\u00e9liens de faire entendre leur voix. <\/em> \u00bb<\/p>\n<p>Nous saluons ces d\u00e9marches et exhortons la communaut\u00e9 internationale \u00e0 prendre enfin ses responsabilit\u00e9s : soixante-quatre ans apr\u00e8s l\u2019avortement du plan de partage de la Palestine qu\u2019elle ne s\u2019est pas donn\u00e9 les moyens d\u2019appliquer, il lui revient d\u2019assurer un r\u00e8glement d\u00e9finitif, juste et durable fond\u00e9 sur le droit international. La France et l\u2019Union europ\u00e9enne doivent prendre l\u2019initiative en reconnaissant sans attendre l\u2019Etat palestinien dans les fronti\u00e8res d\u2019avant la guerre de 1967 avec J\u00e9rusalem-Est pour capitale et en appelant l\u2019ONU \u00e0 en faire de m\u00eame sans d\u00e9lai.<\/p>\n<p>Mais nous ne pouvons nous en remettre aux seules autorit\u00e9s nationales et internationales. Notre responsabilit\u00e9 de citoyens est aussi de mobiliser l\u2019opinion pour qu\u2019elle p\u00e8se dans ce sens. C\u2019est pourquoi nous invitons les personnalit\u00e9s et les intellectuels de toutes origines, tendances et sensibilit\u00e9s  \u00e0 se joindre \u00e0 cet appel. Pour que la paix l\u2019emporte sur la guerre. Pour emp\u00eacher de nouvelles trag\u00e9dies. Pour assurer l\u2019avenir des deux peuples vivant sur cette m\u00eame terre.<\/p>\n<p>Premiers signataires :<\/p>\n<p><strong>Jean Christophe Attias<\/strong>, directeur d&#8217;\u00e9tudes \u00e0 l&#8217;EPHE (Sorbonne)<\/p>\n<p><strong>Bertrand Badie<\/strong>, professeur \u00e0 Sciences Po<\/p>\n<p><strong>Jean Baub\u00e9rot<\/strong>, professeur \u00e9m\u00e9rite \u00e0 l\u2019EPHE (Sorbonne)<\/p>\n<p><strong>Esther Benbassa<\/strong>, directrice d&#8217;\u00e9tudes \u00e0 l&#8217;EPHE (Sorbonne)<\/p>\n<p><strong>Monique Chemillier-Gendreau<\/strong>, professeure \u00e9m\u00e9rite (Universit\u00e9 Paris VII-Diderot)<\/p>\n<p><strong>Jean Daniel<\/strong>, \u00e9ditorialiste, \u00e9crivain<\/p>\n<p><strong>Fran\u00e7ois G\u00e8ze<\/strong>, \u00e9diteur<\/p>\n<p><strong>Gis\u00e8le Halimi<\/strong>, avocate, ancienne d\u00e9put\u00e9e, ambassadrice de l&#8217;Unesco<\/p>\n<p><strong>St\u00e9phane Hessel<\/strong>, ambassadeur de France<\/p>\n<p><strong>Daniel Lindenberg<\/strong>, professeur \u00e9m\u00e9rite (Universit\u00e9 Paris VIII-Saint-Denis)<\/p>\n<p><strong>Roger Martelli<\/strong>, historien<\/p>\n<p><strong>Edgar Morin<\/strong>, sociologue<\/p>\n<p><strong>Pierre Nora<\/strong>, historien<\/p>\n<p><strong>Ernest Pignon-Ernest<\/strong>, artiste plasticien<\/p>\n<p><strong>Jo\u00ebl Roman<\/strong>, philosophe<\/p>\n<p><strong>Fran\u00e7ois Salvaing<\/strong>, \u00e9crivain<\/p>\n<p><strong>Dominique Vidal<\/strong>, historien et journaliste<div id='gallery-1' class='gallery galleryid-4804 gallery-columns-3 gallery-size-thumbnail'><figure class='gallery-item'>\n\t\t\t<div class='gallery-icon landscape'>\n\t\t\t\t<a href='https:\/\/archives.regards.fr\/wp-content\/uploads\/2011\/05\/jerusalem_bandeau-acc.jpg'><img loading=\"lazy\" decoding=\"async\" width=\"150\" height=\"122\" src=\"https:\/\/archives.regards.fr\/wp-content\/uploads\/2011\/05\/jerusalem_bandeau-acc-150x122.jpg\" class=\"attachment-thumbnail size-thumbnail\" alt=\"Un appel pour la Palestine\" aria-describedby=\"gallery-1-14934\" \/><\/a>\n\t\t\t<\/div>\n\t\t\t\t<figcaption class='wp-caption-text gallery-caption' id='gallery-1-14934'>\n\t\t\t\tUn appel pour la Palestine\n\t\t\t\t<\/figcaption><\/figure><figure class='gallery-item'>\n\t\t\t<div class='gallery-icon landscape'>\n\t\t\t\t<a href='https:\/\/archives.regards.fr\/wp-content\/uploads\/2011\/05\/jerusalem-2-8b6.jpg'><img loading=\"lazy\" decoding=\"async\" width=\"150\" height=\"150\" src=\"https:\/\/archives.regards.fr\/wp-content\/uploads\/2011\/05\/jerusalem-2-8b6-150x150.jpg\" class=\"attachment-thumbnail size-thumbnail\" alt=\"jerusalem-2.jpg\" \/><\/a>\n\t\t\t<\/div><\/figure>\n\t\t<\/div>\n<\/p>\n","protected":false},"excerpt":{"rendered":"<p>Alors que le &#8220;printemps arabe&#8221; n&#8217;en finit pas de faire bouger les lignes au Proche-Orient, des intellectuels et universitaires fran\u00e7ais lancent un appel demandant la reconnaissance sans d\u00e9lai d&#8217;un Etat palestinien dans les fronti\u00e8res de 1967 avec J\u00e9rusalem-est pour capitale. Nous reproduisons ci-dessous la version compl\u00e8te de cet appel dont une version abr\u00e9g\u00e9e a \u00e9t\u00e9 publi\u00e9e par <em>Le Monde<\/em> dat\u00e9 du 29 avril 2011.<\/p>\n","protected":false},"author":1,"featured_media":14934,"comment_status":"open","ping_status":"open","sticky":false,"template":"","format":"standard","meta":{"_themeisle_gutenberg_block_has_review":false,"footnotes":""},"categories":[262,278],"tags":[332],"class_list":["post-4804","post","type-post","status-publish","format-standard","has-post-thumbnail","hentry","category-archives","category-tribunes","tag-palestine"],"_links":{"self":[{"href":"https:\/\/archives.regards.fr\/index.php?rest_route=\/wp\/v2\/posts\/4804","targetHints":{"allow":["GET"]}}],"collection":[{"href":"https:\/\/archives.regards.fr\/index.php?rest_route=\/wp\/v2\/posts"}],"about":[{"href":"https:\/\/archives.regards.fr\/index.php?rest_route=\/wp\/v2\/types\/post"}],"author":[{"embeddable":true,"href":"https:\/\/archives.regards.fr\/index.php?rest_route=\/wp\/v2\/users\/1"}],"replies":[{"embeddable":true,"href":"https:\/\/archives.regards.fr\/index.php?rest_route=%2Fwp%2Fv2%2Fcomments&post=4804"}],"version-history":[{"count":0,"href":"https:\/\/archives.regards.fr\/index.php?rest_route=\/wp\/v2\/posts\/4804\/revisions"}],"wp:featuredmedia":[{"embeddable":true,"href":"https:\/\/archives.regards.fr\/index.php?rest_route=\/wp\/v2\/media\/14934"}],"wp:attachment":[{"href":"https:\/\/archives.regards.fr\/index.php?rest_route=%2Fwp%2Fv2%2Fmedia&parent=4804"}],"wp:term":[{"taxonomy":"category","embeddable":true,"href":"https:\/\/archives.regards.fr\/index.php?rest_route=%2Fwp%2Fv2%2Fcategories&post=4804"},{"taxonomy":"post_tag","embeddable":true,"href":"https:\/\/archives.regards.fr\/index.php?rest_route=%2Fwp%2Fv2%2Ftags&post=4804"}],"curies":[{"name":"wp","href":"https:\/\/api.w.org\/{rel}","templated":true}]}}