{"id":4802,"date":"2011-04-28T11:38:10","date_gmt":"2011-04-28T09:38:10","guid":{"rendered":"https:\/\/wp.muchomaas.com\/au-sommaire-du-numero-10-mai-20114802\/"},"modified":"2023-06-24T17:44:12","modified_gmt":"2023-06-24T15:44:12","slug":"au-sommaire-du-numero-10-mai-20114802","status":"publish","type":"post","link":"https:\/\/archives.regards.fr\/?p=4802","title":{"rendered":"Au sommaire du num\u00e9ro 10 &#8211; Mai 2011"},"content":{"rendered":"<p><strong>Dans le num\u00e9ro 10 de <em>Regards<\/em>, mai 2011, en vente en kiosque pour 5,90\u20ac <\/strong> :<\/p>\n<p>A un an de l&#8217;\u00e9lection pr\u00e9sidentielle, <strong>le spectre<\/strong> d&#8217;une gauche d\u00e9sunie est toujours l\u00e0, c&#8217;est <a href=\"https:\/\/wp.muchomaas.com\/politique\/le-spectre\">l\u2019\u00e9dito de <strong>Roger Martelli<\/strong><\/a>.<\/p>\n<p>Au menu du <strong>Bloc-Notes<\/strong> de la r\u00e9daction : les affres de <a href=\"https:\/\/wp.muchomaas.com\/monde\/ex-pre-carre-label-francafrique\">l&#8217;ex-pr\u00e9 carr\u00e9<\/a>, les bonnes blagues de <a href=\"https:\/\/wp.muchomaas.com\/societe\/skyrock-juste-pour-rire\">Skyrock <\/a> et <a href=\"https:\/\/wp.muchomaas.com\/migrations\/mobilisation-immigration-ou-est-le\">trois questions \u00e0 <strong>Olivier le Cour Grandmaison<\/strong><\/a>.<\/p>\n<p><strong>Jamel Debbouze<\/strong>, figure incontournable de la France d&#8217;aujourd&#8217;hui, est un client ador\u00e9 des m\u00e9dias et politiques. Mais <a href=\"https:\/\/wp.muchomaas.com\/societe\/jamel-sociologue-et-mythe-national\">est-il vraiment le porte-drapeau des classes populaires<\/a> et des cit\u00e9s que beaucoup voudraient voir en lui? Chronique m\u00e9dia.<\/p>\n<p>Alors que le S\u00e9nat s&#8217;appr\u00eate, en mai, \u00e0 se prononcer sur un projet de loi sur la psychiatrie, <strong>Paul Machto et Gilles Verdon<\/strong>, tous deux psychiatres et psychanalystes, <a href=\"https:\/\/wp.muchomaas.com\/societe\/faut-il-imposer-les-soins\">d\u00e9battent sur la l\u00e9gitimit\u00e9 d\u2019imposer un traitement m\u00e9dical<\/a>. Controverse.<\/p>\n<p><strong>Le dossier est consacr\u00e9 ce mois-ci aux recettes politiques du manger mieux.<\/strong> <a href=\"https:\/\/wp.muchomaas.com\/environnement\/et-si-on-supprimait-les\">Supprimer les pesticides, possible ou pas?<\/a> L&#8217;eurod\u00e9put\u00e9 <a href=\"https:\/\/wp.muchomaas.com\/environnement\/jose-bove-quelle-marge-de\"><strong>Jos\u00e9 Bov\u00e9 <\/strong> s&#8217;interroge, lui, sur les marges de manoeuvre du politique<\/a> dans la lutte contre la malbouffe. Alors que la n\u00e9cessit\u00e9 de mieux manger fait <a href=\"https:\/\/wp.muchomaas.com\/societe\/le-gout-du-partage\">refleurir le go\u00fbt du partage<\/a>, <a href=\"https:\/\/wp.muchomaas.com\/environnement\/des-mouvements-pour-resemer-la-vie\">les initiatives alternatives<\/a> se multiplient et <a href=\"https:\/\/wp.muchomaas.com\/societe\/les-collectivites-font-leur\">le bio \u00e0 la cantine apprend \u00e0 ruser<\/a> pour \u00e9viter les lourdaux de l&#8217;industrie alimentaire.<\/p>\n<p>Il y a trente ans, <strong>le 10 mai 1981, Fran\u00e7ois Mitterrand \u00e9tait \u00e9lu pr\u00e9sident de la R\u00e9publique<\/strong>. Retour sur <a href=\"https:\/\/wp.muchomaas.com\/politique\/mai-1981-le-prix-d-un-paradoxe\">les paradoxes d&#8217;une victoire prometteuse<\/a> et <a href=\"https:\/\/wp.muchomaas.com\/politique\/mai-2012-le-ps-a-gagne-la-vie-va\">s\u00e9quence politique-fiction<\/a>: en mai 2012, le PS reprend l&#8217;Elys\u00e9e et&#8230; la vie ne change pas. <a href=\"https:\/\/wp.muchomaas.com\/politique\/laurent-mauduit-le-ps-a-un-devoir\">Entretien avec <strong>Laurent Mauduit,<\/strong><\/a> journaliste qui vient de diriger un ouvrage autour des 110 propositions du PS.<\/p>\n<p><a href=\"https:\/\/wp.muchomaas.com\/societe\/la-france-a-mal-a-sa-solidarite\"><strong>Les pauvres et la solidarit\u00e9<\/strong>, analyse d&#8217;un d\u00e9samour<\/a> qui devrait interroger la gauche politique.<\/p>\n<p><strong>A un an de l&#8217;\u00e9lection pr\u00e9sidentielle de mai 2012, <em>Regards<\/em> entame une s\u00e9rie de reportages pour sonder le rapport que les fran\u00e7ais ont au politique. Un territoire par mois, jusqu&#8217;en mai prochain.<\/strong> Pour commencer, <a href=\"https:\/\/wp.muchomaas.com\/politique\/crise-de-confiance\">on passe par <strong>la Lorraine<\/strong><\/a> o\u00f9 le taux d&#8217;abstention a atteint un niveau record aux derni\u00e8res cantonales.<\/p>\n<p><strong>Faut-il p\u00e9naliser les accrocs du tapin<\/strong>? <a href=\"https:\/\/wp.muchomaas.com\/societe\/prostitution-tous-punis\">Paroles de prostitu\u00e9es et de clients<\/a>.<\/p>\n<p><a href=\"https:\/\/wp.muchomaas.com\/idees\/rokhaya-diallo-il-existe-un\"><strong>Rokhaya Diallo<\/strong>, fondatrice des Indivisibles<\/a>, figure des &#8220;minorit\u00e9s&#8221; fran\u00e7aises, vient de publier <em>Racisme, mode d&#8217;emploi<\/em>. Nous l&#8217;avons rencontr\u00e9.<\/p>\n<p>Tels les petits pains, <strong>les ouvrages sur la r\u00e9sistance et la d\u00e9sob\u00e9issance civile <\/strong> se multiplient ces derniers temps. <a href=\"https:\/\/wp.muchomaas.com\/idees\/resistants-d-hier-et-d-aujourd-hui\">Tour d&#8217;horizon de cette fi\u00e8vre \u00e9ditoriale<\/a>.<\/p>\n<p><strong>Joann Sfar<\/strong> adapte au Cin\u00e9 son fameux chat du rabbin, bd best-seller en plusieurs tomes. Rencontre.<\/p>\n<p><a href=\"https:\/\/wp.muchomaas.com\/culture\/le-gout-des-ruines\">Les ruines, la ville d\u00e9vast\u00e9e<\/a>&#8230; la rubrique <strong>Cr\u00e9ations<\/strong> interroge la  fascination dont le &#8220;post-apocalyptique&#8221; fait l&#8217;objet.<\/p>\n<p>C&#8217;est <a href=\"https:\/\/wp.muchomaas.com\/monde\/alain-gresh-et-le-basculement-du\"><strong>Alain Gresh<\/strong><\/a>, directeur-adjoint du <em>Monde diplomatique<\/em>, sp\u00e9cialiste du monde arabe que nous avons rencontr\u00e9 ce-mois-ci en grand entretien.<\/p>\n<p>Et bien s\u00fbr tous les rendez-vous du mensuel : les chroniques de <strong><a href=\"https:\/\/wp.muchomaas.com\/nos-regards\/michel-husson\/la-gauche-et-l-emploi\">Michel Husson<\/a>, <a href=\"https:\/\/wp.muchomaas.com\/nos-regards\/eric-fassin\/les-bons-mots-de-l-immigration\">Eric Fassin<\/a>, <a href=\"https:\/\/wp.muchomaas.com\/nos-regards\/arnaud-viviant\/ballotage-tonton-et-publicite\">Arnaud Viviant<\/a>, <a href=\"https:\/\/wp.muchomaas.com\/nos-regards\/leila-chaibi\/sur-le-bord-du-bitume\">Le\u00efla Chaibi<\/a>, <a href=\"https:\/\/wp.muchomaas.com\/societe\/une-assemblee-pour-tuer-le-temps\">Soyons Sport<\/a><\/strong>, <a href=\"https:\/\/wp.muchomaas.com\/nos-selections\/\">nos s\u00e9lections essais et culture<\/a>.<\/p>\n","protected":false},"excerpt":{"rendered":"<p>Dans le num\u00e9ro 10 de Regards, mai 2011, en vente en kiosque pour 5,90\u20ac : A un an de l&#8217;\u00e9lection pr\u00e9sidentielle, le spectre d&#8217;une gauche d\u00e9sunie est toujours l\u00e0, c&#8217;est l\u2019\u00e9dito de Roger Martelli. Au menu du Bloc-Notes de la r\u00e9daction : les affres de l&#8217;ex-pr\u00e9 carr\u00e9, les bonnes blagues de Skyrock et trois questions [&hellip;]<\/p>\n","protected":false},"author":1,"featured_media":0,"comment_status":"closed","ping_status":"open","sticky":false,"template":"","format":"standard","meta":{"_themeisle_gutenberg_block_has_review":false,"footnotes":""},"categories":[262],"tags":[371],"class_list":["post-4802","post","type-post","status-publish","format-standard","hentry","category-archives","tag-sommaire"],"_links":{"self":[{"href":"https:\/\/archives.regards.fr\/index.php?rest_route=\/wp\/v2\/posts\/4802","targetHints":{"allow":["GET"]}}],"collection":[{"href":"https:\/\/archives.regards.fr\/index.php?rest_route=\/wp\/v2\/posts"}],"about":[{"href":"https:\/\/archives.regards.fr\/index.php?rest_route=\/wp\/v2\/types\/post"}],"author":[{"embeddable":true,"href":"https:\/\/archives.regards.fr\/index.php?rest_route=\/wp\/v2\/users\/1"}],"replies":[{"embeddable":true,"href":"https:\/\/archives.regards.fr\/index.php?rest_route=%2Fwp%2Fv2%2Fcomments&post=4802"}],"version-history":[{"count":0,"href":"https:\/\/archives.regards.fr\/index.php?rest_route=\/wp\/v2\/posts\/4802\/revisions"}],"wp:attachment":[{"href":"https:\/\/archives.regards.fr\/index.php?rest_route=%2Fwp%2Fv2%2Fmedia&parent=4802"}],"wp:term":[{"taxonomy":"category","embeddable":true,"href":"https:\/\/archives.regards.fr\/index.php?rest_route=%2Fwp%2Fv2%2Fcategories&post=4802"},{"taxonomy":"post_tag","embeddable":true,"href":"https:\/\/archives.regards.fr\/index.php?rest_route=%2Fwp%2Fv2%2Ftags&post=4802"}],"curies":[{"name":"wp","href":"https:\/\/api.w.org\/{rel}","templated":true}]}}