{"id":4790,"date":"2011-04-19T01:00:00","date_gmt":"2011-04-18T23:00:00","guid":{"rendered":"https:\/\/wp.muchomaas.com\/une-mythologie-de-la-culture4790\/"},"modified":"2023-06-23T23:08:18","modified_gmt":"2023-06-23T21:08:18","slug":"une-mythologie-de-la-culture4790","status":"publish","type":"post","link":"https:\/\/archives.regards.fr\/?p=4790","title":{"rendered":"Une mythologie de la culture populaire"},"content":{"rendered":"<p class=\"post_excerpt\">La publication r\u00e9cente en France d\u2019un essai ancien sur la culture<br \/>\nam\u00e9ricaine du XIXe si\u00e8cle remet en avant la notion de \u00ab culture populaire \u00bb.<br \/>\nLa th\u00e8se de l\u2019historien semble promouvoir le discours anti-intellectualiste.<\/p>\n<p>Au moment o\u00f9 la notion de populisme est \u00e0<br \/>\nla mode dans le discours politique et permet<br \/>\nde confondre, sans autre forme de proc\u00e8s,<br \/>\nles extr\u00eames \u00e9lectoraux, les \u00e9ditions de<br \/>\nLa D\u00e9couverte viennent de publier un livre<br \/>\nde l\u2019historien Lawrence W. Levine sur la \u00ab culture populaire \u00bb,<br \/>\nparu aux Etats-Unis en 1988 : <em>Culture d\u2019en haut, culture d\u2019en<br \/>\nbas, L\u2019\u00e9mergence des hi\u00e9rarchies culturelles aux Etats-Unis<\/em>.<br \/>\nCe sont trois articles du d\u00e9but des ann\u00e9es 1980 qui ont un<br \/>\ndouble m\u00e9rite. D\u2019abord celui de d\u00e9peindre par touches un<br \/>\npanorama culturel des Etats-Unis de la Conqu\u00eate de l\u2019Ouest<br \/>\njusqu\u2019\u00e0 la Premi\u00e8re guerre mondiale, panorama d\u00e9taill\u00e9 sinon<br \/>\nsavant. Le m\u00e9rite est aussi de formuler clairement des<br \/>\n\u00e9l\u00e9ments que l\u2019on rattache \u00e0 la notion de culture populaire<br \/>\nsans que, g\u00e9n\u00e9ralement, ils ne soient autre chose que des<br \/>\npr\u00e9suppos\u00e9s, des id\u00e9es implicites. Lawrence W. Levine<br \/>\nd\u00e9ploie donc un argumentaire sur une certaine s\u00e9quence<br \/>\nde la culture am\u00e9ricaine, qualifie cette s\u00e9quence d\u2019authentique<br \/>\nculture populaire et fournit ce faisant un objet cons\u00e9quent<br \/>\npour la discussion. Autrement dit, Levine se risque \u00e0<br \/>\nproposer, sinon une d\u00e9finition, du moins un exemple de ce<br \/>\nqu\u2019il estime avoir \u00e9t\u00e9 une tranche<br \/>\nhistorique de culture populaire.<br \/>\nUsage \u00e0 discuter mais usage<br \/>\ncons\u00e9quent d\u2019une notion excessivement<br \/>\ngalvaud\u00e9e.<\/p>\n<h2>Perversion<\/h2>\n<p>La th\u00e8se de Levine est la suivante :<br \/>\nles hi\u00e9rarchies culturelles avec lesquelles<br \/>\nnous vivons \u2013 que les analyses<br \/>\nde la sociologie nous forcent<br \/>\n\u00e0 consid\u00e9rer, et selon lesquelles la<br \/>\nfr\u00e9quentation de certaines choses<br \/>\n\u00ab ferait bien \u00bb tandis que d\u2019autres<br \/>\n\u00ab feraient moins bien \u00bb \u2013 n\u2019ont pas<br \/>\ntoujours exist\u00e9. Elles sont le fruit<br \/>\nde la perversion d\u2019une situation<br \/>\nant\u00e9rieure, celle d\u2019une \u00ab culture<br \/>\npublique partag\u00e9e \u00bb, o\u00f9 les hi\u00e9rarchies<br \/>\nentre \u00ab haute \u00bb et \u00ab basse \u00bb<br \/>\nculture n\u2019existaient pas \u2013 classement<br \/>\nque la culture anglo-saxonne<br \/>\nop\u00e8re en empruntant ses termes<br \/>\n\u00e0 la phr\u00e9nologie : <em>highbrow<\/em> et<br \/>\n<em>lowbrow<\/em> (front haut et front bas).<br \/>\nQue le classement classe, pour<br \/>\nreprendre les termes de Bourdieu,<br \/>\nappara\u00eet \u00e0 Levine, \u00e0 la fois comme<br \/>\nune chose insupportable et comme une construction historique. Il en d\u00e9nonce le caract\u00e8re de construction r\u00e9cente parce que cela lui est insoutenable.<\/p>\n<p>Tout d\u2019abord, il faut s\u2019arr\u00eater sur la description de la soci\u00e9t\u00e9<br \/>\nam\u00e9ricaine pendant la Conqu\u00eate de l\u2019Ouest \u2013 fin XVIIIe &#8211; fin<br \/>\nXIXe si\u00e8cle \u2013 dont Levine fait le cadre de cette culture populaire<br \/>\nauthentique. En effet, Shakespeare \u00e9tait alors un objet<br \/>\ndu socle de r\u00e9f\u00e9rence commun : mineurs, soldats, ouvriers,<br \/>\nenfants, toutes les cat\u00e9gories sociales et tous les groupes<br \/>\ndonn\u00e9s que nous consid\u00e9rerions aujourd\u2019hui comme \u00e9trangers<br \/>\n\u00e0 la culture savante, connaissaient Shakespeare par<br \/>\ncoeur. Le th\u00e9\u00e2tre \u00e9tait un divertissement commun partag\u00e9,<br \/>\ncouru de tous, et proposait \u00e0 son public fervent des soir\u00e9es<br \/>\n\u00e0 rallonge o\u00f9 alternaient sans distinction pi\u00e8ces de Shakespeare,<br \/>\nnum\u00e9ros de foire, chansons patriotiques, etc. Et Levine<br \/>\nde conclure que ce rapport \u00e0 la culture \u00e9tait finalement<br \/>\nplus sain parce non hi\u00e9rarchis\u00e9.<\/p>\n<h2>Repr\u00e9sentation valorisante<\/h2>\n<p>A lire les exemples qu\u2019il donne, on s\u2019aper\u00e7oit n\u00e9anmoins<br \/>\nque la situation n\u2019\u00e9tait pas si \u00e9d\u00e9nique et qu\u2019une grande violence<br \/>\nr\u00e9gnait dans les salles de spectacles. Qu\u2019un acteur ne<br \/>\njoua pas comme on s\u2019y attendait, qu\u2019un chanteur se soit fait<br \/>\nconna\u00eetre par des positions \u00e9ventuellement<br \/>\nanti-am\u00e9ricaines, qu\u2019un<br \/>\ncom\u00e9dien refuse d\u2019entonner une<br \/>\nchanson patriotique comme l\u2019audience<br \/>\nle r\u00e9clamait tout \u00e0 coup, et le<br \/>\npublic s\u2019enflammait, canardant les<br \/>\nacteurs de fruits pourris, cassant<br \/>\nles chaises, d\u00e9chirant les rideaux.<br \/>\nUne fois la part faite \u00e0 l\u2019exag\u00e9ration<br \/>\nprobable des r\u00e9cits \u2013 qui a int\u00e9r\u00eat<br \/>\n\u00e0 dire quoi ? \u2013, certains \u00e9pisodes<br \/>\nsanglants de l\u2019histoire am\u00e9ricaine<br \/>\nt\u00e9moignent de cette susceptibilit\u00e9,<br \/>\nnotamment nationaliste et sexiste,<br \/>\nd\u2019un public qui entendait reconna\u00eetre<br \/>\nla repr\u00e9sentation valorisante<br \/>\nqu\u2019il se faisait de lui-m\u00eame dans<br \/>\nles objets qui lui \u00e9taient propos\u00e9s.<br \/>\nCes pratiques culturelles n\u2019\u00e9taient<br \/>\ndonc pas exemptes de hi\u00e9rarchies,<br \/>\nelles \u00e9taient class\u00e9es selon des crit\u00e8res<br \/>\nautres.<\/p>\n<p>L\u2019interpr\u00e9tation que donne Levine de la culture am\u00e9ricaine du<br \/>\nXIXe si\u00e8cle, au prix de quelques for\u00e7ages, correspond \u00e0 un<br \/>\nmonde o\u00f9 le rapport aux objets de la culture aurait \u00e9t\u00e9 pur de<br \/>\nces deux dimensions de classement que sont le jugement de<br \/>\ngo\u00fbt et le m\u00e9pris de classe. Un monde d\u2019innocence sociale<br \/>\net culturelle, o\u00f9 tous les objets se seraient valus. Un monde<br \/>\nen somme o\u00f9 le rapport au divertissement aurait \u00e9t\u00e9 imm\u00e9diat,<br \/>\nsans \u00eatre entach\u00e9, ni par l\u2019art et ses exigences encombrantes,<br \/>\nni par les antagonismes sociaux et leurs projections<br \/>\ninstrumentalisantes sur la culture. Sauf que ce monde, et les<br \/>\nexemples de Levine le montrent eux-m\u00eames, n\u2019existe pas.<\/p>\n<p>La culture populaire telle que Levine la postule est une<br \/>\nmythologie. La question qui se pose alors est celle de sa<br \/>\nfonction, qui me semble ambigu\u00eb. Effectivement l\u2019utilisation<br \/>\nde la culture comme outil de naturalisation de la domination<br \/>\nsociale est une r\u00e9alit\u00e9, dont Levine donne \u00e0 l\u2019occasion des<br \/>\nexemples obsc\u00e8nes \u2013 telle cette bonne \u00e2me qui pr\u00e9conise<br \/>\nla transformation de tous les syndicats en soci\u00e9t\u00e9s chorales<br \/>\npour que les gr\u00e8ves cessent et que les travailleurs soient de<br \/>\nmeilleure volont\u00e9 ! Pour autant, il me semble que d\u00e9noncer<br \/>\nles actuelles hi\u00e9rarchies culturelles est insuffisant \u00e0 analyser<br \/>\nla question des antagonismes sociaux, d\u2019une part, et, d\u2019autre<br \/>\npart, ne dispense pas de se poser la question de la nature<br \/>\ndes objets et de leurs adresses, hautes ou basses.<\/p>\n<h2>Marthaler = Bigard ?<\/h2>\n<p>Certes, le jugement classe, tout le temps, mais le probl\u00e8me<br \/>\nn\u2019est pas l\u00e0, il n\u2019est pas que nous soyons pris dans des hi\u00e9rarchies<br \/>\net des distinctions, horizontales ou verticales \u2013 sauf<br \/>\nen effet \u00e0 fantasmer un Eden politique \u2013, la question est celle<br \/>\nde la l\u00e9gitimit\u00e9 de ces hi\u00e9rarchies et de ces r\u00e9partitions. Or<br \/>\nla notion de culture populaire telle que la d\u00e9veloppe Levine<br \/>\nfantasme une sorte d\u2019\u00e9tat de nature d\u2019indistinction des sujets<br \/>\net des objets \u2013 la culture populaire comme mythologie ne<br \/>\nserait-elle pas l\u2019\u00e9quivalent, pour la culture, de ce qu\u2019est l\u2019\u00e9tat<br \/>\nde nature dans la philosophie politique ?<\/p>\n<p>Il me semble n\u00e9cessaire de distinguer, d\u2019une part, les hi\u00e9rarchies<br \/>\nsociales \u2013 et d\u2019en d\u00e9duire des questions radicales,<br \/>\npar exemple : pourquoi un avocat serait-il mieux pay\u00e9 qu\u2019un<br \/>\nbalayeur ? \u2013 et, d\u2019autre part, les distinctions culturelles,<br \/>\nau sens premier du mot \u2013 la distinction entre diff\u00e9rentes<br \/>\nnatures d\u2019objets qui n\u2019ont pas les m\u00eames ambitions ni les<br \/>\nm\u00eames modalit\u00e9s d\u2019adresse : oui, un spectacle de Christoph<br \/>\nMarthaler nous propose un temps de pens\u00e9e plus substantiel et plus<br \/>\n\u00e9lev\u00e9 qu\u2019un spectacle de Jean-Marie Bigard.<\/p>\n<p>Pour le dire de fa\u00e7on plus pol\u00e9mique,<br \/>\nl\u2019anti-intellectualisme de<br \/>\ncette promotion tous azimuts d\u2019une<br \/>\nculture populaire sans classement<br \/>\nne passera pas. Or cette notion finalement<br \/>\ntr\u00e8s id\u00e9ologique de culture<br \/>\npopulaire, quoi que l\u2019on cherche \u00e0<br \/>\nl\u2019historiciser, m\u2019appara\u00eet apporter<br \/>\nce double avantage d\u2019avoir l\u2019air de<br \/>\nd\u00e9noncer la violence (de la domination)<br \/>\nsociale, mais sans la remettre<br \/>\nen cause v\u00e9ritablement, et de pouvoir<br \/>\nfaire passer un anti-intellectualisme<br \/>\nde tr\u00e8s mauvais aloi sous les<br \/>\nesp\u00e8ces d\u2019une saine et g\u00e9n\u00e9reuse<br \/>\nindignation. Que la culture populaire<br \/>\ndans les termes de Levine<br \/>\nn\u2019existe pas, ne veut pas dire que<br \/>\ncela n\u2019existe pas tout court. C\u2019est<br \/>\nune notion qui reste \u00e0 penser.<div id='gallery-1' class='gallery galleryid-4790 gallery-columns-3 gallery-size-thumbnail'><figure class='gallery-item'>\n\t\t\t<div class='gallery-icon landscape'>\n\t\t\t\t<a href='https:\/\/archives.regards.fr\/wp-content\/uploads\/2011\/04\/cult-f92.jpg'><img loading=\"lazy\" decoding=\"async\" width=\"150\" height=\"150\" src=\"https:\/\/archives.regards.fr\/wp-content\/uploads\/2011\/04\/cult-f92-150x150.jpg\" class=\"attachment-thumbnail size-thumbnail\" alt=\"cult.jpg\" \/><\/a>\n\t\t\t<\/div><\/figure>\n\t\t<\/div>\n<\/p>\n","protected":false},"excerpt":{"rendered":"<p>La publication r\u00e9cente en France d\u2019un essai ancien sur la culture<br \/>\nam\u00e9ricaine du XIXe si\u00e8cle remet en avant la notion de \u00ab culture populaire \u00bb.<br \/>\nLa th\u00e8se de l\u2019historien semble promouvoir le discours anti-intellectualiste.<\/p>\n","protected":false},"author":532,"featured_media":14897,"comment_status":"open","ping_status":"open","sticky":false,"template":"","format":"standard","meta":{"_themeisle_gutenberg_block_has_review":false,"footnotes":""},"categories":[141],"tags":[337],"class_list":["post-4790","post","type-post","status-publish","format-standard","has-post-thumbnail","hentry","category-archives-web","tag-essais"],"_links":{"self":[{"href":"https:\/\/archives.regards.fr\/index.php?rest_route=\/wp\/v2\/posts\/4790","targetHints":{"allow":["GET"]}}],"collection":[{"href":"https:\/\/archives.regards.fr\/index.php?rest_route=\/wp\/v2\/posts"}],"about":[{"href":"https:\/\/archives.regards.fr\/index.php?rest_route=\/wp\/v2\/types\/post"}],"author":[{"embeddable":true,"href":"https:\/\/archives.regards.fr\/index.php?rest_route=\/wp\/v2\/users\/532"}],"replies":[{"embeddable":true,"href":"https:\/\/archives.regards.fr\/index.php?rest_route=%2Fwp%2Fv2%2Fcomments&post=4790"}],"version-history":[{"count":0,"href":"https:\/\/archives.regards.fr\/index.php?rest_route=\/wp\/v2\/posts\/4790\/revisions"}],"wp:featuredmedia":[{"embeddable":true,"href":"https:\/\/archives.regards.fr\/index.php?rest_route=\/wp\/v2\/media\/14897"}],"wp:attachment":[{"href":"https:\/\/archives.regards.fr\/index.php?rest_route=%2Fwp%2Fv2%2Fmedia&parent=4790"}],"wp:term":[{"taxonomy":"category","embeddable":true,"href":"https:\/\/archives.regards.fr\/index.php?rest_route=%2Fwp%2Fv2%2Fcategories&post=4790"},{"taxonomy":"post_tag","embeddable":true,"href":"https:\/\/archives.regards.fr\/index.php?rest_route=%2Fwp%2Fv2%2Ftags&post=4790"}],"curies":[{"name":"wp","href":"https:\/\/api.w.org\/{rel}","templated":true}]}}