{"id":4773,"date":"2011-04-06T14:07:47","date_gmt":"2011-04-06T12:07:47","guid":{"rendered":"https:\/\/wp.muchomaas.com\/le-porte-a-porte-sauvera-t-il-le4773\/"},"modified":"2023-06-23T23:08:15","modified_gmt":"2023-06-23T21:08:15","slug":"le-porte-a-porte-sauvera-t-il-le4773","status":"publish","type":"post","link":"https:\/\/archives.regards.fr\/?p=4773","title":{"rendered":"Le porte-\u00e0-porte sauvera-t-il le PS?"},"content":{"rendered":"<p class=\"post_excerpt\">Avec l\u2019aide de trois jeunes chercheurs fran\u00e7ais, le Parti<br \/>\nsocialiste envisage d\u2019utiliser le porte-\u00e0-porte de mani\u00e8re<br \/>\nintensive pour conqu\u00e9rir le pouvoir en 2012. Le mod\u00e8le :<br \/>\nla m\u00e9thode Obama.<\/p>\n<p>Une bien dr\u00f4le d\u2019exp\u00e9rience<br \/>\nest en train de se d\u00e9rouler au<br \/>\nParti socialiste : ses militants<br \/>\nretrouvent peu \u00e0 peu le chemin<br \/>\ndu porte-\u00e0-porte lors des campagnes<br \/>\n\u00e9lectorales. Fini le temps des sondages,<br \/>\ndes petites phrases et autres bruits de couloir ?<br \/>\nC\u2019est en tout cas le souhait d\u2019une poign\u00e9e de<br \/>\npr\u00e9curseurs, inspir\u00e9s par la campagne \u00e9lectorale<br \/>\nde Barack Obama en 2008.<\/p>\n<p>\u00ab<em> Les plus vieux militants nous disent que nous<br \/>\nr\u00e9inventons l\u2019eau chaude ! <\/em> \u00bb remarque Fatma<br \/>\nBouvet de la Maisonneuve, charg\u00e9e des quartiers<br \/>\npopulaires \u00e0 la f\u00e9d\u00e9ration PS des Hauts-de-<br \/>\nSeine. Cette jeune \u00e9lue de Montrouge, encart\u00e9e<br \/>\nau PS depuis 2006, a l\u2019enthousiasme des<br \/>\nnouveaux convertis : \u00ab<em> Aux derni\u00e8res r\u00e9gionales,<br \/>\nnous avons fait du porte-\u00e0-porte et dans notre<br \/>\nville, habituellement \u00e0 droite, la gauche est arriv\u00e9e<br \/>\nen t\u00eate de tous les bureaux de vote !<\/em> \u00bb<\/p>\n<p>L\u2019id\u00e9e de refaire du porte-\u00e0-porte est venue de<br \/>\ntrois jeunes chercheurs fran\u00e7ais \u2013 Guillaume<br \/>\nLiegey, Arthur Muller et Vincent Pons \u2013, tous<br \/>\ntrois trentenaires et dipl\u00f4m\u00e9s de grandes \u00e9coles<br \/>\nfran\u00e7aises (Ecole normale sup\u00e9rieure et HEC)<br \/>\net d\u2019universit\u00e9s am\u00e9ricaines (MIT et Harvard).<br \/>\nPr\u00e9sents aux Etats-Unis lors de la campagne<br \/>\nd\u2019Obama, ils ont \u00e9t\u00e9 \u00e9merveill\u00e9s par la force<br \/>\nde frappe du Parti d\u00e9mocrate qui avait r\u00e9ussi<br \/>\n\u00e0 recruter en quelques mois plus de 5 millions<br \/>\nde volontaires b\u00e9n\u00e9voles charg\u00e9s de frapper<br \/>\naux portes des \u00e9lecteurs abstentionnistes. Avec<br \/>\nsucc\u00e8s. Le taux de participation de la communaut\u00e9<br \/>\nnoire, d\u2019ordinaire plus abstentionniste que<br \/>\nla moyenne, avait alors atteint un record, passant<br \/>\nde 60,3 % en 2004 \u00e0 65,3 % en 2008.<\/p>\n<h2>Une action structur\u00e9e<\/h2>\n<p>\u00ab <em>Cette campagne nous a frapp\u00e9s par son organisation<br \/>\nincroyable, avec l\u2019utilisation d\u2019outils<br \/>\nsyst\u00e9matiques sur tout le territoire,<\/em> raconte Vincent Pons. <em>Les millions de volontaires \u00e9taient<br \/>\norganis\u00e9s de fa\u00e7on d\u00e9centralis\u00e9e et tr\u00e8s structur\u00e9e,<br \/>\net ils utilisaient leurs ordinateurs pour<br \/>\ncoordonner leurs actions. Au final, 7 % des<br \/>\n\u00e9lecteurs d\u2019Obama ont \u00e9t\u00e9 impliqu\u00e9s activement<br \/>\ndans la campagne !<\/em> \u00bb En comparaison, en<br \/>\nFrance, si 7 % des \u00e9lecteurs de S\u00e9gol\u00e8ne Royal<br \/>\ns\u2019\u00e9taient engag\u00e9s en 2007, cela aurait repr\u00e9sent\u00e9<br \/>\n1,3 million de personnes !<\/p>\n<p>En fait, d\u00e8s le d\u00e9but des ann\u00e9es 2000, les deux<br \/>\ngrands partis am\u00e9ricains ont recommenc\u00e9 \u00e0 organiser<br \/>\nde grandes campagnes de \u00ab Get Out the<br \/>\nVote \u00bb, apr\u00e8s que deux chercheurs de l\u2019universit\u00e9<br \/>\nde Yale, Alan Gerber et Donald Green, ont men\u00e9<br \/>\ndes exp\u00e9riences prouvant que la technique du<br \/>\nporte-\u00e0-porte \u00e9tait la plus efficace pour mobiliser<br \/>\nles abstentionnistes. Outre-atlantique, elle<br \/>\navait \u00e9t\u00e9 d\u00e9laiss\u00e9e depuis les ann\u00e9es 1960 au<br \/>\nprofit de moyens de campagne plus modernes<br \/>\nmais aussi plus impersonnels : spots t\u00e9l\u00e9vis\u00e9s,<br \/>\nappels t\u00e9l\u00e9phoniques automatis\u00e9s au message<br \/>\nstandardis\u00e9, etc.<\/p>\n<p>\u00ab<em> Nous nous sommes alors demand\u00e9s comment<br \/>\nnous pouvions faire la m\u00eame chose en France,<br \/>\ncar \u00e7a n\u2019avait pas l\u2019air si sorcier<\/em> \u00bb, se souvient<br \/>\nVincent Pons. Ses deux comp\u00e8res, Arthur et<br \/>\nGuillaume, suivaient alors des cours sur l\u2019organisation<br \/>\ndes campagnes politiques \u00e0 la Kennedy<br \/>\nSchool of Government d\u2019Harvard. \u00ab <em>D\u00e8s le d\u00e9part,<br \/>\nnotre optique \u00e9tait la pr\u00e9paration des \u00e9lections<br \/>\nde 2012<\/em>, nous confie Guillaume Liegey.<br \/>\n<em>Mais pour convaincre nous avions besoin de<br \/>\nmesurer les effets du porte-\u00e0-porte.<\/em> \u00bb<\/p>\n<p>S\u2019ensuivent donc pour eux des dizaines de<br \/>\nvoyages en France. Car avec l\u2019organisation des<br \/>\n\u00e9lections r\u00e9gionales de mars 2010, leur terrain<br \/>\nd\u2019exp\u00e9rimentation est tout trouv\u00e9. Prenant<br \/>\ncontact avec le staff de campagne de Jean-Paul<br \/>\nHuchon, ils vont former plusieurs sections de<br \/>\nmilitants n\u2019ayant pas forc\u00e9ment l\u2019habitude du<br \/>\nporte-\u00e0-porte dans huit zones fortement abstentionnistes<br \/>\n: trois villes de Seine-Saint-Denis<br \/>\n(Sevran, Villetaneuse et Pierrefitte-sur-Seine),<br \/>\ntrois des Hauts-de-Seine (Bagneux, Malakoff et<br \/>\nMontrouge), Domont (Val-d\u2019Oise) et le 11e arrondissement<br \/>\nde Paris.<\/p>\n<p>En quatre semaines, 80 militants form\u00e9s vont<br \/>\nprendre contact avec 11 000 \u00e9lecteurs environ,<br \/>\n\u00e0 raison de trois sessions par semaine en<br \/>\nmoyenne, dans les quartiers cibl\u00e9s comme les<br \/>\nplus abstentionnistes. Comparant les r\u00e9sultats<br \/>\navec un groupe t\u00e9moin, les chercheurs se sont<br \/>\naper\u00e7u que le porte-\u00e0-porte entra\u00eenait une forte<br \/>\naugmentation de la participation des Fran\u00e7ais<br \/>\nn\u00e9s \u00e0 l\u2019\u00e9tranger ou dans les DOM-TOM, sans<br \/>\naugmenter la participation des autres cat\u00e9gories<br \/>\nd\u2019\u00e9lecteurs de fa\u00e7on significative.<\/p>\n<h2>Une forme de reconnaissance<\/h2>\n<p>L\u2019\u00e9valuation montre ainsi que le porte-\u00e0-porte a<br \/>\ndonn\u00e9 lieu \u00e0 une augmentation de la participation<br \/>\ndes \u00e9lecteurs n\u00e9s \u00e0 l\u2019\u00e9tranger d\u2019environ cinq<br \/>\npoints au premier tour (40 % dans le groupe trait\u00e9<br \/>\ncontre 35 % dans le groupe t\u00e9moin) et trois<br \/>\npoints au second tour (43 % contre 40 %). Les<br \/>\n\u00e9lecteurs n\u00e9s \u00e0 l\u2019\u00e9tranger repr\u00e9sentent 22 % de<br \/>\nl\u2019\u00e9chantillon et viennent principalement du Maghreb<br \/>\n(38 %), d\u2019Afrique subsaharienne (29 %)<br \/>\net d\u2019Asie (20 %).<br \/>\n\u00ab <em>Cela nous a surpris, <\/em> reconna\u00eet Vincent Pons.<br \/>\n<em>Car c\u2019est bien l\u2019appartenance de ces \u00e9lecteurs \u00e0<br \/>\ndes minorit\u00e9s ethniques qui explique ces r\u00e9sultats.<br \/>\nNous avons d\u2019ailleurs mesur\u00e9 une m\u00eame<br \/>\ndynamique concernant leurs enfants. Ces Fran\u00e7ais<br \/>\nsont vus par la soci\u00e9t\u00e9 comme des citoyens<br \/>\nde seconde zone, et le fait d\u2019aller les voir directement<br \/>\nest pris souvent comme une forme<br \/>\nde reconnaissance. Par ailleurs, il suffit de leur<br \/>\ndonner quelques informations d\u2019ordre pratique,<br \/>\ncomme la date de l\u2019\u00e9lection et la localisation du<br \/>\nbureau de vote, pour susciter leur participation.<br \/>\nA l\u2019inverse, les autres abstentionnistes sont des<br \/>\n\u201cd\u00e9\u00e7us de la politique\u201d, beaucoup plus difficiles<br \/>\n\u00e0 convaincre\u2026<\/em> \u00bb<\/p>\n<p>De leur c\u00f4t\u00e9, les militants form\u00e9s sont ravis. En<br \/>\nplus des s\u00e9ances de jeux de r\u00f4le organis\u00e9es pour leur apprendre \u00e0 prendre contact, un guide<br \/>\nleur a \u00e9t\u00e9 distribu\u00e9. \u00ab <em>Le tout est de franchir<br \/>\nle premier pas <\/em> \u00bb, explique Guillaume Liegey.<br \/>\n\u00ab <em>Un tabou a \u00e9t\u00e9 lev\u00e9<\/em>, constate de son c\u00f4t\u00e9<br \/>\nFatma Bouvet.<em> Certains militants n\u2019osaient pas<br \/>\net pensaient que c\u2019\u00e9tait trop intrusif, qu\u2019il serait<br \/>\naujourd\u2019hui trop difficile de nous remettre \u00e0 faire<br \/>\ndu porte-\u00e0-porte.<\/em> \u00bb Car les militants arriv\u00e9s depuis<br \/>\nune dizaine d\u2019ann\u00e9es au PS n\u2019ont pas l\u2019exp\u00e9rience<br \/>\nde leurs a\u00een\u00e9s et n\u2019habitent pas dans<br \/>\nles cit\u00e9s. \u00ab <em>Mais ils ont \u00e9t\u00e9 rassur\u00e9s par la pratique.<br \/>\nNous sommes toujours bien accueillis,<\/em><br \/>\nt\u00e9moigne Fatma Bouvet.<em> D\u2019habitude, nous le<br \/>\nfaisons en d\u00e9but de soir\u00e9e, entre 18 heures et<br \/>\n20 heures, les m\u00e8res nous ouvrent alors qu\u2019elles<br \/>\npr\u00e9parent le d\u00eener. Nous restons juste quelques<br \/>\nminutes sur le pas de la porte, le temps de leur<br \/>\ndonner les messages essentiels. <\/em> \u00bb Finalement,<br \/>\nla difficult\u00e9 principale est de r\u00e9ussir \u00e0 entrer des<br \/>\nimmeubles toujours plus barricad\u00e9s. Mais il y a<br \/>\ntoujours des jeunes pour ouvrir aux militants\u2026<br \/>\nEt certains d\u2019entre eux proposent m\u00eame de les<br \/>\naider dans leur tourn\u00e9e !<\/p>\n<h2>L\u2019effet boule de neige<\/h2>\n<p>Le porte-\u00e0-porte permettrait-il de r\u00e9sorber la fracture<br \/>\nsociale qui existe entre les militants du PS et<br \/>\nles quartiers populaires ? C\u2019est ce qu\u2019esp\u00e8re Vincent<br \/>\nPons : \u00ab<em> Souvent, il y a cette peur en France<br \/>\nque le simple fait de parler des diff\u00e9rences et<br \/>\ndes minorit\u00e9s favorise le \u201ccommunautarisme\u201d.<br \/>\nNotre \u00e9tude montre au contraire l\u2019inverse, et<br \/>\nnous invite \u00e0 encourager les contacts. <\/em> \u00bb Il note<br \/>\npar ailleurs que cela permet de collecter des renseignements<br \/>\ndirectement aupr\u00e8s des habitants,<br \/>\n\u00ab<em> et le diagnostic \u00e9tabli sur la base de ces informations<br \/>\npourra servir de base \u00e0 l\u2019\u00e9laboration de<br \/>\npolitiques publiques adapt\u00e9es<\/em> \u00bb.<\/p>\n<p>Encore faudrait-il que le PS puisse g\u00e9n\u00e9raliser<br \/>\nle porte-\u00e0-porte \u00e0 l\u2019horizon 2012. Pour<br \/>\ntoucher un grand nombre d\u2019\u00e9lecteurs, environ<br \/>\n7 millions, les chercheurs estiment qu\u2019en trois<br \/>\nmois de campagne, et \u00e0 raison d\u2019une session<br \/>\nde porte-\u00e0-porte par semaine en moyenne, il<br \/>\nfaudrait 160 000 volontaires. Pour arriver \u00e0 ce<br \/>\nchiffre magique, ils tablent sur des \u00ab<em> mobilisateurs<\/em><br \/>\n\u00bb capables de former d\u2019autres militants et<br \/>\nvolontaires, dont certains pourront aussi devenir<br \/>\nmobilisateurs. C\u2019est ce qu\u2019ils appellent une<br \/>\n\u00ab <em>approche virale ou boule de neige <\/em> \u00bb.<\/p>\n<p>Mais, au PS, si certains \u00e9lus ou responsables<br \/>\nsont convaincus de la n\u00e9cessit\u00e9 d\u2019engager une<br \/>\ntelle mobilisation, d\u2019autres sont plus r\u00e9ticents \u00e0<br \/>\nmettre les militants au coeur de la prochaine campagne<br \/>\net pr\u00e9f\u00e8rent se rassurer avec les bonnes<br \/>\nvieilles m\u00e9thodes du syst\u00e8me politico-m\u00e9diatique<br \/>\n(sondages, interviews, plan m\u00e9dias\u2026).<\/p>\n<h2>\u00ab Passer au stade industriel\u2009\u00bb<\/h2>\n<p>Parmi les partisans du porte-\u00e0-porte, on trouve<br \/>\nle d\u00e9put\u00e9 Christian Paul, qui pr\u00e9side le Laboratoire<br \/>\ndes id\u00e9es, ou Christophe Borgel, le secr\u00e9taire<br \/>\nnational charg\u00e9 de la vie des f\u00e9d\u00e9rations<br \/>\net des \u00e9lections, qui ont suivi \u00ab l\u2019exp\u00e9rience \u00bb<br \/>\ndes jeunes chercheurs de Boston depuis le<br \/>\nd\u00e9but : \u00ab <em>Nous devons passer du stade artisanal<br \/>\nau stade industriel<\/em>, expliquait ainsi au <em>Monde<\/em><br \/>\nChristophe Borgel, le 27 ao\u00fbt 2010.<em> Le choix<br \/>\ndu PS d\u2019organiser des primaires pour d\u00e9signer<br \/>\nson candidat est une opportunit\u00e9 in\u00e9dite de<br \/>\ntoucher ces sympathisants, de les convaincre<br \/>\nde nous aider et de les former au porte-\u00e0-porte<br \/>\ndans nos sections ou par Internet. <\/em> \u00bb<br \/>\nAyant rendu \u00e0 Martine Aubry un rapport sur l\u2019organisation<br \/>\ndes primaires, Arnaud Montebourg se<br \/>\nveut rassurant : \u00ab<em> C\u2019est un enjeu qui est de plus<br \/>\nen plus pris en compte par la direction. <\/em> \u00bb Mais le<br \/>\nd\u00e9put\u00e9 tient \u00e0 nous pr\u00e9ciser \u00ab <em>qu\u2019il y a d\u00e9j\u00e0 des<br \/>\nendroits o\u00f9 la pratique du porte-\u00e0-porte est \u00e9tablie,<br \/>\ncomme dans mon d\u00e9partement, en Sa\u00f4ne et-<br \/>\nLoire, m\u00eame si dans d\u2019autres ce n\u2019est pas du<br \/>\ntout le cas <\/em> \u00bb. Le \u00ab jeune lion \u00bb de 49 ans reconna\u00eet<br \/>\n\u00e0 demi-mot que l\u2019un des soucis du PS est la<br \/>\nnon-repr\u00e9sentativit\u00e9 de sa base militante : \u00ab <em>Vous<br \/>\nsavez, les cultures du parti sont tr\u00e8s diff\u00e9rentes.<br \/>\nVous avez la premi\u00e8re gauche guesdiste, la deuxi\u00e8me<br \/>\ngauche un peu lib\u00e9rale, des gens qui sont<br \/>\nles deux ; vous avez des implantations locales<br \/>\nqui meurent parce que la notabilisation est excessive,<br \/>\no\u00f9 finalement la gestion a remplac\u00e9 la<br \/>\nvision. Il y a plein d\u2019histoires dans le Parti socialiste,<br \/>\n\u00e7a c\u2019est un travail de sociologue.<\/em> \u00bb<\/p>\n<p>Concernant la g\u00e9n\u00e9ralisation du porte-\u00e0-porte, il<br \/>\ny a donc encore du boulot d\u2019ici 2012. Pourtant,<br \/>\ncette \u00ab technique \u00bb militante ne r\u00e9glera pas tout,<br \/>\ncomme le rappelle Guillaume Liegey. \u00ab<em> Le porte \u00e0-<br \/>\nporte, en soi, n\u2019a rien de r\u00e9volutionnaire, c\u2019est<br \/>\nle fait de le faire d\u2019une mani\u00e8re syst\u00e9matique et<br \/>\norganis\u00e9e qui change tout. Mais nous ne disons<br \/>\npas que c\u2019est la solution pour toujours gagner.<br \/>\nCela doit \u00eatre int\u00e9gr\u00e9 \u00e0 une strat\u00e9gie et un discours<br \/>\npolitique coh\u00e9rents. <\/em> \u00bb<div id='gallery-1' class='gallery galleryid-4773 gallery-columns-3 gallery-size-thumbnail'><figure class='gallery-item'>\n\t\t\t<div class='gallery-icon landscape'>\n\t\t\t\t<a href='https:\/\/archives.regards.fr\/wp-content\/uploads\/2011\/04\/door-399.jpg'><img loading=\"lazy\" decoding=\"async\" width=\"150\" height=\"150\" src=\"https:\/\/archives.regards.fr\/wp-content\/uploads\/2011\/04\/door-399-150x150.jpg\" class=\"attachment-thumbnail size-thumbnail\" alt=\"door.jpg\" \/><\/a>\n\t\t\t<\/div><\/figure>\n\t\t<\/div>\n<\/p>\n","protected":false},"excerpt":{"rendered":"<p>Avec l\u2019aide de trois jeunes chercheurs fran\u00e7ais, le Parti<br \/>\nsocialiste envisage d\u2019utiliser le porte-\u00e0-porte de mani\u00e8re<br \/>\nintensive pour conqu\u00e9rir le pouvoir en 2012. Le mod\u00e8le :<br \/>\nla m\u00e9thode Obama.<\/p>\n","protected":false},"author":1,"featured_media":14860,"comment_status":"open","ping_status":"open","sticky":false,"template":"","format":"standard","meta":{"_themeisle_gutenberg_block_has_review":false,"footnotes":""},"categories":[141],"tags":[290,295],"class_list":["post-4773","post","type-post","status-publish","format-standard","has-post-thumbnail","hentry","category-archives-web","tag-elections","tag-nupes"],"_links":{"self":[{"href":"https:\/\/archives.regards.fr\/index.php?rest_route=\/wp\/v2\/posts\/4773","targetHints":{"allow":["GET"]}}],"collection":[{"href":"https:\/\/archives.regards.fr\/index.php?rest_route=\/wp\/v2\/posts"}],"about":[{"href":"https:\/\/archives.regards.fr\/index.php?rest_route=\/wp\/v2\/types\/post"}],"author":[{"embeddable":true,"href":"https:\/\/archives.regards.fr\/index.php?rest_route=\/wp\/v2\/users\/1"}],"replies":[{"embeddable":true,"href":"https:\/\/archives.regards.fr\/index.php?rest_route=%2Fwp%2Fv2%2Fcomments&post=4773"}],"version-history":[{"count":0,"href":"https:\/\/archives.regards.fr\/index.php?rest_route=\/wp\/v2\/posts\/4773\/revisions"}],"wp:featuredmedia":[{"embeddable":true,"href":"https:\/\/archives.regards.fr\/index.php?rest_route=\/wp\/v2\/media\/14860"}],"wp:attachment":[{"href":"https:\/\/archives.regards.fr\/index.php?rest_route=%2Fwp%2Fv2%2Fmedia&parent=4773"}],"wp:term":[{"taxonomy":"category","embeddable":true,"href":"https:\/\/archives.regards.fr\/index.php?rest_route=%2Fwp%2Fv2%2Fcategories&post=4773"},{"taxonomy":"post_tag","embeddable":true,"href":"https:\/\/archives.regards.fr\/index.php?rest_route=%2Fwp%2Fv2%2Ftags&post=4773"}],"curies":[{"name":"wp","href":"https:\/\/api.w.org\/{rel}","templated":true}]}}