{"id":477,"date":"2017-01-07T18:31:23","date_gmt":"2017-01-07T17:31:23","guid":{"rendered":"https:\/\/wp.muchomaas.com\/breve-francois-fillon-477\/"},"modified":"2017-01-07T18:31:23","modified_gmt":"2017-01-07T17:31:23","slug":"breve-francois-fillon-477","status":"publish","type":"post","link":"https:\/\/archives.regards.fr\/?p=477","title":{"rendered":"Fran\u00e7ois Fillon"},"content":{"rendered":"<p><em>\u00ab\u00a0J&#8217;ai ouvert les t\u00e9l\u00e9communications \u00e0 la concurrence. Vous pensez qu&#8217;il y aurait de l&#8217;Internet en France si on avait toujours France Telecom avec des fonctionnaires ?\u00a0\u00bb<\/em> (06\/01\/2017)<\/p>\n","protected":false},"excerpt":{"rendered":"<p>\u00ab\u00a0J&#8217;ai ouvert les t\u00e9l\u00e9communications \u00e0 la concurrence. Vous pensez qu&#8217;il y aurait de l&#8217;Internet en France si on avait toujours France Telecom avec des fonctionnaires ?\u00a0\u00bb (06\/01\/2017)<\/p>\n","protected":false},"author":1,"featured_media":0,"comment_status":"open","ping_status":"open","sticky":false,"template":"","format":"standard","meta":{"_themeisle_gutenberg_block_has_review":false,"footnotes":""},"categories":[284],"tags":[],"class_list":["post-477","post","type-post","status-publish","format-standard","hentry","category-declarama-breves"],"_links":{"self":[{"href":"https:\/\/archives.regards.fr\/index.php?rest_route=\/wp\/v2\/posts\/477","targetHints":{"allow":["GET"]}}],"collection":[{"href":"https:\/\/archives.regards.fr\/index.php?rest_route=\/wp\/v2\/posts"}],"about":[{"href":"https:\/\/archives.regards.fr\/index.php?rest_route=\/wp\/v2\/types\/post"}],"author":[{"embeddable":true,"href":"https:\/\/archives.regards.fr\/index.php?rest_route=\/wp\/v2\/users\/1"}],"replies":[{"embeddable":true,"href":"https:\/\/archives.regards.fr\/index.php?rest_route=%2Fwp%2Fv2%2Fcomments&post=477"}],"version-history":[{"count":0,"href":"https:\/\/archives.regards.fr\/index.php?rest_route=\/wp\/v2\/posts\/477\/revisions"}],"wp:attachment":[{"href":"https:\/\/archives.regards.fr\/index.php?rest_route=%2Fwp%2Fv2%2Fmedia&parent=477"}],"wp:term":[{"taxonomy":"category","embeddable":true,"href":"https:\/\/archives.regards.fr\/index.php?rest_route=%2Fwp%2Fv2%2Fcategories&post=477"},{"taxonomy":"post_tag","embeddable":true,"href":"https:\/\/archives.regards.fr\/index.php?rest_route=%2Fwp%2Fv2%2Ftags&post=477"}],"curies":[{"name":"wp","href":"https:\/\/api.w.org\/{rel}","templated":true}]}}