{"id":4762,"date":"2011-03-31T16:06:00","date_gmt":"2011-03-31T14:06:00","guid":{"rendered":"https:\/\/wp.muchomaas.com\/idee-suisse-pour-des-salaires4762\/"},"modified":"2023-06-23T23:08:13","modified_gmt":"2023-06-23T21:08:13","slug":"idee-suisse-pour-des-salaires4762","status":"publish","type":"post","link":"https:\/\/archives.regards.fr\/?p=4762","title":{"rendered":"Id\u00e9e suisse: pour des salaires \u00e9quitables"},"content":{"rendered":"<p><strong>C\u2019est une initiative qui devrait beaucoup faire<br \/>\nparler d\u2019elle.<\/strong> Les jeunes socialistes suisses ont<br \/>\nd\u00e9pos\u00e9 devant le parlement f\u00e9d\u00e9ral l\u2019initiative<br \/>\npour \u00ab des salaires \u00e9quitables \u00bb. Le but : \u00e9viter<br \/>\nqu\u2019en un mois un patron gagne plus qu\u2019un de<br \/>\nses salari\u00e9s en un an. Dans une entreprise, le<br \/>\nsalaire le plus haut ne devra pas exc\u00e9der de<br \/>\nplus de douze fois le salaire le plus bas. Si le<br \/>\nvieux capitaliste Henry Ford disait d\u00e9j\u00e0 que les<br \/>\n\u00e9carts ne devaient pas \u00eatre trop importants entre<br \/>\npatrons et salari\u00e9s \u2013 il les recommandait de 1 \u00e0<br \/>\n40 \u2013, cette initiative va plus loin en \u00ab renfor\u00e7ant le<br \/>\ndroit des peuples, pas des actionnaires \u00bb. Dans<br \/>\nle pays aux 400 banques, malgr\u00e9 la crise, les<br \/>\nsalaires des dirigeants ont progress\u00e9. Les hauts<br \/>\ncadres se sont attribu\u00e9s en moyenne 3,12 millions<br \/>\nd\u2019euros chacun, soit 73 fois plus que leurs<br \/>\nemploy\u00e9s au salaire le plus bas. En France, c\u2019est<br \/>\npire : les r\u00e9mun\u00e9rations moyennes, stock options<br \/>\ncomprises, des 50 premiers patrons, repr\u00e9sentaient<br \/>\n310 fois le Smic\u2026<br \/>\n<div id='gallery-1' class='gallery galleryid-4762 gallery-columns-3 gallery-size-thumbnail'><figure class='gallery-item'>\n\t\t\t<div class='gallery-icon landscape'>\n\t\t\t\t<a href='https:\/\/archives.regards.fr\/wp-content\/uploads\/2011\/04\/ford_crop-978.jpg'><img loading=\"lazy\" decoding=\"async\" width=\"80\" height=\"55\" src=\"https:\/\/archives.regards.fr\/wp-content\/uploads\/2011\/04\/ford_crop-978.jpg\" class=\"attachment-thumbnail size-thumbnail\" alt=\"Id\u00e9e suisse: pour des salaires \u00e9quitables\" aria-describedby=\"gallery-1-14836\" \/><\/a>\n\t\t\t<\/div>\n\t\t\t\t<figcaption class='wp-caption-text gallery-caption' id='gallery-1-14836'>\n\t\t\t\tId\u00e9e suisse: pour des salaires \u00e9quitables\n\t\t\t\t<\/figcaption><\/figure>\n\t\t<\/div>\n<\/p>\n","protected":false},"excerpt":{"rendered":"<p>C\u2019est une initiative qui devrait beaucoup faire parler d\u2019elle. Les jeunes socialistes suisses ont d\u00e9pos\u00e9 devant le parlement f\u00e9d\u00e9ral l\u2019initiative pour \u00ab des salaires \u00e9quitables \u00bb. Le but : \u00e9viter qu\u2019en un mois un patron gagne plus qu\u2019un de ses salari\u00e9s en un an. Dans une entreprise, le salaire le plus haut ne devra pas [&hellip;]<\/p>\n","protected":false},"author":1,"featured_media":14836,"comment_status":"open","ping_status":"open","sticky":false,"template":"","format":"standard","meta":{"_themeisle_gutenberg_block_has_review":false,"footnotes":""},"categories":[141],"tags":[304],"class_list":["post-4762","post","type-post","status-publish","format-standard","has-post-thumbnail","hentry","category-archives-web","tag-travail"],"_links":{"self":[{"href":"https:\/\/archives.regards.fr\/index.php?rest_route=\/wp\/v2\/posts\/4762","targetHints":{"allow":["GET"]}}],"collection":[{"href":"https:\/\/archives.regards.fr\/index.php?rest_route=\/wp\/v2\/posts"}],"about":[{"href":"https:\/\/archives.regards.fr\/index.php?rest_route=\/wp\/v2\/types\/post"}],"author":[{"embeddable":true,"href":"https:\/\/archives.regards.fr\/index.php?rest_route=\/wp\/v2\/users\/1"}],"replies":[{"embeddable":true,"href":"https:\/\/archives.regards.fr\/index.php?rest_route=%2Fwp%2Fv2%2Fcomments&post=4762"}],"version-history":[{"count":0,"href":"https:\/\/archives.regards.fr\/index.php?rest_route=\/wp\/v2\/posts\/4762\/revisions"}],"wp:featuredmedia":[{"embeddable":true,"href":"https:\/\/archives.regards.fr\/index.php?rest_route=\/wp\/v2\/media\/14836"}],"wp:attachment":[{"href":"https:\/\/archives.regards.fr\/index.php?rest_route=%2Fwp%2Fv2%2Fmedia&parent=4762"}],"wp:term":[{"taxonomy":"category","embeddable":true,"href":"https:\/\/archives.regards.fr\/index.php?rest_route=%2Fwp%2Fv2%2Fcategories&post=4762"},{"taxonomy":"post_tag","embeddable":true,"href":"https:\/\/archives.regards.fr\/index.php?rest_route=%2Fwp%2Fv2%2Ftags&post=4762"}],"curies":[{"name":"wp","href":"https:\/\/api.w.org\/{rel}","templated":true}]}}