{"id":4755,"date":"2011-03-29T11:36:52","date_gmt":"2011-03-29T09:36:52","guid":{"rendered":"https:\/\/wp.muchomaas.com\/au-sommaire-du-numero-9-avril-20114755\/"},"modified":"2023-06-24T17:47:22","modified_gmt":"2023-06-24T15:47:22","slug":"au-sommaire-du-numero-9-avril-20114755","status":"publish","type":"post","link":"https:\/\/archives.regards.fr\/?p=4755","title":{"rendered":"Au sommaire du num\u00e9ro 9 &#8211; Avril 2011"},"content":{"rendered":"<p>Dans le num\u00e9ro 9 de <em>Regards<\/em>, avril 2011, en vente en kiosque pour 5,90\u20ac :<\/p>\n<p><strong><a href=\"https:\/\/wp.muchomaas.com\/politique\/en-finir-avec-la-gauche-prozac\">L\u2019\u00e9dito de Cl\u00e9mentine Autain<\/a><\/strong> apr\u00e8s des cantonales sous prozac.<\/p>\n<p>Au menu du <strong>Bloc-Notes de la r\u00e9daction<\/strong> : <a href=\"https:\/\/wp.muchomaas.com\/monde\/idee-suisse-pour-des-salaires\">les suisses et les salaires \u00e9quitables<\/a>, <a href=\"https:\/\/wp.muchomaas.com\/politique\/lobbying-qui-influence-la-loi\">le lobbying \u00e0 la fran\u00e7aise<\/a>, <a href=\"https:\/\/wp.muchomaas.com\/societe\/voila-l-ete-prives-de-vacances\">les pauvres priv\u00e9s de vacances<\/a> et <a href=\"https:\/\/wp.muchomaas.com\/societe\/violences-l-homophobie-ordinaire\">les homos toujours cibles de violences<\/a>&#8230;<\/p>\n<p>En plein crise nucl\u00e9aire \u00e0 Fukushima, <strong><a href=\"https:\/\/wp.muchomaas.com\/societe\/areva-au-theatre-ce-soir\">la chronique m\u00e9dia<\/a><\/strong> s&#8217;int\u00e9resse \u00e0 la communication d&#8217;Areva.<\/p>\n<p>La t\u00e9l\u00e9 pour les enfants: machine \u00e0 faire de la compote de neurones ou outil \u00e9ducatif in\u00e9galable? C&#8217;est <strong><a href=\"https:\/\/wp.muchomaas.com\/societe\/faut-il-avoir-peur-de-la\">la controverse<\/a><\/strong> du mois.<\/p>\n<p><strong>Le dossier du mois est consacr\u00e9 \u00e0 la r\u00e9volution<\/strong>. R\u00e9unis par <em>Regards<\/em>, <a href=\"https:\/\/wp.muchomaas.com\/politique\/une-rencontre-revolutionnaire\"><strong>Jean-Luc M\u00e9lenchon<\/strong> du Parti de Gauche et<strong> Olivier Besancenot<\/strong> du Nouveau parti anticapitaliste<\/a> en d\u00e9battent et livrent leur vision du fait r\u00e9volutionnaire.<strong> Razmig Keucheyan<\/strong>, sociologue, analyse <a href=\"https:\/\/wp.muchomaas.com\/idees\/razmig-keucheyan-la-panne\">la panne strat\u00e9gique des penseurs critiques<\/a>. Dans les rues de Paris, Cergy et Rouen nous avons \u00e9cout\u00e9 <a href=\"https:\/\/wp.muchomaas.com\/politique\/c-est-quoi-pour-vous-la-revolution\">les gens nous dire ce que ce mot signifie pour eux<\/a>. &#8220;Des&#8221; r\u00e9volutions plut\u00f4t que &#8220;La&#8221; r\u00e9volution: <a href=\"https:\/\/wp.muchomaas.com\/politique\/la-revolution-n-est-pas-dans-le\">une analyse de <strong>Roger Martelli<\/strong><\/a>. Tunis, en pleine transition, s&#8217;affirme comme <a href=\"https:\/\/wp.muchomaas.com\/monde\/tunisie-laboratoire-des\">un labo des r\u00e9volutions arabes<\/a>&#8230; Entretiens, d\u00e9bats, analyses, reportages.<\/p>\n<p><strong>Apr\u00e8s la catastrophe au Japon, le d\u00e9bat sur le nucl\u00e9aire civil<\/strong> est relanc\u00e9, notamment en France o\u00f9 il a toujours \u00e9t\u00e9 virulent. Un d\u00e9bat qui, enserr\u00e9 dans des consid\u00e9rations expertes ou purement \u00e9motionnelles, peine \u00e0 \u00e9merger sur <a href=\"https:\/\/wp.muchomaas.com\/politique\/nucleaire-plus-de-democratie\">le terrain de l&#8217;exercice d\u00e9mocratique<\/a>. Dans ce pays o\u00f9 <a href=\"https:\/\/wp.muchomaas.com\/societe\/la-culture-de-l-atome\">la culture de l&#8217;atome<\/a> est profond\u00e9ment ancr\u00e9e,<strong> <a href=\"https:\/\/wp.muchomaas.com\/societe\/debattre-de-nos-besoins\">Thierry Salomon<\/a>, <a href=\"https:\/\/wp.muchomaas.com\/societe\/on-ne-decrete-pas-un-changement-de\">Daniel Cohn-Bendit<\/a> et <a href=\"https:\/\/wp.muchomaas.com\/societe\/pas-de-referendum\">Jacques Testard<\/a><\/strong> donnent leur avis sur le r\u00e9f\u00e9rendum que certains appellent de leurs voeux.<\/p>\n<p>Pour s\u00e9duire l&#8217;Occident, <a href=\"https:\/\/wp.muchomaas.com\/monde\/le-plan-com-xxl-de-la-russie\">la Russie de Medvedev et Poutine a un plan com. bien structur\u00e9<\/a>. <strong>Focus sur une strat\u00e9gie de reconqu\u00eate<\/strong>.<\/p>\n<p>Le 31 mars,<strong> <a href=\"https:\/\/wp.muchomaas.com\/migrations\/mayotte-derriere-le-masque\">Mayotte &#8211; Comores- devient le 101\u00e8me d\u00e9partement fran\u00e7ais<\/a><\/strong>. Et reste l&#8217;eden ultra-marin de la chasse aux sans papiers&#8230;<\/p>\n<p>Le Parti socialiste a bien regard\u00e9 comment Obama avait fait pour gagner. Alors maintenant il envoie ses militants courir la campagne et frapper aux portes des fran\u00e7ais. Une tactique payante? C&#8217;est <strong><a href=\"https:\/\/wp.muchomaas.com\/politique\/le-porte-a-porte-sauvera-t-il-le\">l&#8217;enqu\u00eate<\/a><\/strong> du mois.<\/p>\n<p><strong>Les classes sociales <\/strong> <a href=\"https:\/\/wp.muchomaas.com\/societe\/ecole-les-classes-sociales-a-la\">vir\u00e9es des bancs de la classe<\/a>?<\/p>\n<p>Moins d&#8217;un an apr\u00e8s la Coupe du Monde de football et <a href=\"https:\/\/wp.muchomaas.com\/societe\/les-bleus-sur-le-terrain-du\">l&#8217;affaire du&#8221; bus de Knysna&#8221;, <strong>St\u00e9phane Beaud<\/strong><\/a> a tir\u00e9 de cette s\u00e9quence une analyse sociologique des repr\u00e9sentations sociales des jeunes de banlieue. Il en parle dans <strong>un entretien accord\u00e9 \u00e0<\/strong> <strong> <em>Regards<\/em> <\/strong>.<\/p>\n<p><strong>Dans un r\u00e9cent ouvrage lu et d\u00e9crypt\u00e9 par<\/strong> <strong> <em>Regards<\/em> <\/strong>, Vinciane Despret et Isabelle Stengers, deux philosophes belges, se sont int\u00e9ress\u00e9es aux <em>faiseuses d&#8217;histoires<\/em>, <a href=\"https:\/\/wp.muchomaas.com\/idees\/des-histoires-a-penser-debout\">les femmes &#8220;penseuses&#8221;<\/a>.<\/p>\n<p>Avec <em><a href=\"https:\/\/wp.muchomaas.com\/culture\/la-traque-d-un-taliban\">Essential killing<\/a><\/em>, <strong>la chronique cin\u00e9<\/strong> nous emm\u00e8ne en Afghanistan. Avec <em><a href=\"https:\/\/wp.muchomaas.com\/culture\/le-trouble-de-l-enfance\">Tomboy<\/a><\/em>, elle nous parle d&#8217;identit\u00e9 amoureuse.<\/p>\n<p>Les pages <strong>Cr\u00e9ations<\/strong> s&#8217;int\u00e9ressent, \u00e0 l&#8217;occasion d&#8217;une parution r\u00e9cente, \u00e0 <a href=\"https:\/\/wp.muchomaas.com\/culture\/une-mythologie-de-la-culture\">une mythologie de la culture populaire<\/a>.<\/p>\n<p><strong>Le Grand entretien<\/strong> du mois avec l&#8217;historien <strong><a href=\"https:\/\/wp.muchomaas.com\/idees\/emmanuel-todd-histoire-de-familles\">Emmanuel Todd<\/a><\/strong>.<\/p>\n<p>Et bien s\u00fbr tous les rendez-vous du mensuel : les chroniques de <strong><a href=\"https:\/\/wp.muchomaas.com\/nos-regards\/michel-husson\/le-prix-de-la-competitivite\">Michel Husson<\/a><\/strong>, <strong><a href=\"https:\/\/wp.muchomaas.com\/nos-regards\/eric-fassin\/sarkozy-et-le-couteau-de\">Eric Fassin<\/a><\/strong>, <strong><a href=\"https:\/\/wp.muchomaas.com\/nos-regards\/arnaud-viviant\/un-polar-atomique-et-deux-autres\">Arnaud Viviant<\/a><\/strong>, <strong><a href=\"https:\/\/wp.muchomaas.com\/nos-regards\/leila-chaibi\/un-air-de-revolte\">Le\u00efla Chaibi<\/a><\/strong>, <strong><a href=\"https:\/\/wp.muchomaas.com\/societe\/les-supporters-ultra-menaces\">Soyons Sport<\/a><\/strong>, nos <strong>s\u00e9lections essais<\/strong> et <strong>culture<\/strong>.<\/p>\n","protected":false},"excerpt":{"rendered":"<p>Dans le num\u00e9ro 9 de Regards, avril 2011, en vente en kiosque pour 5,90\u20ac : L\u2019\u00e9dito de Cl\u00e9mentine Autain apr\u00e8s des cantonales sous prozac. Au menu du Bloc-Notes de la r\u00e9daction : les suisses et les salaires \u00e9quitables, le lobbying \u00e0 la fran\u00e7aise, les pauvres priv\u00e9s de vacances et les homos toujours cibles de violences&#8230; [&hellip;]<\/p>\n","protected":false},"author":1,"featured_media":0,"comment_status":"closed","ping_status":"open","sticky":false,"template":"","format":"standard","meta":{"_themeisle_gutenberg_block_has_review":false,"footnotes":""},"categories":[262],"tags":[371],"class_list":["post-4755","post","type-post","status-publish","format-standard","hentry","category-archives","tag-sommaire"],"_links":{"self":[{"href":"https:\/\/archives.regards.fr\/index.php?rest_route=\/wp\/v2\/posts\/4755","targetHints":{"allow":["GET"]}}],"collection":[{"href":"https:\/\/archives.regards.fr\/index.php?rest_route=\/wp\/v2\/posts"}],"about":[{"href":"https:\/\/archives.regards.fr\/index.php?rest_route=\/wp\/v2\/types\/post"}],"author":[{"embeddable":true,"href":"https:\/\/archives.regards.fr\/index.php?rest_route=\/wp\/v2\/users\/1"}],"replies":[{"embeddable":true,"href":"https:\/\/archives.regards.fr\/index.php?rest_route=%2Fwp%2Fv2%2Fcomments&post=4755"}],"version-history":[{"count":0,"href":"https:\/\/archives.regards.fr\/index.php?rest_route=\/wp\/v2\/posts\/4755\/revisions"}],"wp:attachment":[{"href":"https:\/\/archives.regards.fr\/index.php?rest_route=%2Fwp%2Fv2%2Fmedia&parent=4755"}],"wp:term":[{"taxonomy":"category","embeddable":true,"href":"https:\/\/archives.regards.fr\/index.php?rest_route=%2Fwp%2Fv2%2Fcategories&post=4755"},{"taxonomy":"post_tag","embeddable":true,"href":"https:\/\/archives.regards.fr\/index.php?rest_route=%2Fwp%2Fv2%2Ftags&post=4755"}],"curies":[{"name":"wp","href":"https:\/\/api.w.org\/{rel}","templated":true}]}}