{"id":4748,"date":"2011-03-22T15:32:20","date_gmt":"2011-03-22T14:32:20","guid":{"rendered":"https:\/\/wp.muchomaas.com\/festival-de-films-de-femmes-un4748\/"},"modified":"2023-06-23T23:08:12","modified_gmt":"2023-06-23T21:08:12","slug":"festival-de-films-de-femmes-un4748","status":"publish","type":"post","link":"https:\/\/archives.regards.fr\/?p=4748","title":{"rendered":"Festival de films de femmes &#8211; &#8220;Un lieu qui interroge le genre&#8221;"},"content":{"rendered":"<p class=\"post_excerpt\">Du 25 mars au 3 avril se d\u00e9roule \u00e0 Cr\u00e9teil la 33\u00e8me \u00e9dition du festival international de films de femmes. La directrice, Jackie Buet, revient sur l\u2019histoire et les enjeux de cet \u00e9v\u00e9nement. <\/p>\n<p><strong>Comment est n\u00e9e l\u2019id\u00e9e de ce festival\u00a0? <\/strong> <\/p>\n<p><strong>Jackie Buet<\/strong>: Nous avons cr\u00e9\u00e9 ce festival en 1979. A cette \u00e9poque, en France comme dans la plupart des grands pays europ\u00e9ens, \u00eatre r\u00e9alisatrice \u00e9tait une raret\u00e9. En France on avait la chance d\u2019avoir quelques pionni\u00e8res comme Agn\u00e8s Varda, Jacqueline Aubry et\u00a0Yannick Bellon\u2026 Et puis plus tard, des personnalit\u00e9s comme Marguerite Duras\u2026 En fait nous voulions donner une visibilit\u00e9 aux premi\u00e8res r\u00e9alisatrices, souvent ignor\u00e9es par les grands festivals. Au d\u00e9part nous ne pouvions nous permettre d\u2019aller chercher des films au bout du monde, nous nous sommes donc concentr\u00e9es sur les principaux pays europ\u00e9ens. On a eu un succ\u00e8s imm\u00e9diat. Je me rappelle des d\u00e9bats tr\u00e8s anim\u00e9s. Les r\u00e9alisatrices revendiquaient le fait de pouvoir travailler derri\u00e8re la cam\u00e9ra, de ne pas \u00eatre que des femmes \u00e0 l\u2019image mais des femmes qui font des images. Parmi les invit\u00e9es on comptait d\u00e9j\u00e0 Agn\u00e8s Varda, Margarethe Von Trotta, Helma Sanders  Brahms\u2026Par la suite, nous avons d\u00e9couvert des r\u00e9alisatrices chinoises, d\u2019Am\u00e9rique latine, aux Etats Unis, et le festival est devenu assez rapidement une manifestation importante.<\/p>\n<p><strong>Quel est aujourd\u2019hui l\u2019enjeu d\u2019une telle manifestation\u00a0?<\/strong><\/p>\n<p><strong>J.B.<\/strong> : Contrairement \u00e0 ce que pensent certaines r\u00e9alisatrices fran\u00e7aises tr\u00e8s critiques, ce festival n\u2019est pas un ghetto mais un lieu qui interroge le genre. Je ne saurais pas dire s\u2019il existe des diff\u00e9rences entre les films d\u2019hommes et de femmes. Pour moi ces diff\u00e9rences sont marqu\u00e9es par des st\u00e9r\u00e9otypes. Le masculin, la force, la puissance, la violence, et le f\u00e9minin, la douceur\u2026Tout cela n\u2019est plus tr\u00e8s vrai. Kathryn Bigelow, qui est la seule am\u00e9ricaine \u00e0 avoir eu un oscar \u00e0 Hollywood, aime explorer ce qui \u00e9tait jusqu\u2019\u00e0 pr\u00e9sent plut\u00f4t consid\u00e9r\u00e9 comme un cin\u00e9ma d\u2019homme. Elle a fait un film de guerre, un film de vampires, un film policier. Les femmes ne se restreignent plus \u00e0 des sujets \u00ab\u00a0tr\u00e8s f\u00e9minins\u00a0\u00bb sur la vie priv\u00e9e, elles font aussi des films politiques. Je me souviens notamment d\u2019un d\u00e9bat avec Carole Roussopoulos qui venait pr\u00e9senter un film sur une s\u00e9rie de portraits de grandes f\u00e9ministes fran\u00e7aises et europ\u00e9ennes. Et cette ann\u00e9e nous accueillerons une performance de Catherine Corringer sur le Scum Manifesto avec en deuxi\u00e8me partie de soir\u00e9e un documentaire de Virginie Despentes, \u00ab\u00a0Mutantes\u00a0\u00bb, sur le courant Queer.<\/p>\n<p><strong>Quelle est la tendance de la programmation de cette 33\u00e8me \u00e9dition\u00a0?<\/strong><\/p>\n<p><strong>J.B.<\/strong> :Cette ann\u00e9e nous avons choisi de mettre en avant les r\u00e9alisatrices de l\u2019Europe du sud. Il s\u2019av\u00e8re, sans avoir choisi ce th\u00e8me, que ces r\u00e9alisatrices \u00e0 travers leurs films abordent le d\u00e9bat sur l\u2019acc\u00e8s \u00e0 la d\u00e9mocratie et le devoir de m\u00e9moire. Nous avons \u00e9galement d\u00e9couvert une r\u00e9alisatrice italienne de 82 ans, comme quoi il n\u2019est jamais trop tard, qui a d\u00e9marr\u00e9 sa carri\u00e8re dans les ann\u00e9es 50, aux c\u00f4t\u00e9s de Pasolini.  Dans une s\u00e9rie de courts m\u00e9trages elle rend compte de la situation de l\u2019Italie au moment de la rupture entre le monde rural et le monde urbain et industriel et des frictions dans une soci\u00e9t\u00e9 en pleine mutation. Elle animera \u00e9galement un master class avec plusieurs courts m\u00e9trages auxquels Pasolini a particip\u00e9 et nous parlera des enjeux du cin\u00e9ma \u00e0 l\u2019\u00e9poque. \u00c7a va \u00eatre passionnant\u2026<\/p>\n<p><strong> <em>Regards<\/em> est partenaire du 33\u00e8me festival international Films de femmes de Cr\u00e9teil <\/strong><\/p>\n<p><strong>Toutes les infos sur http:\/\/www.filmsdefemmes.com\/ <\/strong> <div id='gallery-1' class='gallery galleryid-4748 gallery-columns-3 gallery-size-thumbnail'><figure class='gallery-item'>\n\t\t\t<div class='gallery-icon landscape'>\n\t\t\t\t<a href='https:\/\/archives.regards.fr\/wp-content\/uploads\/2011\/03\/festival_bandeau-7c9.jpg'><img loading=\"lazy\" decoding=\"async\" width=\"150\" height=\"122\" src=\"https:\/\/archives.regards.fr\/wp-content\/uploads\/2011\/03\/festival_bandeau-7c9-150x122.jpg\" class=\"attachment-thumbnail size-thumbnail\" alt=\"Festival de films de femmes - &quot;Un lieu qui interroge le genre&quot;\" aria-describedby=\"gallery-1-14819\" \/><\/a>\n\t\t\t<\/div>\n\t\t\t\t<figcaption class='wp-caption-text gallery-caption' id='gallery-1-14819'>\n\t\t\t\tFestival de films de femmes &#8211; &#8220;Un lieu qui interroge le genre&#8221;\n\t\t\t\t<\/figcaption><\/figure><figure class='gallery-item'>\n\t\t\t<div class='gallery-icon landscape'>\n\t\t\t\t<a href='https:\/\/archives.regards.fr\/wp-content\/uploads\/2011\/03\/festival_crop-fb6.jpg'><img loading=\"lazy\" decoding=\"async\" width=\"80\" height=\"55\" src=\"https:\/\/archives.regards.fr\/wp-content\/uploads\/2011\/03\/festival_crop-fb6.jpg\" class=\"attachment-thumbnail size-thumbnail\" alt=\"Festival de films de femmes - &quot;Un lieu qui interroge le genre&quot;\" aria-describedby=\"gallery-1-14820\" \/><\/a>\n\t\t\t<\/div>\n\t\t\t\t<figcaption class='wp-caption-text gallery-caption' id='gallery-1-14820'>\n\t\t\t\tFestival de films de femmes &#8211; &#8220;Un lieu qui interroge le genre&#8221;\n\t\t\t\t<\/figcaption><\/figure>\n\t\t<\/div>\n<\/p>\n","protected":false},"excerpt":{"rendered":"<p>Du 25 mars au 3 avril se d\u00e9roule \u00e0 Cr\u00e9teil la 33\u00e8me \u00e9dition du festival international de films de femmes. La directrice, Jackie Buet, revient sur l\u2019histoire et les enjeux de cet \u00e9v\u00e9nement. <\/p>\n","protected":false},"author":1,"featured_media":14819,"comment_status":"open","ping_status":"open","sticky":false,"template":"","format":"standard","meta":{"_themeisle_gutenberg_block_has_review":false,"footnotes":""},"categories":[141],"tags":[299,293,306],"class_list":["post-4748","post","type-post","status-publish","format-standard","has-post-thumbnail","hentry","category-archives-web","tag-cinema","tag-entretien","tag-feminisme"],"_links":{"self":[{"href":"https:\/\/archives.regards.fr\/index.php?rest_route=\/wp\/v2\/posts\/4748","targetHints":{"allow":["GET"]}}],"collection":[{"href":"https:\/\/archives.regards.fr\/index.php?rest_route=\/wp\/v2\/posts"}],"about":[{"href":"https:\/\/archives.regards.fr\/index.php?rest_route=\/wp\/v2\/types\/post"}],"author":[{"embeddable":true,"href":"https:\/\/archives.regards.fr\/index.php?rest_route=\/wp\/v2\/users\/1"}],"replies":[{"embeddable":true,"href":"https:\/\/archives.regards.fr\/index.php?rest_route=%2Fwp%2Fv2%2Fcomments&post=4748"}],"version-history":[{"count":0,"href":"https:\/\/archives.regards.fr\/index.php?rest_route=\/wp\/v2\/posts\/4748\/revisions"}],"wp:featuredmedia":[{"embeddable":true,"href":"https:\/\/archives.regards.fr\/index.php?rest_route=\/wp\/v2\/media\/14819"}],"wp:attachment":[{"href":"https:\/\/archives.regards.fr\/index.php?rest_route=%2Fwp%2Fv2%2Fmedia&parent=4748"}],"wp:term":[{"taxonomy":"category","embeddable":true,"href":"https:\/\/archives.regards.fr\/index.php?rest_route=%2Fwp%2Fv2%2Fcategories&post=4748"},{"taxonomy":"post_tag","embeddable":true,"href":"https:\/\/archives.regards.fr\/index.php?rest_route=%2Fwp%2Fv2%2Ftags&post=4748"}],"curies":[{"name":"wp","href":"https:\/\/api.w.org\/{rel}","templated":true}]}}