{"id":4746,"date":"2011-03-21T09:26:07","date_gmt":"2011-03-21T08:26:07","guid":{"rendered":"https:\/\/wp.muchomaas.com\/bruno-gaccio-la-culpabilite4746\/"},"modified":"2023-06-23T23:08:11","modified_gmt":"2023-06-23T21:08:11","slug":"bruno-gaccio-la-culpabilite4746","status":"publish","type":"post","link":"https:\/\/archives.regards.fr\/?p=4746","title":{"rendered":"Bruno Gaccio, la culpabilit\u00e9 r\u00e9volutionnaire"},"content":{"rendered":"<p class=\"post_excerpt\">Artisan du succ\u00e8s des Guignols de l\u2019Info sur Canal +,<br \/>\nBruno Gaccio publie <em>La R\u00e9volution ? On s\u2019rappelle\u2026<\/em><br \/>\nUne invitation brute de d\u00e9coffrage \u00e0 la contestation o\u00f9 l\u2019auteur,<br \/>\ndans un style oral, &#8220;authentique&#8221;, ne s\u2019\u00e9pargne pas.<br \/>\nSnobisme ou effet de mode ? On a eu envie de le rencontrer.<\/p>\n<p><strong>En lisant votre livre, on a un peu<br \/>\nle sentiment que vous d\u00e9couvrez<br \/>\nla lune\u2026<\/strong><\/p>\n<p>Je gueule depuis que j\u2019ai 18 ans,<br \/>\nm\u00eame avant ! Et puis j\u2019ai fait un travail \u00e0 Canal +.<br \/>\nC\u2019\u00e9tait r\u00e9volutionnaire, je d\u00e9fendais le patron<br \/>\ncontre les actionnaires. J\u2019avais dit \u00e0 Jean-Marie<br \/>\nMessier qu\u2019il faisait une connerie en se mettant<br \/>\nles salari\u00e9s \u00e0 dos, parce qu\u2019il serait le prochain<br \/>\n\u00e0 sauter. Il m\u2019a r\u00e9pondu : \u00ab<em> Vous voulez me virer<br \/>\nMonsieur Gaccio ? Ah, le jour o\u00f9 les employ\u00e9s<br \/>\nvireront le patron\u2026 <\/em> \u00bb Je lui ai dit que je ne voulais<br \/>\npas le virer mais qu\u2019on allait mettre<br \/>\nun tel bazar que les actionnaires<br \/>\nle mettraient \u00e0 la porte. Deux mois<br \/>\napr\u00e8s, bing ! Non, je ne d\u00e9couvre<br \/>\npas la lune. Ce bouquin vient d\u2019un<br \/>\nvide. J\u2019ai travaill\u00e9 pendant seize<br \/>\nans aux Guignols o\u00f9 je pouvais<br \/>\nm\u2019exprimer quand j\u2019\u00e9tais un peu<br \/>\nagac\u00e9, un peu complex\u00e9, un peu culpabilis\u00e9.<br \/>\nIl ne faut pas mentir aux pauvres, c\u2019est super<br \/>\nagr\u00e9able d\u2019avoir du bl\u00e9. Les riches ne sont pas<br \/>\ndes salauds dans l\u2019absolu mais quand ils ne<br \/>\npensent pas aux autres. J\u2019avais l\u2019occasion de<br \/>\ndire que le politique n\u2019a plus rien \u00e0 voir avec le<br \/>\npouvoir, qui est ailleurs. Depuis trois ans que je<br \/>\ntravaille dans la fiction, je n\u2019\u00e9cris plus au quotidien.<br \/>\nCe qui m\u2019obs\u00e8de, c\u2019est la libert\u00e9 d\u2019expression.<br \/>\nRobert M\u00e9nard (<em>fondateur et secr\u00e9taire<br \/>\ng\u00e9n\u00e9ral de Reporters sans fronti\u00e8res jusqu\u2019en<br \/>\n2008, ndlr<\/em>) est venu me voir un jour parce que<br \/>\ntous les comiques avaient refus\u00e9 de partager la<br \/>\ncouverture d\u2019un livre avec Dieudonn\u00e9 pour d\u00e9fendre<br \/>\nla libert\u00e9 d\u2019expression, autour de ce titre :<br \/>\n<em>Peut-on tout dire ?<\/em><\/p>\n<p><strong>Que lui avez-vous r\u00e9pondu ?<\/strong><\/p>\n<p>J\u2019ai d\u2019abord dit non moi aussi, par peur de me<br \/>\nfaire massacrer, et puis j\u2019ai r\u00e9fl\u00e9chi. Je me suis<br \/>\ndit que Dieudonn\u00e9 avait la parole et qu\u2019on la lui<br \/>\navait retir\u00e9e. Quand il parle des \u00ab juifs \u00bb, \u00e7a me<br \/>\npose franchement probl\u00e8me\u2026<br \/>\nMais la libert\u00e9 d\u2019expression, c\u2019est<br \/>\nd\u2019accepter les paroles aberrantes<br \/>\net d\u2019aller en face avec un mat\u00e9riel<br \/>\ncritique. La sortie du livre a \u00e9t\u00e9<br \/>\nun gros bordel ! J\u2019ai repris le go\u00fbt<br \/>\nde m\u2019exprimer. Sur Facebook, il y<br \/>\navait des centaines de messages.<br \/>\nJ\u2019excluais tous ceux qui me traitaient d\u2019antis\u00e9mite<br \/>\net tous ceux qui me disaient \u00ab chouette, on va<br \/>\nmettre les juifs \u00e0 la mer \u00bb. Mais au milieu, je recevais<br \/>\ndes messages de tout un tas de gens, dont<br \/>\nune fille, Marie Naudet que je remercie au d\u00e9but<br \/>\ndu livre, qui me disait que la libert\u00e9 d\u2019expression,<br \/>\non en parlait toujours pour les comiques mais<br \/>\nqu\u2019en fait on se tait partout. Dans la magistrature,<br \/>\ndans l\u2019agriculture, dans l\u2019industrie pharmaceutique,<br \/>\nil y a des choses qu\u2019on tait. En fait, on se tait partout. Le r\u00e8glement interne d\u2019une entreprise est plus fort que la loi commune. Ma<br \/>\npremi\u00e8re id\u00e9e, \u00e7a a \u00e9t\u00e9 de faire un bouquin qui<br \/>\nfaisait un tour exhaustif de la libert\u00e9 d\u2019expression,<br \/>\ndans tous les domaines. Mais je me suis dis :<br \/>\n\u00ab<em> Gaccio, fais pas ton malin, t\u2019es autodidacte, tu<br \/>\ntravailles dans une grande entreprise, tu gagnes<br \/>\ndu pognon, t\u2019as fait les Guignols, avec un c\u00f4t\u00e9<br \/>\n\u201cbobo parigo\u201d\u2026 Bref ! Un essai, tout le monde<br \/>\nva se foutre de ta gueule, t\u2019es pas l\u00e9gitime pour<br \/>\n\u00e7a !<\/em> \u00bb J\u2019ai quand m\u00eame commenc\u00e9<br \/>\n\u00e0 \u00e9crire\u2026 Et puis, crise de la cinquantaine,<br \/>\nbilan sur ma vie, les<br \/>\nfemmes, la coiffure\u2026 Je me suis<br \/>\nsouvenu que, alors que j\u2019ai arr\u00eat\u00e9<br \/>\nl\u2019\u00e9cole \u00e0 15 ans, les femmes<br \/>\nm\u2019ont form\u00e9. Il y en a qui ont eu<br \/>\ndes ma\u00eetres, moi j\u2019ai eu des ma\u00eetresses. Pas que<br \/>\ndes bombes intellectuelles, mais souvent les<br \/>\nfemmes m\u2019ont aid\u00e9, donn\u00e9 le go\u00fbt de la lecture<br \/>\net le go\u00fbt d\u2019\u00eatre moins con. C\u2019est comme \u00e7a que<br \/>\nj\u2019ai fait un livre qui me ressemble.<\/p>\n<p><strong>En effet, on sent votre sinc\u00e9rit\u00e9 dans le<br \/>\nlivre\u2026 Vous aviez besoin d\u2019exprimer une<br \/>\nindignation, une r\u00e9volte ?<\/strong><\/p>\n<p>C\u2019est un fil qui me relie \u00e0 ce que j\u2019ai toujours<br \/>\n\u00e9t\u00e9. Fils d\u2019un immigr\u00e9 italien, ch\u00f4meur pendant<br \/>\ndix ans. Une m\u00e8re qui a laiss\u00e9 un pouce au travail.<br \/>\nC\u2019\u00e9tait pas Zola, on mangeait \u00e0 la maison<br \/>\n\u2013 bon, moins de viande les derniers jours de la<br \/>\nsemaine\u2026 Ma m\u00e8re a aujourd\u2019hui une retraite de<br \/>\n900 euros par mois. Sans moi, par exemple, elle<br \/>\npasserait toutes ses vacances \u00e0 Saint-Etienne.<\/p>\n<p><strong>Venir d\u2019un milieu populaire et se retrouver<br \/>\nparmi les grands de ce monde, \u00e0 gagner<br \/>\nplein d\u2019argent, c\u2019est ce qui provoque<br \/>\ncette culpabilit\u00e9 ?<\/strong><\/p>\n<p>En fait, \u00e7a g\u00e2che le plaisir. Si on ne pouvait pas<br \/>\nfaire autrement, je ne dis pas\u2026 Mais on pourrait<br \/>\npartager. La culpabilit\u00e9, m\u00eame les grands<br \/>\npatrons la ressentent. J\u2019ai entendu un discours<br \/>\ndans une grande entreprise qui m\u2019a stup\u00e9fait.<br \/>\nLe patron dit \u00e0 ses cadres : \u00ab<em> Tout va bien, tout<br \/>\nest au vert, sauf les salaires qui sont au rouge.<\/em> \u00bb<br \/>\nPourquoi ? Parce que les actionnaires<br \/>\nr\u00e9clament 10 % par an, et<br \/>\nqu\u2019on les leur donne. Tant qu\u2019on<br \/>\nleur donne, on fait ce qu\u2019on veut. Si<br \/>\non ne les donne plus, ils vont venir<br \/>\nnous emmerder. C\u2019est comme \u00e7a.<br \/>\nDes salari\u00e9s rechignent, le PDG<br \/>\nlance : \u00ab <em>La prochaine fois que vous \u00eates dans un<br \/>\nisoloir, votez mieux !<\/em> \u00bb \u00e7a m\u2019a scotch\u00e9. Probablement<br \/>\nqu\u2019il y a des syst\u00e8mes qui seraient moins<br \/>\ninjustes : il faudrait le d\u00e9cider. Malheureusement,<br \/>\nc\u2019est d\u00e9cid\u00e9 par ceux qui sont d\u00e9j\u00e0 en place.<br \/>\nIl faudrait qu\u2019ils pensent contre eux-m\u00eames. Ou<br \/>\nalors, c\u2019est la Tunisie, l\u2019Egypte, le Y\u00e9men\u2026 Aller<br \/>\ndans la rue, longtemps. En France, \u00e0 l\u2019automne,<br \/>\nil y a eu des millions de gens qui ont manifest\u00e9<br \/>\nlongtemps, plusieurs fois. On leur a r\u00e9pondu :<br \/>\n\u00ab Allez vous faire foutre ! \u00bb S\u2019installer dans la rue<br \/>\navec des pancartes, \u00e7a ne marchera pas \u00e7a<br \/>\ncomme la r\u00e9volution. D\u00e9loger un dictateur, c\u2019est<br \/>\nplus facile en fait. C\u2019est lui qui a tout, tout l\u2019argent,<br \/>\ntout le pouvoir. Et nous ? Il faut remplacer<br \/>\nSarkozy ? D\u2019accord. On va voter Strauss-Kahn ?<br \/>\nSuper. Et alors ? Si on remplace Sarkozy par<br \/>\nDSK, j\u2019aurais dix minutes de joie. Il ne va rien<br \/>\nfaire de diff\u00e9rent, ou \u00e0 la marge. M\u00e9lenchon ? Tu<br \/>\nne peux qu\u2019\u00eatre d\u2019accord avec lui. Il faut partager,<br \/>\nil faut qu\u2019ils d\u00e9gagent tous. OK. Mais avec<br \/>\nqui tu travailles, comment tu bosses dans le<br \/>\ncontexte europ\u00e9en et international ? C\u2019est compliqu\u00e9.<br \/>\nJ\u2019aimerai voir\u2026<\/p>\n<p><strong>Alors, comment fait-on la r\u00e9volution ?<\/strong><\/p>\n<p>On voit toujours quelque chose de violent dans<br \/>\nla r\u00e9volution. Il faudra un \u00e9norme changement :<br \/>\nest-ce que \u00e7a passera par un soul\u00e8vement populaire<br \/>\n? Je pense que non. Il a raison Cantona,<br \/>\nil faut trouver d\u2019autres solutions. Je crois que \u00e7a<br \/>\npassera par des choses plus rigolotes. Il y a des<br \/>\nchoses non violentes \u00e0 inventer, qui se servent<br \/>\ndu syst\u00e8me. M\u00e9lenchon, il sert le syst\u00e8me, parce<br \/>\nqu\u2019il est pr\u00e9sent\u00e9 comme un clown. Ils ne sont<br \/>\njuste pas assez \u00e0 vouloir que ce soit lui, on ne<br \/>\ncroit pas qu\u2019il peut gagner. On le rend marginal<br \/>\npour qu\u2019il ne d\u00e9range pas, qu\u2019on ne l\u2019\u00e9coute pas.<br \/>\nIl fonctionne comme un repoussoir : \u00ab Regardez,<br \/>\navec lui, c\u2019est le communisme ! \u00bb Du coup, \u00e7a<br \/>\nrecentre sur la social-d\u00e9mocratie. M\u00e9lenchon ne<br \/>\nva pas gagner. En ce moment, je suis un peu en<br \/>\nboucle sur le vote blanc. Toutes ces col\u00e8res qui<br \/>\nvont se r\u00e9fugier dans le vote d\u2019extr\u00eame gauche<br \/>\net dans celui d\u2019extr\u00eame droite pourraient s\u2019exprimer<br \/>\nutilement dans un vote blanc qui serait<br \/>\ncomptabilis\u00e9. Savoir ce que l\u2019on veut \u00e0 la place,<br \/>\nc\u2019est le probl\u00e8me\u2026 On est r\u00e9sign\u00e9 \u00e0 deux partis.<br \/>\nM\u00e9lenchon n\u2019y arrivera pas. Marine Le Pen<br \/>\nnon plus\u2026<\/p>\n<p><strong> Et un nouveau 21 avril, \u00e0 l\u2019endroit ou \u00e0<br \/>\nl\u2019envers ?<\/strong><\/p>\n<p>Moi je n\u2019ai pas de cicatrice du \u00ab 21 avril \u00bb. Je me<br \/>\nsuis dit alors : \u00ab <em>Tiens, la d\u00e9mocratie fonctionne.<\/em> \u00bb<br \/>\nEt j\u2019ai vot\u00e9 blanc.<\/p>\n<p><strong>C\u2019est la culpabilit\u00e9 du r\u00f4le jou\u00e9 par les<br \/>\nGuignols dans l\u2019\u00e9lection de Jacques<br \/>\nChirac ?<\/strong><\/p>\n<p>En fait, on ne l\u2019a pas rendu sympathique. Il est<br \/>\nsympathique, contrairement \u00e0 Balladur. Il est<br \/>\ncr\u00e9tin, comme nous, tr\u00e8s Fran\u00e7ais. Impossible<br \/>\nde le caricaturer autrement. R\u00e9cemment, j\u2019\u00e9tais<br \/>\nen vacances en Corr\u00e8ze. Et j\u2019ai d\u00e9couvert le mus\u00e9e<br \/>\nChirac, \u00e0 Sarran. La premi\u00e8re chose que l\u2019on<br \/>\nvoit en rentrant, c\u2019est un cube vert avec une pomme dedans : \u00ab Mangez des pommes \u00bb. Je me<br \/>\nsuis dit : qu\u2019est-ce qu\u2019on a fait ? En fait, quand<br \/>\non a re\u00e7u le programme du candidat Chirac, on<br \/>\na ri comme des malades. Il n\u2019y avait rien dedans.<br \/>\nC\u2019\u00e9tait nul. On le traite alors aux Guignols et il<br \/>\nprend un demi-point dans les sondages. Sur la<br \/>\ncouverture de ce livre-programme, il y avait des<br \/>\npommes. Le lendemain, on fait dire \u00e0 Chirac que<br \/>\nson demi-point est li\u00e9 \u00e0 \u00e7a : \u00ab <em>C\u2019est l\u2019effet pommier.<\/em><br \/>\n\u00bb D\u2019o\u00f9 le slogan de campagne : \u00ab Mangez<br \/>\ndes pommes ! \u00bb Il reprend des points dans les<br \/>\nsondages. Et les jeunes RPR s\u2019installent sur les<br \/>\nChamps-Elys\u00e9es avec ce slogan, en distribuant<br \/>\ndes milliers de pommes. Un jeune responsable<br \/>\nRPR nous a dit qu\u2019on leur avait sauv\u00e9 la vie<br \/>\nparce qu\u2019ils n\u2019avaient rien \u00e0 dire.<\/p>\n<p><strong>On ne peut pas faire comme si le rire<br \/>\nn\u2019avait pas d\u2019impact\u2026<\/strong><\/p>\n<p>C\u2019est ce que m\u2019a dit Pierre Lescure <em>(journaliste<br \/>\nqui fut directeur de Canal +, ndlr<\/em>). En 1998, il<br \/>\na voulu suspendre les Guignols au moment de<br \/>\nla dissolution en raison de notre impact sur le<br \/>\nr\u00e9sultat \u00e9lectoral de 1995. Je lui ai dit que, dans<br \/>\nce cas, il fallait arr\u00eater d\u00e9finitivement. Apr\u00e8s une<br \/>\nlongue discussion, on a juste enlev\u00e9 les personnages<br \/>\npolitiques candidats. L\u2019humour est indispensable<br \/>\net en m\u00eame temps\u2026 Un jour, il y aura<br \/>\nun Nuremberg des Guignols. On va nous dire :<br \/>\n\u00ab vous avez endormi les gens, vous leur faites<br \/>\ncroire qu\u2019on est dans un pays libre \u00bb, et on va<br \/>\n\u00eatre pendus ! En fait, le rire ne sert \u00e0 rien, \u00e7a ne<br \/>\nsert pas une cause, m\u00eame si individuellement<br \/>\ncertains s\u2019en servent pour \u00e9veiller leur esprit<br \/>\ncritique.<\/p>\n<p><strong>Dans votre r\u00e9cit, le sexe et les femmes<br \/>\nsont tr\u00e8s pr\u00e9sents, parfois avec une petite<br \/>\ndose de machisme. Ils s\u2019entrem\u00ealent<br \/>\nau propos g\u00e9n\u00e9ral sur la r\u00e9volution. Pour<br \/>\nautant, on n\u2019a pas le sentiment que les<br \/>\nrapports hommes \/ femmes et la sexualit\u00e9<br \/>\nsoient un lieu de la r\u00e9volution. Cette<br \/>\nquestion n\u2019est pas absente mais on a le<br \/>\nsentiment qu\u2019elle n\u2019est pas pens\u00e9e\u2026<\/strong><\/p>\n<p>Mon rapport au sexe et aux femmes, ce sont<br \/>\nmes petites bulles \u00e0 moi. C\u2019est le moment o\u00f9 je<br \/>\nsuis bien, o\u00f9 je ne pense pas \u00e0 la r\u00e9volution, o\u00f9<br \/>\nj\u2019oublie combien l\u2019organisation sociale me p\u00e8se.<br \/>\nC\u2019est mon refuge. Mais c\u2019est vrai que la libert\u00e9<br \/>\nnouvelle des femmes, c\u2019est un sacr\u00e9 changement\u2026<br \/>\nJe vais r\u00e9fl\u00e9chir \u00e0 cette r\u00e9volution\u2026<\/p>\n<div id='gallery-1' class='gallery galleryid-4746 gallery-columns-3 gallery-size-thumbnail'><figure class='gallery-item'>\n\t\t\t<div class='gallery-icon landscape'>\n\t\t\t\t<a href='https:\/\/archives.regards.fr\/wp-content\/uploads\/2011\/03\/gaccio_crop-960.jpg'><img loading=\"lazy\" decoding=\"async\" width=\"80\" height=\"55\" src=\"https:\/\/archives.regards.fr\/wp-content\/uploads\/2011\/03\/gaccio_crop-960.jpg\" class=\"attachment-thumbnail size-thumbnail\" alt=\"Bruno Gaccio, la culpabilit\u00e9 r\u00e9volutionnaire\" aria-describedby=\"gallery-1-14815\" \/><\/a>\n\t\t\t<\/div>\n\t\t\t\t<figcaption class='wp-caption-text gallery-caption' id='gallery-1-14815'>\n\t\t\t\tBruno Gaccio, la culpabilit\u00e9 r\u00e9volutionnaire\n\t\t\t\t<\/figcaption><\/figure>\n\t\t<\/div>\n\n","protected":false},"excerpt":{"rendered":"<p>Artisan du succ\u00e8s des Guignols de l\u2019Info sur Canal +,<br \/>\nBruno Gaccio publie <em>La R\u00e9volution ? On s\u2019rappelle\u2026<\/em><br \/>\nUne invitation brute de d\u00e9coffrage \u00e0 la contestation o\u00f9 l\u2019auteur,<br \/>\ndans un style oral, &#8220;authentique&#8221;, ne s\u2019\u00e9pargne pas.<br \/>\nSnobisme ou effet de mode ? On a eu envie de le rencontrer.<\/p>\n","protected":false},"author":569,"featured_media":14815,"comment_status":"open","ping_status":"open","sticky":false,"template":"","format":"standard","meta":{"_themeisle_gutenberg_block_has_review":false,"footnotes":""},"categories":[141],"tags":[287],"class_list":["post-4746","post","type-post","status-publish","format-standard","has-post-thumbnail","hentry","category-archives-web","tag-medias"],"_links":{"self":[{"href":"https:\/\/archives.regards.fr\/index.php?rest_route=\/wp\/v2\/posts\/4746","targetHints":{"allow":["GET"]}}],"collection":[{"href":"https:\/\/archives.regards.fr\/index.php?rest_route=\/wp\/v2\/posts"}],"about":[{"href":"https:\/\/archives.regards.fr\/index.php?rest_route=\/wp\/v2\/types\/post"}],"author":[{"embeddable":true,"href":"https:\/\/archives.regards.fr\/index.php?rest_route=\/wp\/v2\/users\/569"}],"replies":[{"embeddable":true,"href":"https:\/\/archives.regards.fr\/index.php?rest_route=%2Fwp%2Fv2%2Fcomments&post=4746"}],"version-history":[{"count":0,"href":"https:\/\/archives.regards.fr\/index.php?rest_route=\/wp\/v2\/posts\/4746\/revisions"}],"wp:featuredmedia":[{"embeddable":true,"href":"https:\/\/archives.regards.fr\/index.php?rest_route=\/wp\/v2\/media\/14815"}],"wp:attachment":[{"href":"https:\/\/archives.regards.fr\/index.php?rest_route=%2Fwp%2Fv2%2Fmedia&parent=4746"}],"wp:term":[{"taxonomy":"category","embeddable":true,"href":"https:\/\/archives.regards.fr\/index.php?rest_route=%2Fwp%2Fv2%2Fcategories&post=4746"},{"taxonomy":"post_tag","embeddable":true,"href":"https:\/\/archives.regards.fr\/index.php?rest_route=%2Fwp%2Fv2%2Ftags&post=4746"}],"curies":[{"name":"wp","href":"https:\/\/api.w.org\/{rel}","templated":true}]}}