{"id":4734,"date":"2011-03-14T23:26:16","date_gmt":"2011-03-14T22:26:16","guid":{"rendered":"https:\/\/wp.muchomaas.com\/le-nouveau-deal-europeen4734\/"},"modified":"2023-06-23T23:08:09","modified_gmt":"2023-06-23T21:08:09","slug":"le-nouveau-deal-europeen4734","status":"publish","type":"post","link":"https:\/\/archives.regards.fr\/?p=4734","title":{"rendered":"Le nouveau deal europ\u00e9en"},"content":{"rendered":"<p><strong>Angela Merkel vient de proposer un pacte de<br \/>\ncomp\u00e9titivit\u00e9 [[ Documents annexes \u00e0 consulter via l\u2019article \u00ab Acharnement<br \/>\nth\u00e9rapeutique \u00bb, sur hussonet.free.fr]] pour l\u2019Europe, avec l\u2019assentiment<br \/>\nde Sarkozy.<\/strong> C\u2019est la contrepartie de<br \/>\nl\u2019adoption du Fonds europ\u00e9en de stabilit\u00e9 financi\u00e8re<br \/>\n: je participe au financement des dettes en<br \/>\n\u00e9change d\u2019une Europe comp\u00e9titive. Parmi les six pistes propos\u00e9es,<br \/>\ntrois sont a priori acceptables : reconnaissance mutuelle<br \/>\ndes dipl\u00f4mes, r\u00e9gime de gestion de crise pour les banques et<br \/>\nharmonisation de la fiscalit\u00e9 des entreprises. Mais tout d\u00e9pend<br \/>\ndes modalit\u00e9s, par exemple du taux d\u2019imp\u00f4t sur les soci\u00e9t\u00e9s.<\/p>\n<p>Le reste est une provocation. Supprimer l\u2019indexation des salaires<br \/>\nsur les prix (qui concerne la Belgique, le Luxembourg, mais aussi,<br \/>\nen pratique, l\u2019Espagne) revient \u00e0 abandonner toute garantie d\u2019un<br \/>\nsimple maintien du pouvoir d\u2019achat. Dans le cas fran\u00e7ais, le Smic<br \/>\nest index\u00e9 sur l\u2019inflation : faudra-t-il supprimer cette r\u00e8gle ? Dire<br \/>\nque les r\u00e9gimes de pension doivent s\u2019ajuster \u00e0 l\u2019\u00e9volution d\u00e9mographique<br \/>\nest une lapalissade, mais comment ? La Commission<br \/>\nmet les points sur les i dans son \u00ab examen annuel de la croissance<br \/>\n\u00bb o\u00f9 elle recommande aux \u00ab <em>Etats membres qui ne l\u2019ont pas<br \/>\nencore fait de relever l\u2019\u00e2ge de d\u00e9part \u00e0 la retraite<\/em> \u00bb et d\u2019encourager<br \/>\n\u00ab <em>le d\u00e9veloppement de l\u2019\u00e9pargne priv\u00e9e compl\u00e9mentaire<\/em> \u00bb.<br \/>\nEnfin, le projet, repris par Sarkozy, d\u2019inscrire dans la constitution<br \/>\nde chaque pays une r\u00e8gle d\u2019encadrement du d\u00e9ficit budg\u00e9taire<br \/>\nserait une entorse grave \u00e0 la souverainet\u00e9 populaire que le Parlement<br \/>\nest cens\u00e9 incarner en votant le budget.<\/p>\n<p>L\u00e0 o\u00f9 les partisans d\u2019une Europe solidaire proposent la mise en<br \/>\nplace d\u2019un budget europ\u00e9en suffisant pour financer des fonds<br \/>\nd\u2019harmonisation et des projets d\u2019investissement \u00e9cologiques, la<br \/>\nr\u00e9ponse est encore une fois : comp\u00e9titivit\u00e9 et rigueur budg\u00e9taire.<br \/>\nL\u2019Europe a d\u00e9j\u00e0 franchi un pas sur cette voie avec l\u2019institution<br \/>\ndu \u00ab semestre europ\u00e9en \u00bb : les Etats membres doivent dor\u00e9navant<br \/>\nint\u00e9grer les recommandations de la Commission avant de faire<br \/>\nvalider leur budget. La proc\u00e9dure commence cette ann\u00e9e.<\/p>\n<p>Ce n\u2019est pas tout : la Commission europ\u00e9enne a, elle aussi, son<br \/>\nplan en six points, qui devrait \u00eatre soumis au parlement europ\u00e9en<br \/>\nen avril pour \u00eatre vot\u00e9 en juin. Il s\u2019agit d\u2019abord de durcir le pacte de<br \/>\nstabilit\u00e9 : les Etats se verront imposer un calendrier de r\u00e9duction<br \/>\nde leur dette publique et son non-respect sera assorti de sanctions automatiques de 0,2 % du PIB (4 milliards d\u2019euros dans le<br \/>\ncas fran\u00e7ais). Les choses vont plus loin avec l\u2019introduction d\u2019une<br \/>\nnouvelle proc\u00e9dure \u00ab <em>concernant les d\u00e9s\u00e9quilibres excessifs<\/em> \u00bb.<br \/>\nLes Etats \u00ab <em>pr\u00e9sentant des d\u00e9s\u00e9quilibres macro-\u00e9conomiques<br \/>\ngraves ou qui menacent le bon fonctionnement de l\u2019Union \u00e9conomique<br \/>\net mon\u00e9taire<\/em> \u00bb devront \u00ab <em>soumettre un plan de mesures<br \/>\ncorrectives au Conseil, lequel fixera des d\u00e9lais pour sa mise en<br \/>\noeuvre \u00bb<\/em>. Un Etat membre de la zone euro qui persisterait \u00e0 ne<br \/>\npas prendre ces mesures s\u2019exposerait \u00e0 des sanctions : amende<br \/>\nannuelle de 0,1 % de son PIB ! Parmi les \u00ab d\u00e9s\u00e9quilibres graves \u00bb,<br \/>\nil y aura \u00e0 n\u2019en pas douter le manque de comp\u00e9titivit\u00e9.<\/p>\n<p>Cette logique punitive de r\u00e9ductions tous azimuts est affligeante.<br \/>\nDans l\u2019esprit des n\u00e9olib\u00e9raux, cette discipline antisociale<br \/>\nest n\u00e9cessaire pour pr\u00e9venir une nouvelle crise. Mais elle<br \/>\nrisque de plonger l\u2019Europe dans une nouvelle r\u00e9cession. Et,<br \/>\npendant ce temps, les march\u00e9s<br \/>\nfinanciers, loin d\u2019\u00eatre<br \/>\nd\u00e9sarm\u00e9s, continuent \u00e0 faire<br \/>\npression sur les pays en difficult\u00e9<br \/>\net \u00e0 guetter leur prochaine<br \/>\nproie. Sarkozy continue<br \/>\nde se payer notre t\u00eate :<br \/>\no\u00f9 est donc pass\u00e9e la taxe<br \/>\nsur les transactions financi\u00e8res d\u00e9fendue avec tant de passion<br \/>\ndevant le G20 ? Le patronat se frotte les mains puisqu\u2019on applique<br \/>\nson programme.<\/p>\n<p>Les d\u00e9put\u00e9s europ\u00e9ens sont rares \u00e0 protester et, par exemple,<br \/>\nun Vert allemand, Sven Giegold, trouve que les propositions de<br \/>\nla Commission vont \u00ab<em> dans le bon sens pour la cr\u00e9ation d\u2019une<br \/>\nstructure de gouvernance \u00e9conomique <\/em> \u00bb. La Conf\u00e9d\u00e9ration europ\u00e9enne<br \/>\ndes syndicats (CES) s\u2019y oppose vigoureusement [[R\u00e9solution de la CES sur la gouvernance \u00e9conomique et sociale,<br \/>\noctobre 2010, www.etuc.org\/a\/7770]] mais<br \/>\nn\u2019est pas suivie au niveau national. Enfin, comment ne pas voir<br \/>\nque ce corset europ\u00e9en renforc\u00e9 ouvre un boulevard \u00e0 l\u2019extr\u00eame<br \/>\ndroite nationaliste ? S\u2019il y a une gauche dans ce pays, elle devrait<br \/>\ns\u2019emparer de cette question, car ce sont les nouvelles r\u00e8gles du<br \/>\njeu europ\u00e9en qui se discutent en ce moment.<\/p>\n<div id='gallery-1' class='gallery galleryid-4734 gallery-columns-3 gallery-size-thumbnail'><figure class='gallery-item'>\n\t\t\t<div class='gallery-icon landscape'>\n\t\t\t\t<a href='https:\/\/archives.regards.fr\/wp-content\/uploads\/2011\/03\/parlement-4bb.jpg'><img loading=\"lazy\" decoding=\"async\" width=\"150\" height=\"150\" src=\"https:\/\/archives.regards.fr\/wp-content\/uploads\/2011\/03\/parlement-4bb-150x150.jpg\" class=\"attachment-thumbnail size-thumbnail\" alt=\"parlement.jpg\" \/><\/a>\n\t\t\t<\/div><\/figure><figure class='gallery-item'>\n\t\t\t<div class='gallery-icon landscape'>\n\t\t\t\t<a href='https:\/\/archives.regards.fr\/wp-content\/uploads\/2011\/03\/parlement_bandeau-a3c.jpg'><img loading=\"lazy\" decoding=\"async\" width=\"150\" height=\"122\" src=\"https:\/\/archives.regards.fr\/wp-content\/uploads\/2011\/03\/parlement_bandeau-a3c-150x122.jpg\" class=\"attachment-thumbnail size-thumbnail\" alt=\"Le nouveau deal europ\u00e9en\" aria-describedby=\"gallery-1-14783\" \/><\/a>\n\t\t\t<\/div>\n\t\t\t\t<figcaption class='wp-caption-text gallery-caption' id='gallery-1-14783'>\n\t\t\t\tLe nouveau deal europ\u00e9en\n\t\t\t\t<\/figcaption><\/figure>\n\t\t<\/div>\n\n","protected":false},"excerpt":{"rendered":"<p>Angela Merkel vient de proposer un pacte de comp\u00e9titivit\u00e9 [[ Documents annexes \u00e0 consulter via l\u2019article \u00ab Acharnement th\u00e9rapeutique \u00bb, sur hussonet.free.fr]] pour l\u2019Europe, avec l\u2019assentiment de Sarkozy. C\u2019est la contrepartie de l\u2019adoption du Fonds europ\u00e9en de stabilit\u00e9 financi\u00e8re : je participe au financement des dettes en \u00e9change d\u2019une Europe comp\u00e9titive. Parmi les six pistes [&hellip;]<\/p>\n","protected":false},"author":1,"featured_media":14782,"comment_status":"open","ping_status":"open","sticky":false,"template":"","format":"standard","meta":{"_themeisle_gutenberg_block_has_review":false,"footnotes":""},"categories":[16],"tags":[357,352],"class_list":["post-4734","post","type-post","status-publish","format-standard","has-post-thumbnail","hentry","category-michel-husson","tag-chronique","tag-europe"],"_links":{"self":[{"href":"https:\/\/archives.regards.fr\/index.php?rest_route=\/wp\/v2\/posts\/4734","targetHints":{"allow":["GET"]}}],"collection":[{"href":"https:\/\/archives.regards.fr\/index.php?rest_route=\/wp\/v2\/posts"}],"about":[{"href":"https:\/\/archives.regards.fr\/index.php?rest_route=\/wp\/v2\/types\/post"}],"author":[{"embeddable":true,"href":"https:\/\/archives.regards.fr\/index.php?rest_route=\/wp\/v2\/users\/1"}],"replies":[{"embeddable":true,"href":"https:\/\/archives.regards.fr\/index.php?rest_route=%2Fwp%2Fv2%2Fcomments&post=4734"}],"version-history":[{"count":0,"href":"https:\/\/archives.regards.fr\/index.php?rest_route=\/wp\/v2\/posts\/4734\/revisions"}],"wp:featuredmedia":[{"embeddable":true,"href":"https:\/\/archives.regards.fr\/index.php?rest_route=\/wp\/v2\/media\/14782"}],"wp:attachment":[{"href":"https:\/\/archives.regards.fr\/index.php?rest_route=%2Fwp%2Fv2%2Fmedia&parent=4734"}],"wp:term":[{"taxonomy":"category","embeddable":true,"href":"https:\/\/archives.regards.fr\/index.php?rest_route=%2Fwp%2Fv2%2Fcategories&post=4734"},{"taxonomy":"post_tag","embeddable":true,"href":"https:\/\/archives.regards.fr\/index.php?rest_route=%2Fwp%2Fv2%2Ftags&post=4734"}],"curies":[{"name":"wp","href":"https:\/\/api.w.org\/{rel}","templated":true}]}}