{"id":4729,"date":"2011-03-11T00:05:41","date_gmt":"2011-03-10T23:05:41","guid":{"rendered":"https:\/\/wp.muchomaas.com\/une-tranche-d-info-bien-epaisse4729\/"},"modified":"2023-06-23T23:08:08","modified_gmt":"2023-06-23T21:08:08","slug":"une-tranche-d-info-bien-epaisse4729","status":"publish","type":"post","link":"https:\/\/archives.regards.fr\/?p=4729","title":{"rendered":"Une tranche d\u2019info, bien \u00e9paisse"},"content":{"rendered":"<p class=\"post_excerpt\">Au programme de \u00ab RTL Matin \u00bb : de l\u2019info (petites phrases<br \/>\net faits divers), des chroniqueurs stars (Zemmour, Aphatie,<br \/>\nDuhamel) et du rire \u00e0 gogo, poil au dos.<\/p>\n<p>Beatles ou Rolling Stones ? Th\u00e9 ou<br \/>\ncaf\u00e9 ? RTL ou Radio France ? Un<br \/>\ninconditionnel de Mick Jagger regarde<br \/>\navec une saine distance le<br \/>\nfan de John Lennon. L\u2019accro \u00e0 la caf\u00e9ine a une<br \/>\nm\u00e9fiance atavique pour le buveur de flotte infus\u00e9e.<br \/>\nDe m\u00eame, le fid\u00e8le auditeur de France Inter<br \/>\net France Culture est pris de sueurs \u00e0 l\u2019id\u00e9e<br \/>\nd\u2019\u00e9couter RTL plus de 25 secondes. Mais voil\u00e0,<br \/>\nla vie du journaliste est ainsi faite. Il faut \u00eatre<br \/>\ncapable de s\u2019appuyer sans g\u00e9mir un spectacle<br \/>\ndu subtil Jean-Marie Bigard, un nanard de Dany<br \/>\nCht\u2019i Boon ou des pages du productif Marc Levy,<br \/>\nl\u2019auteur dont les livres rehaussent le niveau des<br \/>\nbiblioth\u00e8ques pourvu qu\u2019ils soient plac\u00e9s sous<br \/>\nles pieds de ladite biblioth\u00e8que.<\/p>\n<p>RTL, donc, en immersion totale, sans jamais se<br \/>\nfaire un shoot de Patrick Cohen (France Inter),<br \/>\nsans la moindre goul\u00e9e de Marc Kravetz (France<br \/>\nCulture), tel un Paul Emile Victor de la Matinale,<br \/>\nquinze jours durant \u00e0 l\u2019heure du caf\u00e9, entre<br \/>\n7 heures et 9 h 30. Reprenons. RTL est la radio<br \/>\nla plus populaire de France. Le matin, la tranche<br \/>\nla plus convoit\u00e9e en radio, quatre millions d\u2019auditeurs<br \/>\ny accrochent une oreille, devant France<br \/>\nInter et loin devant Europe 1. Aux manettes depuis<br \/>\n2008, Vincent Parizot, longtemps pr\u00e9sent\u00e9<br \/>\ncomme \u00ab l\u2019inconnu de la matinale \u00bb, ce qui l\u2019\u00e9nervait<br \/>\nun peu. Mais force \u00e9tait de constater qu\u2019il<br \/>\n\u00e9tait matinal\u2026 et inconnu, face \u00e0 ses concurrents<br \/>\nd\u2019alors, Nicolas Demorand (France Inter) ou<br \/>\nMarc-Olivier Fogiel (Europe 1). La concurrence a<br \/>\nvals\u00e9, mais lui est rest\u00e9 l\u00e0, fid\u00e8le au poste, soldat<br \/>\nencore et toujours inconnu, au seul service de<br \/>\nl\u2019info estampill\u00e9e RTL.<\/p>\n<p><em>Pipapabapaaaaaaa<\/em> (jingle de Michel Legrand,<br \/>\ncompos\u00e9 en 1964, on ne change pas une recette<br \/>\nqui marche). Parizot r\u00e9veille la France en<br \/>\nbin\u00f4me avec Odile Pouget. A la Une, les faits<br \/>\ndivers s\u2019encha\u00eenent. Ce jour-l\u00e0, l\u2019\u00e9v\u00e9nement,<br \/>\nc\u2019est la tentative de suicide de Tony Meilhon,<br \/>\nle meurtrier pr\u00e9sum\u00e9 de L\u00e6titia. On encha\u00eene<br \/>\navec un suicide, r\u00e9ussi cette fois, \u00e0 l\u2019issue d\u2019une<br \/>\ncourse-poursuite avec les gendarmes et on<br \/>\ntermine avec un non-rebondissement dans la<br \/>\ndisparition des petites Alessia et Livia. Place<br \/>\n\u00e0 la politique, avec une succession de petites<br \/>\nphrases autour de Dominique Strauss-Kahn.<br \/>\nL\u2019Egypte, enfin, avant \u00ab<em> la victoire sans panache<br \/>\ndu XV de France sur l\u2019Irlande<\/em> \u00bb.<\/p>\n<h2>C\u2019\u00e9tait mieux avant<\/h2>\n<p>Apr\u00e8s tout, l\u2019Egypte a seulement d\u00e9barqu\u00e9 son<br \/>\npr\u00e9sident au cours d\u2019une journ\u00e9e qui restera<br \/>\ndans les dates cruciales de son histoire moderne,<br \/>\nmais enfin, la petite phrase de Christian<br \/>\nJacob contre DSK, \u00e7a a quand m\u00eame plus de<br \/>\ngueule. L\u2019angle du sujet de RTL est sans surprise.<br \/>\nLe reporter est avec les chr\u00e9tiens coptes<br \/>\ndu Caire, \u00ab<em> partag\u00e9s entre l\u2019espoir de la d\u00e9mocratie<br \/>\net l\u2019inqui\u00e9tude de voir les islamistes<br \/>\nprendre le pouvoir <\/em> \u00bb (lire https:\/\/wp.muchomaas.com\/monde\/l-espoir-3-le-choc-des). Ainsi s\u2019encha\u00eene<br \/>\nl\u2019info sur RTL alors que les yeux piquent<br \/>\nencore. Derri\u00e8re, la Saint-Valentin, se taillera une belle place dans la matin\u00e9e, avec le t\u00e9moignage<br \/>\nd\u2019une femme qui a fait une mauvaise<br \/>\nrencontre sur Internet mais aussi celui d\u2019un bon<br \/>\nvieux papi qui a rencontr\u00e9 sa ch\u00e8re et tendre<br \/>\ndans un bal du village, quand on vous disait que<br \/>\nc\u2019\u00e9tait mieux avant.<\/p>\n<p>A propos de r\u00e9troviseur, RTL, c\u2019est l\u2019antenne<br \/>\nd\u2019Eric Zemmour. Car apr\u00e8s l\u2019info, les chroniqueurs<br \/>\nsont les vraies stars de la matinale<br \/>\nd\u2019RTL. Dans cette exp\u00e9rience<br \/>\nd\u2019auditeur un peu folle, \u00e7a<br \/>\nfaisait plusieurs fois qu\u2019on s\u00e9chait<br \/>\nZemmour. C\u2019\u00e9tait l\u2019heure<br \/>\nde la douche, le r\u00e9veil n\u2019avait<br \/>\npas sonn\u00e9\u2026 et puis une<br \/>\nchronique de Zemmour c\u2019est<br \/>\ncomme un film porno, t\u2019en as<br \/>\nvu un, tu les as tous vu. Quelle que soit la situation,<br \/>\non sait \u00e0 peu pr\u00e8s comment \u00e7a va finir :<br \/>\n7 h 15 tapantes, \u00ab Z comme Zemmour \u00bb : \u00ab<em> Il faut<br \/>\nbouger, il faut changer, bouger avec une soci\u00e9t\u00e9<br \/>\nqui bouge, changer avec une soci\u00e9t\u00e9 qui<br \/>\nchange, c\u2019est la rengaine qu\u2019on entend depuis<br \/>\ndes d\u00e9cennies. (\u2026) La gauche appelle ce bougisme<br \/>\n\u201cprogr\u00e8s\u201d. (\u2026) Pourquoi changer pour<br \/>\nchanger ? Pourquoi ne pas faire l\u2019\u00e9loge du<br \/>\nconservatisme ?<\/em> \u00bb<br \/>\nCe qu\u2019il y a de mieux, chez Eric Zemmour, c\u2019est<br \/>\nla dur\u00e9e de sa chronique : 3 minutes et 15 secondes<br \/>\nalors que ses camarades du matin, l\u2019inusable<br \/>\nAlain Duhamel, le meilleur intervieweur de<br \/>\nFrance 2008 Jean-Michel Aphatie ou l\u2019imitateur<br \/>\nLaurent Gerra sont dot\u00e9s de trois fois plus. Alors<br \/>\nqu\u2019approche l\u2019\u00e9lection pr\u00e9sidentielle, la rubrique<br \/>\nm\u00e9dias de<em> Regards<\/em> se refuse \u00e0 (mal)traiter les<br \/>\npapes de la petite phrase d\u00e9cortiqu\u00e9e que sont<br \/>\nDuhamel et Aphatie. L\u2019humour<br \/>\nest cardinal sur RTL, c\u2019est<br \/>\nquand m\u00eame la cha\u00eene historique<br \/>\nde Philippe Bouvard.<\/p>\n<h2>Tarte aux poils<\/h2>\n<p>Le matin, c\u2019est Laurent Gerra<br \/>\nqui fait le job, tout en finesse.<br \/>\nLe 3 f\u00e9vrier, Gerra imite Val\u00e9ry Giscard d\u2019Estaing.<br \/>\nC\u2019est la chandeleur, il fait des cr\u00eapes, les<br \/>\nfait sauter tout en faisant des voeux, attention le<br \/>\ngag arrive. \u00ab <em>Je fais le voeu d\u2019avoir le manche<br \/>\naussi dur que celui de ma po\u00eale, et les poils bien<br \/>\naccroch\u00e9s au manche.<\/em> \u00bb Ce qui am\u00e8ne naturellement<br \/>\nVGE \u00e0 \u00e9voquer ses amours avec Lady<br \/>\nDi, qui pr\u00e9f\u00e9rait, nous comble Gerra, \u00ab <em>la tarte<br \/>\naux poils<\/em> \u00bb. \u00ab<em> Et pourtant<\/em>, compl\u00e8te VGE,<em> je peux<br \/>\nvous dire qu\u2019elle \u00e9tait onctueuse et sans grumeaux<br \/>\nla p\u00e2te que je balan\u00e7ais dans le compotier<br \/>\nde la princesse.<\/em> \u00bb Pouet pouet, la France se<br \/>\nr\u00e9veille.<div id='gallery-1' class='gallery galleryid-4729 gallery-columns-3 gallery-size-thumbnail'><figure class='gallery-item'>\n\t\t\t<div class='gallery-icon landscape'>\n\t\t\t\t<a href='https:\/\/archives.regards.fr\/wp-content\/uploads\/2011\/03\/zem-bb4.jpg'><img loading=\"lazy\" decoding=\"async\" width=\"150\" height=\"150\" src=\"https:\/\/archives.regards.fr\/wp-content\/uploads\/2011\/03\/zem-bb4-150x150.jpg\" class=\"attachment-thumbnail size-thumbnail\" alt=\"zem.jpg\" \/><\/a>\n\t\t\t<\/div><\/figure><figure class='gallery-item'>\n\t\t\t<div class='gallery-icon landscape'>\n\t\t\t\t<a href='https:\/\/archives.regards.fr\/wp-content\/uploads\/2011\/03\/zem_bandeau-82f.jpg'><img loading=\"lazy\" decoding=\"async\" width=\"150\" height=\"122\" src=\"https:\/\/archives.regards.fr\/wp-content\/uploads\/2011\/03\/zem_bandeau-82f-150x122.jpg\" class=\"attachment-thumbnail size-thumbnail\" alt=\"Une tranche d\u2019info, bien \u00e9paisse\" aria-describedby=\"gallery-1-14770\" \/><\/a>\n\t\t\t<\/div>\n\t\t\t\t<figcaption class='wp-caption-text gallery-caption' id='gallery-1-14770'>\n\t\t\t\tUne tranche d\u2019info, bien \u00e9paisse\n\t\t\t\t<\/figcaption><\/figure><figure class='gallery-item'>\n\t\t\t<div class='gallery-icon landscape'>\n\t\t\t\t<a href='https:\/\/archives.regards.fr\/wp-content\/uploads\/2011\/03\/zem_crop-e27.jpg'><img loading=\"lazy\" decoding=\"async\" width=\"80\" height=\"55\" src=\"https:\/\/archives.regards.fr\/wp-content\/uploads\/2011\/03\/zem_crop-e27.jpg\" class=\"attachment-thumbnail size-thumbnail\" alt=\"Une tranche d\u2019info, bien \u00e9paisse\" aria-describedby=\"gallery-1-14771\" \/><\/a>\n\t\t\t<\/div>\n\t\t\t\t<figcaption class='wp-caption-text gallery-caption' id='gallery-1-14771'>\n\t\t\t\tUne tranche d\u2019info, bien \u00e9paisse\n\t\t\t\t<\/figcaption><\/figure>\n\t\t<\/div>\n<\/p>\n","protected":false},"excerpt":{"rendered":"<p>Au programme de \u00ab RTL Matin \u00bb : de l\u2019info (petites phrases<br \/>\net faits divers), des chroniqueurs stars (Zemmour, Aphatie,<br \/>\nDuhamel) et du rire \u00e0 gogo, poil au dos.<\/p>\n","protected":false},"author":569,"featured_media":14769,"comment_status":"open","ping_status":"open","sticky":false,"template":"","format":"standard","meta":{"_themeisle_gutenberg_block_has_review":false,"footnotes":""},"categories":[141],"tags":[357,287],"class_list":["post-4729","post","type-post","status-publish","format-standard","has-post-thumbnail","hentry","category-archives-web","tag-chronique","tag-medias"],"_links":{"self":[{"href":"https:\/\/archives.regards.fr\/index.php?rest_route=\/wp\/v2\/posts\/4729","targetHints":{"allow":["GET"]}}],"collection":[{"href":"https:\/\/archives.regards.fr\/index.php?rest_route=\/wp\/v2\/posts"}],"about":[{"href":"https:\/\/archives.regards.fr\/index.php?rest_route=\/wp\/v2\/types\/post"}],"author":[{"embeddable":true,"href":"https:\/\/archives.regards.fr\/index.php?rest_route=\/wp\/v2\/users\/569"}],"replies":[{"embeddable":true,"href":"https:\/\/archives.regards.fr\/index.php?rest_route=%2Fwp%2Fv2%2Fcomments&post=4729"}],"version-history":[{"count":0,"href":"https:\/\/archives.regards.fr\/index.php?rest_route=\/wp\/v2\/posts\/4729\/revisions"}],"wp:featuredmedia":[{"embeddable":true,"href":"https:\/\/archives.regards.fr\/index.php?rest_route=\/wp\/v2\/media\/14769"}],"wp:attachment":[{"href":"https:\/\/archives.regards.fr\/index.php?rest_route=%2Fwp%2Fv2%2Fmedia&parent=4729"}],"wp:term":[{"taxonomy":"category","embeddable":true,"href":"https:\/\/archives.regards.fr\/index.php?rest_route=%2Fwp%2Fv2%2Fcategories&post=4729"},{"taxonomy":"post_tag","embeddable":true,"href":"https:\/\/archives.regards.fr\/index.php?rest_route=%2Fwp%2Fv2%2Ftags&post=4729"}],"curies":[{"name":"wp","href":"https:\/\/api.w.org\/{rel}","templated":true}]}}