{"id":4728,"date":"2011-03-09T12:29:14","date_gmt":"2011-03-09T11:29:14","guid":{"rendered":"https:\/\/wp.muchomaas.com\/le-droit-au-sejour-des-etrangers4728\/"},"modified":"2011-03-09T12:29:14","modified_gmt":"2011-03-09T11:29:14","slug":"le-droit-au-sejour-des-etrangers4728","status":"publish","type":"post","link":"https:\/\/archives.regards.fr\/?p=4728","title":{"rendered":"Le droit au s\u00e9jour des \u00e9trangers malades en danger"},"content":{"rendered":"<p><strong>Depuis hier, l\u2019Assembl\u00e9e nationale examine en deuxi\u00e8me lecture le projet de loi sur l\u2019immigration. <\/strong> Or si Nicolas Sarkozy vient de reculer sur la d\u00e9ch\u00e9ance de nationalit\u00e9, il persiste \u00e0 d\u00e9fendre un autre amendement, pourtant rejet\u00e9 en premi\u00e8re lecture par le S\u00e9nat, qui remet en cause le droit au s\u00e9jour des \u00e9trangers gravement malades. Pour obtenir un titre pour soins, la condition ne serait plus le \u00ab <em>non acc\u00e8s effectif au traitement appropri\u00e9 dans le pays d\u2019origine de l\u2019\u00e9tranger<\/em> \u00bb, mais \u00ab<em> l\u2019indisponibilit\u00e9 du traitement appropri\u00e9 <\/em> \u00bb. L\u2019article 17 soul\u00e8ve un probl\u00e8me qui n\u2019est pas seulement s\u00e9mantique, contrairement \u00e0 ce que les d\u00e9put\u00e9s qui le d\u00e9fendent voudraient faire croire. Car ce n\u2019est pas parce qu\u2019un traitement est disponible qu\u2019il est accessible. En l\u2019\u00e9tat actuel, le projet de loi ne prend pas en compte l\u2019absence de couverture maladie, les in\u00e9galit\u00e9s de couverture territoriales, les ruptures de stock, le manque de personnel, le co\u00fbt prohibitif des traitements\u2026 <\/p>\n<p>Le Conseil national du sida souligne les cons\u00e9quences d\u2019une telle modification : \u00ab<em> Dans le cas de l\u2019infection \u00e0 VIH mais pour de nombreuses autres pathologies \u00e9galement, le probl\u00e8me n\u2019est plus aujourd\u2019hui celui de l\u2019existence des traitements appropri\u00e9s dans le pays d\u2019origine mais uniquement celui de leur accessibilit\u00e9 <\/em> \u00bb. La campagne \u00ab Un mot, des morts \u00bb ( http:\/\/unmotdesmorts.org) d\u00e9nonce un texte qui, s\u2019il est adopt\u00e9, \u00ab<em> forcera les \u00e9trangers \u00e0 rester dans l\u2019irr\u00e9gularit\u00e9, mettant leur sant\u00e9 en p\u00e9ril, avec un risque de recrudescence des maladies infectieuses telles que le VIH, les h\u00e9patites ou la tuberculose <\/em> \u00bb. L\u2019expulsion de ces personnes s\u2019apparente \u00e0 une condamnation \u00e0 mort. <\/p>\n<p><em>Pour plus d\u2019informations, lire le dossier de l\u2019Observatoire du droit \u00e0 la sant\u00e9 des \u00e9trangers<\/em> : http:\/\/www.odse.eu.org\/IMG\/pdf\/Dossier_CP_31-01_ODSE.pdf <\/p>\n","protected":false},"excerpt":{"rendered":"<p>Depuis hier, l\u2019Assembl\u00e9e nationale examine en deuxi\u00e8me lecture le projet de loi sur l\u2019immigration. Or si Nicolas Sarkozy vient de reculer sur la d\u00e9ch\u00e9ance de nationalit\u00e9, il persiste \u00e0 d\u00e9fendre un autre amendement, pourtant rejet\u00e9 en premi\u00e8re lecture par le S\u00e9nat, qui remet en cause le droit au s\u00e9jour des \u00e9trangers gravement malades. Pour obtenir [&hellip;]<\/p>\n","protected":false},"author":573,"featured_media":0,"comment_status":"open","ping_status":"open","sticky":false,"template":"","format":"standard","meta":{"_themeisle_gutenberg_block_has_review":false,"footnotes":""},"categories":[141],"tags":[307],"class_list":["post-4728","post","type-post","status-publish","format-standard","hentry","category-archives-web","tag-sante"],"_links":{"self":[{"href":"https:\/\/archives.regards.fr\/index.php?rest_route=\/wp\/v2\/posts\/4728","targetHints":{"allow":["GET"]}}],"collection":[{"href":"https:\/\/archives.regards.fr\/index.php?rest_route=\/wp\/v2\/posts"}],"about":[{"href":"https:\/\/archives.regards.fr\/index.php?rest_route=\/wp\/v2\/types\/post"}],"author":[{"embeddable":true,"href":"https:\/\/archives.regards.fr\/index.php?rest_route=\/wp\/v2\/users\/573"}],"replies":[{"embeddable":true,"href":"https:\/\/archives.regards.fr\/index.php?rest_route=%2Fwp%2Fv2%2Fcomments&post=4728"}],"version-history":[{"count":0,"href":"https:\/\/archives.regards.fr\/index.php?rest_route=\/wp\/v2\/posts\/4728\/revisions"}],"wp:attachment":[{"href":"https:\/\/archives.regards.fr\/index.php?rest_route=%2Fwp%2Fv2%2Fmedia&parent=4728"}],"wp:term":[{"taxonomy":"category","embeddable":true,"href":"https:\/\/archives.regards.fr\/index.php?rest_route=%2Fwp%2Fv2%2Fcategories&post=4728"},{"taxonomy":"post_tag","embeddable":true,"href":"https:\/\/archives.regards.fr\/index.php?rest_route=%2Fwp%2Fv2%2Ftags&post=4728"}],"curies":[{"name":"wp","href":"https:\/\/api.w.org\/{rel}","templated":true}]}}