{"id":4724,"date":"2011-03-08T09:25:50","date_gmt":"2011-03-08T08:25:50","guid":{"rendered":"https:\/\/wp.muchomaas.com\/emergence-d-un-modele-turc4724\/"},"modified":"2023-06-23T23:08:07","modified_gmt":"2023-06-23T21:08:07","slug":"emergence-d-un-modele-turc4724","status":"publish","type":"post","link":"https:\/\/archives.regards.fr\/?p=4724","title":{"rendered":"Emergence d\u2019un \u00ab mod\u00e8le\u2009\u00bb turc"},"content":{"rendered":"<p class=\"post_excerpt\">En Tunisie et en Egypte, les forces<br \/>\nislamistes apparaissent comme des<br \/>\n\u00e9l\u00e9ments majeurs de la recomposition<br \/>\ndu champ politique. En Jordanie,<br \/>\nau Maroc, ils sont d\u00e9j\u00e0 dans les cercles du<br \/>\npouvoir. En trente ans, le curseur est pass\u00e9<br \/>\nde la r\u00e9volution iranienne au \u00ab mod\u00e8le \u00bb turc.<\/p>\n<p>\u00ab <em>Ennahda ? C\u2019est \u00e0 la fois une force et une inconnue<br \/>\nde la transition actuelle. Eux-m\u00eames ont<br \/>\ndu mal \u00e0 savoir o\u00f9 ils en sont ! Tout le monde<br \/>\nest d\u2019accord sur le fait qu\u2019ils doivent \u00eatre int\u00e9gr\u00e9s<br \/>\nau jeu politique, sauf que ce parti qui se<br \/>\nrestructure donne parfois l\u2019impression d\u2019avoir<br \/>\npeur de s\u2019engager\u2026 Il reste dans une position<br \/>\nattentiste. Le d\u00e9bat actuellement en Tunisie est<br \/>\ncelui de la participation, ou non,<br \/>\nau gouvernement de transition.<br \/>\nEt sur ce sujet Ennahda \u00e9coute,<br \/>\ndiscute, et soutient le gouvernement\u2026<br \/>\nsans y \u00eatre. <\/em> \u00bb<br \/>\nDes islamistes un peu perdus ?<br \/>\nChercheur \u00e0 l\u2019Institut fran\u00e7ais<br \/>\ndu Proche-Orient, et actuellement<br \/>\nen Tunisie comme analyste pour l\u2019International<br \/>\nCrisis Group, Nicolas Dot Pouillard<br \/>\nconstate juste que ni Ennahda en Tunisie, ni les<br \/>\nFr\u00e8res musulmans en Egypte n\u2019ont vu venir le<br \/>\nmouvement et qu\u2019ils sont encore en retrait.<\/p>\n<h2>Le z\u00e8le des r\u00e9gimes autoritaires<\/h2>\n<p>Plus de trente ans apr\u00e8s la r\u00e9volution iranienne<br \/>\nde 1979, l\u2019islam politique semble s\u2019\u00eatre bien<br \/>\n\u00e9loign\u00e9, \u00e0 tout point de vue, de cet \u00e9v\u00e9nement<br \/>\nhistorique. Il est pluriel (c\u2019est la premi\u00e8re chose<br \/>\nque rappellent tous les sp\u00e9cialistes), largement<br \/>\nimpliqu\u00e9 dans le champ social (c\u2019est par exemple<br \/>\nce qui a assur\u00e9 la popularit\u00e9 du Hamas \u00e0 Gaza),<br \/>\net, selon les contextes, plus ou moins int\u00e9gr\u00e9 aux<br \/>\njeux politiques locaux.<\/p>\n<p>Au cours des trois derni\u00e8res d\u00e9cennies, les r\u00e9gimes<br \/>\nautoritaires du monde arabe se sont vu<br \/>\nconfier par leurs partenaires occidentaux la mission<br \/>\nde contenir les organisations se r\u00e9clamant<br \/>\nde l\u2019islam politique. Une t\u00e2che dont les Moubarak,<br \/>\nBen Ali, Z\u00e9roual et autres Hassan II ont souvent<br \/>\nsembl\u00e9 s\u2019acquitter avec z\u00e8le. Mais dans un<br \/>\njeu complexe et qui ne s\u2019est pas limit\u00e9 \u00e0 la r\u00e9pression,<br \/>\nces forces \u00e9tant parfois invit\u00e9es \u00e0 s\u2019int\u00e9grer<br \/>\nprogressivement au jeu politique (lire l\u2019entretien<br \/>\navec St\u00e9phane Lacroix: https:\/\/wp.muchomaas.com\/monde\/l-espoir-5-les-freres-musulmans-ne). De plus, un peu paradoxalement, cela<br \/>\ns\u2019est parfois accompagn\u00e9 d\u2019un<br \/>\nrenforcement du religieux au<br \/>\nsein des soci\u00e9t\u00e9s.<\/p>\n<p>C\u2019est notamment le cas en<br \/>\nEgypte o\u00f9 \u00ab <em>la politique religieuse<br \/>\ntr\u00e8s conservatrice du<br \/>\ngouvernement a contribu\u00e9 \u00e0<br \/>\nr\u00e9islamiser le pays<\/em> \u00bb, explique<br \/>\nMohamed Tozy, professeur \u00e0 Sciences Po Aix<br \/>\net enseignant \u00e0 l\u2019universit\u00e9 de Casablanca.<br \/>\n\u00ab<em> Les r\u00e9gimes qui viennent de tomber en Tunisie<br \/>\net en Egypte ont en fait perdu le principal argument<br \/>\ndu deal qu\u2019ils avaient pass\u00e9 avec l\u2019Occident,<\/em><br \/>\najoute-t-il. <em>Pourquoi ? Parce que l\u2019islamisme<br \/>\na peu \u00e0 peu disparu en tant que menace<br \/>\nr\u00e9volutionnaire. Et en plus d\u2019\u00eatre malmen\u00e9es<br \/>\net \/ ou instrumentalis\u00e9es par ces r\u00e9gimes, les<br \/>\norganisations islamistes se sont, au cours de la<br \/>\nderni\u00e8re d\u00e9cennie, fait doubler sur leur droite par les djihadistes et les salafistes. Tout cela les<br \/>\na contraints \u00e0 se red\u00e9ployer dans la soci\u00e9t\u00e9.<\/em> \u00bb<\/p>\n<h2>Prise de distance<\/h2>\n<p>Et \u00e0 int\u00e9grer la nouvelle donne cr\u00e9\u00e9e pr\u00e9cis\u00e9ment<br \/>\npar l\u2019irruption violente des djihadistes<br \/>\ndont Al-Qaeda reste \u00e0 ce jour la \u00ab marque \u00bb la<br \/>\nplus embl\u00e9matique. \u00ab <em>On le voit aujourd\u2019hui en<br \/>\nTunisie comme en Egypte,<\/em> souligne Nicolas Dot<br \/>\nPouillard,<em> les islamistes ont compris que s\u2019ils<br \/>\nsont trop pr\u00e9sents dans le d\u00e9bat, ils vont braquer<br \/>\nla communaut\u00e9 internationale. Beaucoup<br \/>\ncitent l\u2019exemple du Hamas en Palestine pour<br \/>\njustifier leur prise de distance\u2026<\/em>\u00bb<\/p>\n<p>Un repli \u00ab sage \u00bb visant \u00e0 se faire oublier pour<br \/>\nmieux d\u00e9voiler, plus tard, leur vrai visage ?<br \/>\n\u00ab <em>Je ne suis absolument pas un adepte de la<br \/>\nth\u00e9orie de l\u2019agenda cach\u00e9,<\/em> tranche le chercheur.<br \/>\n<em>La plupart de ces partis ont largement int\u00e9gr\u00e9<br \/>\nla logique d\u00e9mocratique et y adh\u00e8rent officiellement<br \/>\net de fait. J\u2019exclus bien entendu les courants<br \/>\ndjihadistes et salafistes tels qu\u2019Al-Qaeda<br \/>\nou les Talibans qui se cantonnent eux dans des<br \/>\nlogiques violentes d\u2019affrontement. <\/em> \u00bb<\/p>\n<p>De fait, en mati\u00e8re d\u2019exemple, il en est surtout<br \/>\nun autre qui est observ\u00e9 avec soin ces derni\u00e8res<br \/>\nann\u00e9es par toutes les organisations islamistes du<br \/>\nbassin m\u00e9diterran\u00e9en. \u00ab <em>Le mod\u00e8le turc est en<br \/>\ntrain d\u2019\u00eatre pr\u00e9sent\u00e9 partout comme une exp\u00e9rience<br \/>\nd\u00e9montrant que l\u2019on peut associer non<br \/>\nseulement d\u00e9mocratie et islam mais aussi efficacit\u00e9<br \/>\n\u2013 \u00e9conomique et politique \u2013 et islam<\/em> \u00bb, r\u00e9sume<br \/>\nMohamed Tozy. Confirmation depuis Tunis,<br \/>\npar Nicolas Dot Pouillard : \u00ab <em>Le mod\u00e8le turc est<br \/>\ncelui que cite syst\u00e9matiquement Ennahda.<\/em> \u00bb<\/p>\n<p>Le mod\u00e8le turc ? Celui d\u2019un pays dirig\u00e9 par l\u2019AKP<br \/>\n(Parti de la justice et du d\u00e9veloppement) depuis<br \/>\n2002 et \u00ab <em>qui s\u2019est impos\u00e9, en une d\u00e9cennie, comme<br \/>\nun pays stable, capable de conjuguer<br \/>\nles aspirations conservatrices de l\u2019\u00e9lectorat<br \/>\navec la d\u00e9mocratie et l\u2019\u00e9conomie de march\u00e9 <\/em> \u00bb [[Lire \u00ab Un \u201cmod\u00e8le turc\u201d pour les r\u00e9volutions arabes ? \u00bb, de Guillaume Perrier, <em>Le Monde<\/em> du 16 f\u00e9vrier 2011.]].<br \/>\nLa Turquie, un pays ultra majoritairement musulman<br \/>\nmais s\u00e9cularis\u00e9. Dans le monde arabe,<br \/>\nseule la Tunisie peut se pr\u00e9valoir d\u2019une certaine<br \/>\nla\u00efcit\u00e9. Mais l\u00e0 aussi, les lignes bougent chez les<br \/>\nislamistes : \u00ab <em>Il y a eu, ces derni\u00e8res ann\u00e9es, une<br \/>\n\u00e9volution doctrinale r\u00e9elle pour penser la s\u00e9paration<br \/>\ndu religieux et du politique<\/em>, remarque Mohamed<br \/>\nTozy. <em>Un travail qu\u2019ils font sur eux avec<br \/>\nl\u2019ambition de pouvoir \u00e9voluer dans le concert<br \/>\ndes nations en tant que forces conservatrices\u2026<\/em>\u00bb<\/p>\n<h2>Rapprochements et alliances<\/h2>\n<p>Parall\u00e8lement, d\u2019autres exp\u00e9riences de participation<br \/>\nau pouvoir des islamistes ont lieu dans<br \/>\nle monde arabe : responsabilit\u00e9s municipales<br \/>\n(le PJD au Maroc), participations au pouvoir national<br \/>\n(en Jordanie), alliances flexibles fond\u00e9es<br \/>\nsur la question nationale (Liban, Palestine) [[Lire \u00ab Rapports entre mouvements islamistes, nationalistes<br \/>\net de gauche au Moyen-Orient arabe \u00bb, de Nicolas Dot<br \/>\nPouillard, d\u00e9cembre 2009, www.cetri.be]].<br \/>\nRien d\u2019abouti. \u00ab <em>On n\u2019a pas d\u2019exemples historiques<br \/>\nayant valid\u00e9 des alliances p\u00e9rennes au<br \/>\npouvoir entre forces islamistes et la\u00efcs <\/em> \u00bb, r\u00e9sume<br \/>\nNicolas Dot Pouillard.<\/p>\n<p>Ce n\u2019est peut-\u00eatre que partie remise. Car, alors<br \/>\nque le monde arabe est pris d\u2019une secousse<br \/>\nqui voit tomber ses vieux dictateurs comme des<br \/>\nfruits trop m\u00fbrs, les forces relevant de l\u2019islam<br \/>\npolitique vont tr\u00e8s probablement investir de fa\u00e7on<br \/>\nbien plus significative les champs politiques<br \/>\nnationaux. Pour en arriver l\u00e0, beaucoup d\u2019entre<br \/>\nelles ont, plus ou moins contraintes, choisi de<br \/>\njouer le jeu d\u00e9mocratique. C\u2019est donc sur ce terrain<br \/>\nqu\u2019il va d\u00e9sormais falloir affronter ces organisations<br \/>\nqui, une fois tomb\u00e9s les masques (parfois bien<br \/>\nutiles) de la \u00ab terreur barbue \u00bb apparaissent clairement<br \/>\npour ce qu\u2019elles sont : conservatrices et<br \/>\nenclines au lib\u00e9ralisme \u00e9conomique.<br \/>\n<div id='gallery-1' class='gallery galleryid-4724 gallery-columns-3 gallery-size-thumbnail'><figure class='gallery-item'>\n\t\t\t<div class='gallery-icon landscape'>\n\t\t\t\t<a href='https:\/\/archives.regards.fr\/wp-content\/uploads\/2011\/03\/dervish_bandeau-e49.jpg'><img loading=\"lazy\" decoding=\"async\" width=\"150\" height=\"122\" src=\"https:\/\/archives.regards.fr\/wp-content\/uploads\/2011\/03\/dervish_bandeau-e49-150x122.jpg\" class=\"attachment-thumbnail size-thumbnail\" alt=\"Emergence d\u2019un \u00ab mod\u00e8le\u2009\u00bb turc\" aria-describedby=\"gallery-1-14761\" \/><\/a>\n\t\t\t<\/div>\n\t\t\t\t<figcaption class='wp-caption-text gallery-caption' id='gallery-1-14761'>\n\t\t\t\tEmergence d\u2019un \u00ab mod\u00e8le\u2009\u00bb turc\n\t\t\t\t<\/figcaption><\/figure>\n\t\t<\/div>\n<\/p>\n","protected":false},"excerpt":{"rendered":"<p>En Tunisie et en Egypte, les forces<br \/>\nislamistes apparaissent comme des<br \/>\n\u00e9l\u00e9ments majeurs de la recomposition<br \/>\ndu champ politique. En Jordanie,<br \/>\nau Maroc, ils sont d\u00e9j\u00e0 dans les cercles du<br \/>\npouvoir. En trente ans, le curseur est pass\u00e9<br \/>\nde la r\u00e9volution iranienne au \u00ab mod\u00e8le \u00bb turc.<\/p>\n","protected":false},"author":558,"featured_media":14761,"comment_status":"open","ping_status":"open","sticky":false,"template":"","format":"standard","meta":{"_themeisle_gutenberg_block_has_review":false,"footnotes":""},"categories":[141],"tags":[370,313,333],"class_list":["post-4724","post","type-post","status-publish","format-standard","has-post-thumbnail","hentry","category-archives-web","tag-islamisme","tag-maghreb","tag-proche-et-moyen-orient"],"_links":{"self":[{"href":"https:\/\/archives.regards.fr\/index.php?rest_route=\/wp\/v2\/posts\/4724","targetHints":{"allow":["GET"]}}],"collection":[{"href":"https:\/\/archives.regards.fr\/index.php?rest_route=\/wp\/v2\/posts"}],"about":[{"href":"https:\/\/archives.regards.fr\/index.php?rest_route=\/wp\/v2\/types\/post"}],"author":[{"embeddable":true,"href":"https:\/\/archives.regards.fr\/index.php?rest_route=\/wp\/v2\/users\/558"}],"replies":[{"embeddable":true,"href":"https:\/\/archives.regards.fr\/index.php?rest_route=%2Fwp%2Fv2%2Fcomments&post=4724"}],"version-history":[{"count":0,"href":"https:\/\/archives.regards.fr\/index.php?rest_route=\/wp\/v2\/posts\/4724\/revisions"}],"wp:featuredmedia":[{"embeddable":true,"href":"https:\/\/archives.regards.fr\/index.php?rest_route=\/wp\/v2\/media\/14761"}],"wp:attachment":[{"href":"https:\/\/archives.regards.fr\/index.php?rest_route=%2Fwp%2Fv2%2Fmedia&parent=4724"}],"wp:term":[{"taxonomy":"category","embeddable":true,"href":"https:\/\/archives.regards.fr\/index.php?rest_route=%2Fwp%2Fv2%2Fcategories&post=4724"},{"taxonomy":"post_tag","embeddable":true,"href":"https:\/\/archives.regards.fr\/index.php?rest_route=%2Fwp%2Fv2%2Ftags&post=4724"}],"curies":[{"name":"wp","href":"https:\/\/api.w.org\/{rel}","templated":true}]}}