{"id":4721,"date":"2011-03-08T12:01:51","date_gmt":"2011-03-08T11:01:51","guid":{"rendered":"https:\/\/wp.muchomaas.com\/s-abonner-pour-faire-vivre-regards4721\/"},"modified":"2023-06-23T23:08:06","modified_gmt":"2023-06-23T21:08:06","slug":"s-abonner-pour-faire-vivre-regards4721","status":"publish","type":"post","link":"https:\/\/archives.regards.fr\/?p=4721","title":{"rendered":"S&#8217;abonner pour faire vivre Regards"},"content":{"rendered":"<p><em> <strong>Regards<\/strong>, <\/em> c\u2019est un trimestriel papier, un e-mensuel et un site Internet.<\/p>\n<p><strong>En vous abonnant<\/strong> \u00e0 <em>Regards<\/em>, vous recevez une revue de 150 pages, vous t\u00e9l\u00e9chargez notre mensuel num\u00e9rique et vous acc\u00e9dez gratuitement aux archives du site.<\/p>\n<p><strong>Soutenez une autre vision<\/strong> de la politique et du d\u00e9bat d&#8217;id\u00e9es, et rendez possible un m\u00e9dia diff\u00e9rent qui fait vivre des journalistes salari\u00e9s, des pigistes, des photographes, des illustrateurs&#8230;    <div id='gallery-1' class='gallery galleryid-4721 gallery-columns-3 gallery-size-thumbnail'><figure class='gallery-item'>\n\t\t\t<div class='gallery-icon landscape'>\n\t\t\t\t<a href='https:\/\/archives.regards.fr\/wp-content\/uploads\/2011\/03\/soutenir-632.jpg'><img loading=\"lazy\" decoding=\"async\" width=\"150\" height=\"150\" src=\"https:\/\/archives.regards.fr\/wp-content\/uploads\/2011\/03\/soutenir-632-150x150.jpg\" class=\"attachment-thumbnail size-thumbnail\" alt=\"soutenir.jpg\" \/><\/a>\n\t\t\t<\/div><\/figure><figure class='gallery-item'>\n\t\t\t<div class='gallery-icon landscape'>\n\t\t\t\t<a href='https:\/\/archives.regards.fr\/wp-content\/uploads\/2011\/03\/soutenir_bandeau-95c.jpg'><img loading=\"lazy\" decoding=\"async\" width=\"150\" height=\"122\" src=\"https:\/\/archives.regards.fr\/wp-content\/uploads\/2011\/03\/soutenir_bandeau-95c-150x122.jpg\" class=\"attachment-thumbnail size-thumbnail\" alt=\"S&#039;abonner pour faire vivre Regards\" aria-describedby=\"gallery-1-14754\" \/><\/a>\n\t\t\t<\/div>\n\t\t\t\t<figcaption class='wp-caption-text gallery-caption' id='gallery-1-14754'>\n\t\t\t\tS&#8217;abonner pour faire vivre Regards\n\t\t\t\t<\/figcaption><\/figure>\n\t\t<\/div>\n<\/p>\n","protected":false},"excerpt":{"rendered":"<p>Regards, c\u2019est un trimestriel papier, un e-mensuel et un site Internet. En vous abonnant \u00e0 Regards, vous recevez une revue de 150 pages, vous t\u00e9l\u00e9chargez notre mensuel num\u00e9rique et vous acc\u00e9dez gratuitement aux archives du site. Soutenez une autre vision de la politique et du d\u00e9bat d&#8217;id\u00e9es, et rendez possible un m\u00e9dia diff\u00e9rent qui fait [&hellip;]<\/p>\n","protected":false},"author":643,"featured_media":14753,"comment_status":"open","ping_status":"open","sticky":false,"template":"","format":"standard","meta":{"_themeisle_gutenberg_block_has_review":false,"footnotes":""},"categories":[1],"tags":[],"class_list":["post-4721","post","type-post","status-publish","format-standard","has-post-thumbnail","hentry","category-non-classe"],"_links":{"self":[{"href":"https:\/\/archives.regards.fr\/index.php?rest_route=\/wp\/v2\/posts\/4721","targetHints":{"allow":["GET"]}}],"collection":[{"href":"https:\/\/archives.regards.fr\/index.php?rest_route=\/wp\/v2\/posts"}],"about":[{"href":"https:\/\/archives.regards.fr\/index.php?rest_route=\/wp\/v2\/types\/post"}],"author":[{"embeddable":true,"href":"https:\/\/archives.regards.fr\/index.php?rest_route=\/wp\/v2\/users\/643"}],"replies":[{"embeddable":true,"href":"https:\/\/archives.regards.fr\/index.php?rest_route=%2Fwp%2Fv2%2Fcomments&post=4721"}],"version-history":[{"count":0,"href":"https:\/\/archives.regards.fr\/index.php?rest_route=\/wp\/v2\/posts\/4721\/revisions"}],"wp:featuredmedia":[{"embeddable":true,"href":"https:\/\/archives.regards.fr\/index.php?rest_route=\/wp\/v2\/media\/14753"}],"wp:attachment":[{"href":"https:\/\/archives.regards.fr\/index.php?rest_route=%2Fwp%2Fv2%2Fmedia&parent=4721"}],"wp:term":[{"taxonomy":"category","embeddable":true,"href":"https:\/\/archives.regards.fr\/index.php?rest_route=%2Fwp%2Fv2%2Fcategories&post=4721"},{"taxonomy":"post_tag","embeddable":true,"href":"https:\/\/archives.regards.fr\/index.php?rest_route=%2Fwp%2Fv2%2Ftags&post=4721"}],"curies":[{"name":"wp","href":"https:\/\/api.w.org\/{rel}","templated":true}]}}