{"id":4719,"date":"2011-03-04T12:52:00","date_gmt":"2011-03-04T11:52:00","guid":{"rendered":"https:\/\/wp.muchomaas.com\/au-sommaire-du-numero-8-mars-20114719\/"},"modified":"2023-06-24T17:47:39","modified_gmt":"2023-06-24T15:47:39","slug":"au-sommaire-du-numero-8-mars-20114719","status":"publish","type":"post","link":"https:\/\/archives.regards.fr\/?p=4719","title":{"rendered":"Au sommaire du num\u00e9ro 8 &#8211; Mars 2011"},"content":{"rendered":"<p><strong>Dans le num\u00e9ro 8 de Regards, mars 2011, en <a href=\"article4669.html\">vente en kiosque<\/a> pour 5,90\u20ac<\/strong>:<\/p>\n<p>L&#8217;\u00e9dito de <strong>Cl\u00e9mentine Autain<\/strong> consacr\u00e9 \u00e0 &#8220;<a href=\"4710\">L&#8217;irruption du peuple<\/a>&#8221; (p.3)<\/p>\n<p>Au menu du <strong>Bloc-Notes<\/strong> de la r\u00e9daction: suppressions de postes dans l&#8217;Education  nationale, licenciements par boite vocale chez Sanofi, une \u00e9lection oubli\u00e9e en Centrafrique, un retour sur la fronde des magistrats, Sarko et les chibanis, l&#8217;ADN en gel douche s\u00e9curitaire et les r\u00e9servistes suisses qui gardent leur fusil dans l&#8217;armoire familiale&#8230; (p.6)<\/p>\n<p>Une <strong>chronique m\u00e9dia<\/strong> pour d\u00e9guster  <a href=\"4729\">la matinale de RTL<\/a> (p.10)<\/p>\n<p>Une <strong>controverse<\/strong> sur <a href=\"4741\">la mise en oeuvre du protectionnisme \u00e9cologique<\/a> (p. 12)<\/p>\n<p><strong>Le dossier du mois<\/strong> consacr\u00e9 \u00e0 <a href=\"4718\"> l&#8217;Islam politique<\/a>. Alors que continue de s&#8217;\u00e9panouir un printemps arabe aussi inattendu que r\u00e9jouissant,<strong> nous nous sommes interrog\u00e9s sur l&#8217;Islamisme<\/strong>. Qu&#8217;en reste-t-il, quelles sont les ambitions des organisations qui s&#8217;en r\u00e9clament, quelles sont leurs forces au moment o\u00f9 la question des alternatives politiques se pose dans l&#8217;ensemble du monde arabe? Infos, analyses, d\u00e9cryptages, entretiens&#8230; ( p.18)<\/p>\n<p>Pourquoi <strong><a href=\"4739\">Dominique de Villepin<\/a><\/strong> cartonne en banlieue? Les r\u00e9ponses sur le terrain (p.38)<\/p>\n<p><strong> L&#8217;IVG est un droit<\/strong> en France, mais un droit toujours fragile. Enqu\u00eate (p.42)<\/p>\n<p>Une coop\u00e9rative fournissant <strong>de l&#8217;\u00e9nergie 100% renouvelable<\/strong>? C&#8217;est possible (p. 52)<\/p>\n<p>Apr\u00e8s s&#8217;\u00eatre attaqu\u00e9e \u00e0 Monsanto, <strong><a href=\"4740\">Marie-Monique Robin<\/a><\/strong> sort un nouveau film, <em>Notre poison quotidien<\/em>. Nous l&#8217;avons rencontr\u00e9 (p.56)<\/p>\n<p><strong><a href=\"4731\">Noam Chomsky<\/a><\/strong>, la d\u00e9mocratie, l&#8217;Etat, l&#8217;Occident&#8230; (p.62)<\/p>\n<p>Il y a 140 ans, en mars 1871, d\u00e9butait <strong><a href=\"4743\">la Commune de Paris<\/a><\/strong>. Portfolio comment\u00e9 par l&#8217;historien Jean-Louis Robert (p.66)<\/p>\n<p><em>True Grite, Winter&#8217;s Bone, Boxing gym<\/em>&#8230; les sorties <strong>cin\u00e9ma<\/strong> du mois de mars (p.72)<\/p>\n<p>A chacun sa culture? Entretien avec le sociologue <strong>Michel Simonot<\/strong> (p.80)<\/p>\n<p>Le Grand entretien du mois avec <strong>Bruno Gaccio<\/strong> et sa &#8220;culpabilit\u00e9 r\u00e9volutionnaire&#8221; (p. 84)<\/p>\n<p>Et bien s\u00fbr tous les rendez-vous du mensuel: les chroniques de <strong>Michel Husson<\/strong> (p.36  ),<strong> Eric Fassin<\/strong> (p.50),<strong> Arnaud Viviant<\/strong> (p.78),  <strong>Le\u00efla Chaibi<\/strong> (p.90), <strong>Soyons Sport<\/strong> (p.83), nos s\u00e9lections <strong>essais<\/strong> (p.58) et <strong>culture<\/strong> (p.76)<div id='gallery-1' class='gallery galleryid-4719 gallery-columns-3 gallery-size-thumbnail'><figure class='gallery-item'>\n\t\t\t<div class='gallery-icon landscape'>\n\t\t\t\t<a href='https:\/\/archives.regards.fr\/wp-content\/uploads\/2011\/03\/sommaire_8-0f5.jpg'><img loading=\"lazy\" decoding=\"async\" width=\"80\" height=\"55\" src=\"https:\/\/archives.regards.fr\/wp-content\/uploads\/2011\/03\/sommaire_8-0f5.jpg\" class=\"attachment-thumbnail size-thumbnail\" alt=\"Au sommaire du num\u00e9ro 8 - Mars 2011\" aria-describedby=\"gallery-1-14751\" \/><\/a>\n\t\t\t<\/div>\n\t\t\t\t<figcaption class='wp-caption-text gallery-caption' id='gallery-1-14751'>\n\t\t\t\tAu sommaire du num\u00e9ro 8 &#8211; Mars 2011\n\t\t\t\t<\/figcaption><\/figure>\n\t\t<\/div>\n<\/p>\n","protected":false},"excerpt":{"rendered":"<p>Dans le num\u00e9ro 8 de Regards, mars 2011, en vente en kiosque pour 5,90\u20ac: L&#8217;\u00e9dito de Cl\u00e9mentine Autain consacr\u00e9 \u00e0 &#8220;L&#8217;irruption du peuple&#8221; (p.3) Au menu du Bloc-Notes de la r\u00e9daction: suppressions de postes dans l&#8217;Education nationale, licenciements par boite vocale chez Sanofi, une \u00e9lection oubli\u00e9e en Centrafrique, un retour sur la fronde des magistrats, [&hellip;]<\/p>\n","protected":false},"author":1,"featured_media":14751,"comment_status":"closed","ping_status":"open","sticky":false,"template":"","format":"standard","meta":{"_themeisle_gutenberg_block_has_review":false,"footnotes":""},"categories":[262],"tags":[371],"class_list":["post-4719","post","type-post","status-publish","format-standard","has-post-thumbnail","hentry","category-archives","tag-sommaire"],"_links":{"self":[{"href":"https:\/\/archives.regards.fr\/index.php?rest_route=\/wp\/v2\/posts\/4719","targetHints":{"allow":["GET"]}}],"collection":[{"href":"https:\/\/archives.regards.fr\/index.php?rest_route=\/wp\/v2\/posts"}],"about":[{"href":"https:\/\/archives.regards.fr\/index.php?rest_route=\/wp\/v2\/types\/post"}],"author":[{"embeddable":true,"href":"https:\/\/archives.regards.fr\/index.php?rest_route=\/wp\/v2\/users\/1"}],"replies":[{"embeddable":true,"href":"https:\/\/archives.regards.fr\/index.php?rest_route=%2Fwp%2Fv2%2Fcomments&post=4719"}],"version-history":[{"count":0,"href":"https:\/\/archives.regards.fr\/index.php?rest_route=\/wp\/v2\/posts\/4719\/revisions"}],"wp:featuredmedia":[{"embeddable":true,"href":"https:\/\/archives.regards.fr\/index.php?rest_route=\/wp\/v2\/media\/14751"}],"wp:attachment":[{"href":"https:\/\/archives.regards.fr\/index.php?rest_route=%2Fwp%2Fv2%2Fmedia&parent=4719"}],"wp:term":[{"taxonomy":"category","embeddable":true,"href":"https:\/\/archives.regards.fr\/index.php?rest_route=%2Fwp%2Fv2%2Fcategories&post=4719"},{"taxonomy":"post_tag","embeddable":true,"href":"https:\/\/archives.regards.fr\/index.php?rest_route=%2Fwp%2Fv2%2Ftags&post=4719"}],"curies":[{"name":"wp","href":"https:\/\/api.w.org\/{rel}","templated":true}]}}