{"id":4708,"date":"2011-02-21T17:04:00","date_gmt":"2011-02-21T16:04:00","guid":{"rendered":"https:\/\/wp.muchomaas.com\/florence-aubenas-decouvre-l4708\/"},"modified":"2023-06-23T23:08:04","modified_gmt":"2023-06-23T21:08:04","slug":"florence-aubenas-decouvre-l4708","status":"publish","type":"post","link":"https:\/\/archives.regards.fr\/?p=4708","title":{"rendered":"Florence Aubenas d\u00e9couvre l\u2019ordinaire"},"content":{"rendered":"<p class=\"post_excerpt\">Otage en 2005, reporter au Nouvel Observateur et auteure du Quai<br \/>\nde Ouistreham, Florence Aubenas revendique ses engagements<br \/>\nface au terrorisme, sur les prisons ou contre un journalisme<br \/>\nqui se perd dans le commentaire au d\u00e9triment de l\u2019enqu\u00eate.<\/p>\n<p><strong> <em>Vous \u00eates mobilis\u00e9e dans le soutien<br \/>\naux otages fran\u00e7ais en<br \/>\nAfghanistan. On a l\u2019impression<br \/>\nque la marge de manoeuvre est<br \/>\ntr\u00e8s \u00e9troite\u2026 Comment faire ?<\/em> <\/strong><\/p>\n<p>Plus la marge de manoeuvre est \u00e9troite, plus il<br \/>\nfaut s\u2019engager. Quand on fait appel \u00e0 l\u2019opinion<br \/>\npublique, avec des manifestations ou le port<br \/>\nd\u2019un bracelet symbolique comme celui que j\u2019ai,<br \/>\non interpelle sur les modalit\u00e9s d\u2019action face \u00e0 la<br \/>\nprise d\u2019otages et au terrorisme. Le but premier<br \/>\nest \u00e9videmment d\u2019obtenir une lib\u00e9ration. Mais<br \/>\nil s\u2019agit aussi d\u2019ouvrir un d\u00e9bat. Faut-il n\u00e9gocier<br \/>\navec les terroristes&#8217; C\u2019est une question qui<br \/>\nm\u2019int\u00e9resse et sur laquelle j\u2019ai tranch\u00e9. Je pense<br \/>\nqu\u2019il faut n\u00e9gocier avec tout le monde, y compris<br \/>\navec des terroristes. C\u2019est le propre d\u2019une d\u00e9mocratie<br \/>\nque d\u2019utiliser les mots et pas les armes.<\/p>\n<p><strong> <em>N\u00e9gocier avec des terroristes, est-ce une position<br \/>\nque peut tenir ouvertement un Etat?<\/em> <\/strong><\/p>\n<p>C\u2019est un choix, en tout cas pour un Etat. La position<br \/>\nfran\u00e7aise qui vise globalement \u00e0 n\u00e9gocier,<br \/>\nautant que possible, me convient. La n\u00e9gociation,<br \/>\nc\u2019est un terme noble et beau, qui ne signifie<br \/>\npas la d\u00e9faite. Parler avec quelqu\u2019un qui ne me<br \/>\nressemble pas et utilise la force en faisant valoir<br \/>\nque, moi, j\u2019utilise d\u2019autres moyens que la force,<br \/>\npour rompre la spirale de la violence : c\u2019est \u00e7a la<br \/>\nd\u00e9mocratie. Les prises d\u2019otages et les attentats<br \/>\nsont des situations anormales qu\u2019il faut faire cesser.<br \/>\nMais rentrer dans des cycles de violence en<br \/>\nd\u00e9barquant avec des armes ne r\u00e8gle rien et finit<br \/>\nde plus en plus mal. Nous l\u2019avons vu en Irak ou<br \/>\nen Afghanistan. Une d\u00e9mocratie devrait toujours<br \/>\nse vanter de n\u00e9gocier. Terroriser les terroristes,<br \/>\nc\u2019est l\u2019inverse de nos valeurs. Les pays d\u00e9mocratiques<br \/>\nne doivent pas singer les pays autoritaires<br \/>\net violents, comme l\u2019ont fait les Am\u00e9ricains ou les<br \/>\nBritanniques. Evidemment, cette position pose<br \/>\nde nombreuses questions, ce n\u2019est pas si simple.<br \/>\nMais je continue \u00e0 pr\u00e9f\u00e9rer le dialogue. D\u2019une<br \/>\ncertaine mani\u00e8re, l\u2019histoire donne raion \u00e0 cette<br \/>\nposition : la voie de la violence a toujours \u00e9chou\u00e9.<\/p>\n<p><strong> <em>Vous \u00eates aussi engag\u00e9e \u00e0 l\u2019Observatoire<br \/>\ninternational des prisons. Est-ce compatible<br \/>\navec votre m\u00e9tier de journaliste ?<\/em> <\/strong><\/p>\n<p>C\u2019est vrai que la profession se pla\u00eet \u00e0 se d\u00e9crire<br \/>\n\u00ab objective \u00bb, donnant la parole \u00e0 tous de mani\u00e8re<br \/>\n\u00e9gale, sans engagement. Ainsi le journal d\u2019Anne<br \/>\nFrank serait un mauvais journal parce qu\u2019il ne<br \/>\ndonne pas la parole aux nazis ! Plus s\u00e9rieusement,<br \/>\nl\u2019OIP se situe en faveur des droits de l\u2019Homme et j\u2019y ai toute ma place en tant que journaliste. La prison m\u2019appara\u00eet comme un endroit<br \/>\nd\u00e9sesp\u00e9rant pour la France, \u00e0 beaucoup<br \/>\nde points de vue. J\u2019avais envie de m\u2019engager de<br \/>\nce c\u00f4t\u00e9-l\u00e0. Quand je suis arriv\u00e9e \u00e0 Lib\u00e9, un journaliste<br \/>\ntenait la rubrique \u00ab prisons \u00bb, ce qui n\u2019est<br \/>\nplus le cas aujourd\u2019hui. Cette \u00e9volution en dit<br \/>\nlong. L\u2019actuelle r\u00e9flexion sur les prisons consiste<br \/>\n\u00e0 imaginer comment on pourrait y rester le plus<br \/>\nlongtemps possible. Je pense que c\u2019est un<br \/>\npeu court. Un peu court pour nous, et un peu<br \/>\ntrop long pour eux. La soci\u00e9t\u00e9 ne peut pas se<br \/>\nsatisfaire que l\u2019on sorte d\u00e9molis<br \/>\ndes \u00e9tablissements p\u00e9nitentiaires.<br \/>\nC\u2019est mauvais pour tout le<br \/>\nmonde : les prisonniers, bien s\u00fbr,<br \/>\nmais pour la soci\u00e9t\u00e9 dans son ensemble,<br \/>\nm\u00eame pour les victimes<br \/>\nque l\u2019on brandit aujourd\u2019hui dans<br \/>\nle d\u00e9bat. Mais je ne militerais pas<br \/>\ndans une organisation institutionnelle, dans un<br \/>\nsyndicat ou un parti. L\u2019OIP est une association<br \/>\nni de gauche ni de droite, tout en \u00e9tant un r\u00e9el<br \/>\ncontre-pouvoir, comme la presse.<\/p>\n<p><strong> <em>Vous avez un regard critique sur le journalisme,<br \/>\nsur la fa\u00e7on dont est produite<br \/>\nl\u2019information aujourd\u2019hui. Qu\u2019est-ce qui<br \/>\nvous pr\u00e9occupe ?<\/em> <\/strong><\/p>\n<p>Ce qui pose probl\u00e8me, c\u2019est le temps de l\u2019enqu\u00eate<br \/>\net du reportage. En dix ans, selon Reporters<br \/>\nsans fronti\u00e8res, on compte en moyenne<br \/>\n50 % de reportages en moins. C\u2019est l\u2019un des<br \/>\ngros probl\u00e8mes de la presse fran\u00e7aise. Il y a<br \/>\nun app\u00e9tit pour l\u2019enqu\u00eate. Par exemple, quand<br \/>\nl\u2019affaire Bettencourt \u00e9clate, c\u2019est Mediapart qui<br \/>\nen profite. En sortant de l\u2019information in\u00e9dite,<br \/>\nle site a atteint une rentabilit\u00e9 qu\u2019il n\u2019avait pas<br \/>\njusque-l\u00e0. Il faut donc donner davantage que du<br \/>\ncommentaire et de l\u2019interview. Mais la chronique<br \/>\net l\u2019opinion, c\u2019est moins cher que d\u2019envoyer un<br \/>\nreporter deux mois \u00e0 Ha\u00efti. La crise de la presse<br \/>\npayante est n\u00e9e de cela. Il y a une vraie c\u00e9sure<br \/>\nentre presse payante et presse gratuite. Quand<br \/>\non paie pour \u00eatre inform\u00e9, on demande plus que<br \/>\nce que l\u2019on trouve sur Internet ou \u00e0 la t\u00e9l\u00e9.<\/p>\n<p><strong> <em>Au-del\u00e0 du motif financier, de quoi cette<br \/>\n\u00e9volution de l\u2019univers journalistique est-elle<br \/>\nle signe ?<\/em> <\/strong><\/p>\n<p>Les gens qui deviennent journalistes sont diff\u00e9rents<br \/>\nde ceux d\u2019il y a vingt ou trente ans. Les<br \/>\n\u00e9coles de presse sont devenues syst\u00e9matiques.<br \/>\nAujourd\u2019hui, quand on recrute un journaliste, il y<br \/>\na neuf chances sur dix qu\u2019il sorte d\u2019une \u00e9cole de<br \/>\njournalisme ! Le profil n\u2019est pas<br \/>\ncelui de gens de terrain, jeunes,<br \/>\nmais plut\u00f4t de personnes ayant<br \/>\nde bonnes comp\u00e9tences g\u00e9n\u00e9rales,<br \/>\nde type Sciences-Po, avec<br \/>\nun bac + 5 en poche. Il faudrait<br \/>\nouvrir cette s\u00e9lection. Le fait de<br \/>\npasser par des \u00e9coles a eu du<br \/>\nbon, notamment pour combattre le piston. Mais<br \/>\nle r\u00e9sultat, c\u2019est que ce sont davantage des<br \/>\ngens de dossier qui sont recrut\u00e9s que des personnes<br \/>\nqui ont envie de prendre un billet d\u2019avion<br \/>\nau dernier moment pour faire un reportage.<\/p>\n<p><strong> <em>C\u2019est ce constat qui vous a donn\u00e9 l\u2019envie<br \/>\nd\u2019enqu\u00eater pendant plusieurs mois pour<br \/>\n\u00e9crire Le quai de Ouistreham?<\/em> <\/strong><\/p>\n<p>Ce qui me frappe dans ce type de reportage<br \/>\nsocial, d\u2019engagement au sens large du terme,<br \/>\nc\u2019est que l\u2019on s\u2019attendrait au traitement d\u2019un<br \/>\nsujet extraordinaire. Faire le m\u00e9nage sur un ferry,<br \/>\nquitter toute sa famille et ne plus revenir \u00e0 Paris<br \/>\npendant six mois, se faire passer pour quelqu\u2019un<br \/>\nd\u2019autres, etc. Autant de temps, d\u2019\u00e9nergie, de<br \/>\nd\u00e9guisements, on imaginerait que c\u2019est pour<br \/>\nd\u00e9noncer un scandale au sein du Pentagone !<br \/>\nOr c\u2019est tout \u00e0 fait l\u2019inverse : c\u2019est pour parler<br \/>\nde choses banales. G\u00fcnter Wallraff <em>(journaliste<br \/>\nd\u2019investigation allemand, ndlr<\/em>) avait-il besoin de<br \/>\nse teindre les cheveux et de mettre des lentilles<br \/>\nde contact pour d\u00e9noncer une \u00e9vidence, le racisme ? Oui, car finalement c\u2019est le plus visible<br \/>\nqui est le plus difficile \u00e0 voir. Les gens ont envie<br \/>\nd\u2019entendre parler d\u2019une chose intime mais ni\u00e9e.<br \/>\nL\u2019effet miroir a plu. Je me suis cass\u00e9 la t\u00eate \u00e0 faire<br \/>\nle m\u00e9nage pour d\u00e9montrer qu\u2019il y a de la pr\u00e9carit\u00e9<br \/>\nen France : on m\u2019a dit que je d\u00e9couvrais<br \/>\nla lune, que j\u2019\u00e9tais B\u00e9cassine. Mais je le revendique<br \/>\n! Car je trouve tr\u00e8s difficile de parler des<br \/>\nchoses ordinaires. Cela n\u00e9cessite beaucoup<br \/>\nd\u2019\u00e9nergie. La presse est tr\u00e8s bien faite pour parler<br \/>\nde faits terribles et extraordinaires, avec plein<br \/>\nde gros titres, mais pour parler du quotidien, elle<br \/>\nn\u2019est pas outill\u00e9e.<\/p>\n<p><strong> <em>Est-ce que votre d\u00e9marche visait \u00e0 dire<br \/>\nque l\u2019on peut faire du journalisme comme<br \/>\n\u00e7a, en prenant le temps, en s\u2019engageant,<br \/>\nen parlant de choses banales?<\/em> <\/strong><\/p>\n<p>Je suis choqu\u00e9e depuis longtemps par le discours<br \/>\nqu\u2019il y a dans les r\u00e9dactions, tous m\u00e9dias<br \/>\nconfondus : \u00ab pas de sujets tristes, les gens<br \/>\nveulent s\u2019amuser \u00bb ; \u00ab c\u2019est d\u00e9j\u00e0 la crise, ce n\u2019est<br \/>\npas la peine de les d\u00e9primer \u00bb ; \u00ab on ne parle pas<br \/>\nde pouvoir d\u2019achat mais de consommation \u00bb, etc.<br \/>\nJe trouve malvenu de vouloir \u00e0 tout prix positiver,<br \/>\nce n\u2019est pas notre boulot. Si j\u2019avais dit dans ma<br \/>\nr\u00e9daction que je voulais faire un reportage sur<br \/>\nles femmes de m\u00e9nage \u00e0 Caen, ils m\u2019auraient<br \/>\ndit oui mais donn\u00e9 trois feuillets ! En plus, la tendance<br \/>\n<em>people<\/em> s\u2019aggrave. On fait des Unes sur la<br \/>\nvie priv\u00e9e de Rachida Dati mais pas sur la justice.<br \/>\nL\u2019\u00e9cole des Annales a \u00e9nonc\u00e9 que l\u2019histoire<br \/>\nn\u2019\u00e9tait pas seulement la vie des princes et des<br \/>\nprincesses, c\u2019est aussi la vie de tout le monde,<br \/>\nsur le long terme. La presse n\u2019a pas fait cette<br \/>\nr\u00e9volution-l\u00e0. Au contraire, elle penche dans<br \/>\nl\u2019autre sens. Il faut faire entrer dans les journaux<br \/>\nla vie et l\u2019actualit\u00e9 dans toutes ses dimensions.<br \/>\nTravailler en profondeur sur les effets de la crise,<br \/>\nc\u2019\u00e9tait mon objectif. Je pense que j\u2019ai longtemps<br \/>\n\u00e9t\u00e9 \u00e0 c\u00f4t\u00e9 de la plaque sur ce sujet. Partager le<br \/>\nquotidien de certaines personnes, je n\u2019avais pas pu le faire avant. Je me suis engag\u00e9e, c\u2019est comme \u00e7a que j\u2019aime faire mon travail.<\/p>\n<p><strong> <em>C\u2019est aussi l\u2019enjeu de la visibilit\u00e9 d\u2019une<br \/>\nclasse sociale ?<\/em> <\/strong><\/p>\n<p>Non, je n\u2019ai pas vu les choses en termes de<br \/>\nclasses. J\u2019ai vu un monde du travail coup\u00e9 en<br \/>\ndeux : un monde du travail des CDI et un monde<br \/>\ndu travail des pr\u00e9caires. Aujourd\u2019hui, environ<br \/>\n20 % des salari\u00e9s sont pr\u00e9caires, contre 2 % en<br \/>\n1970. Ils ne servent pas \u00e0 \u00e9ponger un surplus<br \/>\nde travail, comme autrefois avec le recours tr\u00e8s<br \/>\nr\u00e9glement\u00e9 \u00e0 l\u2019int\u00e9rim et CDD, mais \u00e0 contourner<br \/>\nle code du travail. Des gens sont pr\u00e9caires<br \/>\n\u00e0 vie. Les salari\u00e9s qui sont en CDI font partie<br \/>\nd\u2019un champ de d\u00e9bat social dont sont exclus les<br \/>\npr\u00e9caires. Les gens d\u00e9finissent leur boulot non<br \/>\nplus par le m\u00e9tier mais par le type de contrat :<br \/>\nils disent \u00ab je cherche un CDI \u00bb. Tr\u00e8s longtemps,<br \/>\non a dit que le coeur de m\u00e9tier ne serait pas pr\u00e9caire.<br \/>\nMais \u00e0 l\u2019usine Peugeot de Montb\u00e9liard, il<br \/>\ny a deux tiers de CDI et un tiers de pr\u00e9caires,<br \/>\ndont certains sont l\u00e0 depuis six ou sept ans. Une<br \/>\nrivalit\u00e9 s\u2019installe, on dresse les uns contre les<br \/>\nautres. Et cette c\u00e9sure existe maintenant dans<br \/>\ntoutes les cat\u00e9gories sociales. Chez les profs, il<br \/>\ny a aujourd\u2019hui diff\u00e9rents statuts d\u2019enseignants ;<br \/>\nde nombreux journalistes sont pr\u00e9caires. Evidemment,<br \/>\nles filets de s\u00e9curit\u00e9 sont plus grands<br \/>\nquand on a des dipl\u00f4mes, de bons r\u00e9seaux<br \/>\nsociaux. Mais \u00e0 pr\u00e9sent la pr\u00e9carit\u00e9 va de bas<br \/>\nen haut de l\u2019\u00e9chelle sociale. Elle rend la contestation<br \/>\ntr\u00e8s compliqu\u00e9e. Les armes classiques<br \/>\ndes salari\u00e9s ne fonctionnent pas dans le monde<br \/>\npr\u00e9caire. Et personne ne se reconna\u00eet comme<br \/>\npr\u00e9caire car chacun esp\u00e8re ce statut provisoire.<\/p>\n<p><strong> <em>Pour finir, on imagine que la journaliste,<br \/>\nde Lib\u00e9ration au Nouvel Observateur, et<br \/>\nla citoyenne que vous \u00eates a un point de<br \/>\nvue sur l\u2019\u00e9tat de la gauche\u2026<\/em> <\/strong><\/p>\n<p>Aux \u00e9lections locales, je trouve que l\u2019on s\u2019y retrouve<br \/>\nplus ou moins. Il y a des gens de terrain<br \/>\n\u00e0 gauche en qui l\u2019on peut avoir confiance. En<br \/>\nrevanche, je suis pr\u00e9occup\u00e9e pour la pr\u00e9sidentielle.<br \/>\nQu\u2019est-ce qui va \u00eatre propos\u00e9 aux<br \/>\n\u00e9lecteurs de gauche ? Quels discours de changement<br \/>\n? Pour l\u2019instant, le casting pr\u00e9vaut. J\u2019ai<br \/>\ntrouv\u00e9 int\u00e9ressantes les discussions au sein<br \/>\nd\u2019Europe Ecologie sur la forme parti et sur les<br \/>\nalliances, y compris en posant la question du<br \/>\nModem. Quelque chose de nouveau a surgi,<br \/>\nqui brisait des lignes. Daniel Cohn-Bendit a<br \/>\n\u00e9t\u00e9 moteur et tr\u00e8s novateur. J\u2019en parle au pass\u00e9<br \/>\nparce que l\u2019on ne sait pas encore ce que cela va<br \/>\ndonner \u00e0 la pr\u00e9sidentielle. Au Parti socialiste, j\u2019ai<br \/>\npeur que les primaires tournent mal, alors que<br \/>\nl\u2019id\u00e9e semblait bonne.<\/p>\n<p><strong> <em>Et la gauche du PS?<\/em> <\/strong><\/p>\n<p>Elle serait int\u00e9ressante si elle permettait d\u2019ouvrir<br \/>\nl\u2019horizon. Elle rate un peu cet objectif, alors qu\u2019elle<br \/>\npourrait se le permettre, n\u2019\u00e9tant pas contrainte<br \/>\npar trop de positions institutionnelles \u00e0 pr\u00e9server.<br \/>\nElle a la capacit\u00e9 de r\u00eaver pour nous et il y a<br \/>\nbeaucoup de gens bien. La gauche de la gauche<br \/>\ndevrait oser beaucoup plus. Or, c\u2019est parfois elle<br \/>\nqui est la plus r\u00e9actionnaire. Son discours est l\u2019un<br \/>\ndes plus dat\u00e9s en termes de classes sociales, de<br \/>\ncontenu politique. Elle a longtemps \u00e9t\u00e9 l\u2019avant-garde.<br \/>\nL\u00e0, je trouve qu\u2019elle est souvent l\u2019arri\u00e8re-garde.<br \/>\nOn a besoin d\u2019une gauche non gouvernementale,<br \/>\nqui soit un laboratoire. Mais attention,<br \/>\nrien n\u2019est jou\u00e9. Les choses se mettent juste en<br \/>\nplace pour la s\u00e9quence \u00e9lectorale essentielle de<br \/>\n2012. J\u2019attends de voir\u2026<div id='gallery-1' class='gallery galleryid-4708 gallery-columns-3 gallery-size-thumbnail'><figure class='gallery-item'>\n\t\t\t<div class='gallery-icon landscape'>\n\t\t\t\t<a href='https:\/\/archives.regards.fr\/wp-content\/uploads\/2011\/03\/aubenas-8af.jpg'><img loading=\"lazy\" decoding=\"async\" width=\"150\" height=\"150\" src=\"https:\/\/archives.regards.fr\/wp-content\/uploads\/2011\/03\/aubenas-8af-150x150.jpg\" class=\"attachment-thumbnail size-thumbnail\" alt=\"aubenas.jpg\" \/><\/a>\n\t\t\t<\/div><\/figure><figure class='gallery-item'>\n\t\t\t<div class='gallery-icon landscape'>\n\t\t\t\t<a href='https:\/\/archives.regards.fr\/wp-content\/uploads\/2011\/03\/aubenas_bandeau-631.jpg'><img loading=\"lazy\" decoding=\"async\" width=\"150\" height=\"122\" src=\"https:\/\/archives.regards.fr\/wp-content\/uploads\/2011\/03\/aubenas_bandeau-631-150x122.jpg\" class=\"attachment-thumbnail size-thumbnail\" alt=\"Florence Aubenas d\u00e9couvre l\u2019ordinaire\" aria-describedby=\"gallery-1-14726\" \/><\/a>\n\t\t\t<\/div>\n\t\t\t\t<figcaption class='wp-caption-text gallery-caption' id='gallery-1-14726'>\n\t\t\t\tFlorence Aubenas d\u00e9couvre l\u2019ordinaire\n\t\t\t\t<\/figcaption><\/figure>\n\t\t<\/div>\n<\/p>\n","protected":false},"excerpt":{"rendered":"<p>Otage en 2005, reporter au Nouvel Observateur et auteure du Quai<br \/>\nde Ouistreham, Florence Aubenas revendique ses engagements<br \/>\nface au terrorisme, sur les prisons ou contre un journalisme<br \/>\nqui se perd dans le commentaire au d\u00e9triment de l\u2019enqu\u00eate.<\/p>\n","protected":false},"author":569,"featured_media":14725,"comment_status":"open","ping_status":"open","sticky":false,"template":"","format":"standard","meta":{"_themeisle_gutenberg_block_has_review":false,"footnotes":""},"categories":[141],"tags":[287],"class_list":["post-4708","post","type-post","status-publish","format-standard","has-post-thumbnail","hentry","category-archives-web","tag-medias"],"_links":{"self":[{"href":"https:\/\/archives.regards.fr\/index.php?rest_route=\/wp\/v2\/posts\/4708","targetHints":{"allow":["GET"]}}],"collection":[{"href":"https:\/\/archives.regards.fr\/index.php?rest_route=\/wp\/v2\/posts"}],"about":[{"href":"https:\/\/archives.regards.fr\/index.php?rest_route=\/wp\/v2\/types\/post"}],"author":[{"embeddable":true,"href":"https:\/\/archives.regards.fr\/index.php?rest_route=\/wp\/v2\/users\/569"}],"replies":[{"embeddable":true,"href":"https:\/\/archives.regards.fr\/index.php?rest_route=%2Fwp%2Fv2%2Fcomments&post=4708"}],"version-history":[{"count":0,"href":"https:\/\/archives.regards.fr\/index.php?rest_route=\/wp\/v2\/posts\/4708\/revisions"}],"wp:featuredmedia":[{"embeddable":true,"href":"https:\/\/archives.regards.fr\/index.php?rest_route=\/wp\/v2\/media\/14725"}],"wp:attachment":[{"href":"https:\/\/archives.regards.fr\/index.php?rest_route=%2Fwp%2Fv2%2Fmedia&parent=4708"}],"wp:term":[{"taxonomy":"category","embeddable":true,"href":"https:\/\/archives.regards.fr\/index.php?rest_route=%2Fwp%2Fv2%2Fcategories&post=4708"},{"taxonomy":"post_tag","embeddable":true,"href":"https:\/\/archives.regards.fr\/index.php?rest_route=%2Fwp%2Fv2%2Ftags&post=4708"}],"curies":[{"name":"wp","href":"https:\/\/api.w.org\/{rel}","templated":true}]}}