{"id":4707,"date":"2011-02-19T16:48:00","date_gmt":"2011-02-19T15:48:00","guid":{"rendered":"https:\/\/wp.muchomaas.com\/annecy-les-jo-de-trop4707\/"},"modified":"2023-06-23T23:08:04","modified_gmt":"2023-06-23T21:08:04","slug":"annecy-les-jo-de-trop4707","status":"publish","type":"post","link":"https:\/\/archives.regards.fr\/?p=4707","title":{"rendered":"Annecy, les JO de trop ?"},"content":{"rendered":"<p><strong>Vous l\u2019avez peut-\u00eatre d\u00e9couvert<br \/>\nlors de la d\u00e9mission du directeur<br \/>\ndu projet, l\u2019ancien skieur Edgar<br \/>\nGrospiron, mais la France est<br \/>\ncandidate \u00e0 l\u2019organisation de nouveaux Jeux<br \/>\nolympiques, ceux d\u2019hivers (une sorte de lot de<br \/>\nconsolation)<\/strong>. Enfin, la ville d\u2019Annecy en principe.<br \/>\nMais tout le monde sait que devant l\u2019ampleur<br \/>\nde la logistique \u00e9conomique et administrative<br \/>\nmobilis\u00e9e par une telle manifestation, les Etats<br \/>\ns\u2019av\u00e8rent des acteurs d\u00e9terminants. Du coup,<br \/>\norphelin de son ma\u00eetre d\u2019oeuvre,<br \/>\nle \u00ab dossier \u00bb Annecy est devenu<br \/>\nla premi\u00e8re patate chaude<br \/>\nde notre nouvelle ministre des<br \/>\nSports, Chantal Jouanno.<\/p>\n<p>Pas vraiment un cadeau tant<br \/>\ntout semble avoir \u00e9t\u00e9 men\u00e9<br \/>\nen d\u00e9pit du bon sens (m\u00eame<br \/>\nstrictement du point de vue du<br \/>\n\u00ab <em>business <\/em> \u00bb) et que l\u2019envie des<br \/>\nprincipaux concern\u00e9s (collectivit\u00e9s,<br \/>\ncomit\u00e9 d\u2019organisation,<br \/>\netc.) ne para\u00eet gu\u00e8re suivre<br \/>\nune courbe exponentielle. Un<br \/>\nv\u00e9ritable poison dont la nouvelle<br \/>\nchouchoute du Pr\u00e9sident<br \/>\nse serait bien pass\u00e9e, elle qui<br \/>\npensait occuper son temps en<br \/>\ninaugurations de stades et autres doux plaisirs<br \/>\nde la mondanit\u00e9 sportive.<\/p>\n<p>Que voulez-vous, c\u2019est une tradition chez nous,<br \/>\non veut absolument recevoir de grandes comp\u00e9titions<br \/>\ninternationales \u00e0 d\u00e9faut de les remporter.<br \/>\nL\u2019autre postulant au poste de ministre,<br \/>\nDavid Douillet, avait d\u2019ailleurs r\u00e9dig\u00e9 un rapport<br \/>\nqui pla\u00e7ait l\u2019attractivit\u00e9 hexagonale dans<br \/>\nl\u2019organisation d\u2019\u00e9v\u00e9nements internationaux au<br \/>\ncentre de la r\u00e9forme du mod\u00e8le sportif fran\u00e7ais.<br \/>\nFaute d\u2019approuver, il est ais\u00e9 de comprendre<br \/>\nune telle obsession. Il s\u2019agit pour<br \/>\nles pays, en outre des enjeux diplomatiques,<br \/>\nde marquer leur existence sur l\u2019\u00e9chiquier<br \/>\ndes rapports de force g\u00e9o-\u00e9conomiques que le<br \/>\nsport contribue grandement \u00e0 structurer. Nous<br \/>\nsommes donc au-del\u00e0 du caprice chauvin.<\/p>\n<p>Encore faut-il savoir rondement mener le subtil<br \/>\nprocessus de d\u00e9signation. Le dossier carr\u00e9 de<br \/>\nla candidature tricolore pour les JO de 2012<br \/>\ns\u2019est \u00e9cras\u00e9 contre le mur des rapports de<br \/>\nforce internes du CIO, lest\u00e9 par une pr\u00e9sentation<br \/>\npatrimoniale de Paris lors<br \/>\ndu dernier grand oral, alors<br \/>\nque les princes des anneaux<br \/>\nne cessent de pr\u00e9tendre \u00e0 la<br \/>\nmodernit\u00e9 (ce que Londres sut<br \/>\nparfaitement exalter).<\/p>\n<p>Or le dossier d\u2019Annecy 2018<br \/>\nressemble d\u00e9j\u00e0 \u00e0 un gouffre<br \/>\nfinancier (plus de 20 millions<br \/>\nd\u2019euros) et \u00e0 un projet auquel<br \/>\npersonne ne croit plus vraiment.<br \/>\nAvec en prime sur place<br \/>\nl\u2019hostilit\u00e9 de nombreux \u00e9lus<br \/>\nd\u2019opposition, d\u2019associations,<br \/>\n\u00e9cologistes ou non, voire de la<br \/>\npopulation qui craint le co\u00fbt fiscal<br \/>\nde cette folie des grandeurs<br \/>\net la disparition des lignes budg\u00e9taires<br \/>\ndans une aventure vou\u00e9e \u00e0 l\u2019\u00e9chec.<\/p>\n<p>En refusant l\u2019offre de reprendre la direction de<br \/>\ncette candidature d\u00e9j\u00e0 plomb\u00e9e, Jean-Louis Borloo<br \/>\na finalement d\u00e9pos\u00e9 une petite pierre tombale<br \/>\nsuppl\u00e9mentaire sur le r\u00eave olympique de la Haute-<br \/>\nSavoie. Cela dit, en refilant le b\u00e9b\u00e9 \u00e0 l\u2019homme<br \/>\nd\u2019affaires Charles Beigbeder, la situation a \u00e9t\u00e9<br \/>\nclarifi\u00e9e, et l\u2019id\u00e9al de Coubertin s\u2019est enfin ouvertement<br \/>\nretrouv\u00e9 entre les mains dor\u00e9es qui en<br \/>\ntiennent d\u00e9sormais les r\u00eanes.<div id='gallery-1' class='gallery galleryid-4707 gallery-columns-3 gallery-size-thumbnail'><figure class='gallery-item'>\n\t\t\t<div class='gallery-icon landscape'>\n\t\t\t\t<a href='https:\/\/archives.regards.fr\/wp-content\/uploads\/2011\/03\/jo_bandeau-ecf.jpg'><img loading=\"lazy\" decoding=\"async\" width=\"150\" height=\"122\" src=\"https:\/\/archives.regards.fr\/wp-content\/uploads\/2011\/03\/jo_bandeau-ecf-150x122.jpg\" class=\"attachment-thumbnail size-thumbnail\" alt=\"Annecy, les JO de trop ?\" aria-describedby=\"gallery-1-14721\" \/><\/a>\n\t\t\t<\/div>\n\t\t\t\t<figcaption class='wp-caption-text gallery-caption' id='gallery-1-14721'>\n\t\t\t\tAnnecy, les JO de trop ?\n\t\t\t\t<\/figcaption><\/figure><figure class='gallery-item'>\n\t\t\t<div class='gallery-icon landscape'>\n\t\t\t\t<a href='https:\/\/archives.regards.fr\/wp-content\/uploads\/2011\/03\/jo_crop-5d9.jpg'><img loading=\"lazy\" decoding=\"async\" width=\"80\" height=\"55\" src=\"https:\/\/archives.regards.fr\/wp-content\/uploads\/2011\/03\/jo_crop-5d9.jpg\" class=\"attachment-thumbnail size-thumbnail\" alt=\"Annecy, les JO de trop ?\" aria-describedby=\"gallery-1-14722\" \/><\/a>\n\t\t\t<\/div>\n\t\t\t\t<figcaption class='wp-caption-text gallery-caption' id='gallery-1-14722'>\n\t\t\t\tAnnecy, les JO de trop ?\n\t\t\t\t<\/figcaption><\/figure><figure class='gallery-item'>\n\t\t\t<div class='gallery-icon landscape'>\n\t\t\t\t<a href='https:\/\/archives.regards.fr\/wp-content\/uploads\/2011\/03\/jo-c19.jpg'><img loading=\"lazy\" decoding=\"async\" width=\"150\" height=\"150\" src=\"https:\/\/archives.regards.fr\/wp-content\/uploads\/2011\/03\/jo-c19-150x150.jpg\" class=\"attachment-thumbnail size-thumbnail\" alt=\"jo.jpg\" \/><\/a>\n\t\t\t<\/div><\/figure>\n\t\t<\/div>\n<\/p>\n","protected":false},"excerpt":{"rendered":"<p>Vous l\u2019avez peut-\u00eatre d\u00e9couvert lors de la d\u00e9mission du directeur du projet, l\u2019ancien skieur Edgar Grospiron, mais la France est candidate \u00e0 l\u2019organisation de nouveaux Jeux olympiques, ceux d\u2019hivers (une sorte de lot de consolation). Enfin, la ville d\u2019Annecy en principe. Mais tout le monde sait que devant l\u2019ampleur de la logistique \u00e9conomique et administrative [&hellip;]<\/p>\n","protected":false},"author":579,"featured_media":14721,"comment_status":"open","ping_status":"open","sticky":false,"template":"","format":"standard","meta":{"_themeisle_gutenberg_block_has_review":false,"footnotes":""},"categories":[141],"tags":[317],"class_list":["post-4707","post","type-post","status-publish","format-standard","has-post-thumbnail","hentry","category-archives-web","tag-sport"],"_links":{"self":[{"href":"https:\/\/archives.regards.fr\/index.php?rest_route=\/wp\/v2\/posts\/4707","targetHints":{"allow":["GET"]}}],"collection":[{"href":"https:\/\/archives.regards.fr\/index.php?rest_route=\/wp\/v2\/posts"}],"about":[{"href":"https:\/\/archives.regards.fr\/index.php?rest_route=\/wp\/v2\/types\/post"}],"author":[{"embeddable":true,"href":"https:\/\/archives.regards.fr\/index.php?rest_route=\/wp\/v2\/users\/579"}],"replies":[{"embeddable":true,"href":"https:\/\/archives.regards.fr\/index.php?rest_route=%2Fwp%2Fv2%2Fcomments&post=4707"}],"version-history":[{"count":0,"href":"https:\/\/archives.regards.fr\/index.php?rest_route=\/wp\/v2\/posts\/4707\/revisions"}],"wp:featuredmedia":[{"embeddable":true,"href":"https:\/\/archives.regards.fr\/index.php?rest_route=\/wp\/v2\/media\/14721"}],"wp:attachment":[{"href":"https:\/\/archives.regards.fr\/index.php?rest_route=%2Fwp%2Fv2%2Fmedia&parent=4707"}],"wp:term":[{"taxonomy":"category","embeddable":true,"href":"https:\/\/archives.regards.fr\/index.php?rest_route=%2Fwp%2Fv2%2Fcategories&post=4707"},{"taxonomy":"post_tag","embeddable":true,"href":"https:\/\/archives.regards.fr\/index.php?rest_route=%2Fwp%2Fv2%2Ftags&post=4707"}],"curies":[{"name":"wp","href":"https:\/\/api.w.org\/{rel}","templated":true}]}}