{"id":4675,"date":"2011-02-03T22:01:00","date_gmt":"2011-02-03T21:01:00","guid":{"rendered":"https:\/\/wp.muchomaas.com\/npa-en-panne4675\/"},"modified":"2023-06-23T23:07:59","modified_gmt":"2023-06-23T21:07:59","slug":"npa-en-panne4675","status":"publish","type":"post","link":"https:\/\/archives.regards.fr\/?p=4675","title":{"rendered":"NPA en panne ?"},"content":{"rendered":"<p class=\"post_excerpt\">Alors que le Nouveau parti anticapitaliste se r\u00e9unit en congr\u00e8s, Olivier Besancenot estime que le NPA est \u00ab<em> remis en selle par le mouvement social <\/em> \u00bb.<\/p>\n<p><strong>On a le sentiment d\u2019un NPA en berne. On se trompe ?<\/strong><\/p>\n<p><strong> <em>Olivier Besancenot<\/em> <\/strong>: Apr\u00e8s le revers \u00e9lectoral des r\u00e9gionales (un score en forte chute, autour de 2,4 %, ndlr), le mouvement social de l\u2019automne nous a remis en selle et permet au NPA de poursuivre sa red\u00e9finition. Quantitativement et qualitativement, la LCR et le NPA n\u2019ont rien \u00e0 voir. Notre objectif qui consistait \u00e0 rassembler des traditions militantes diff\u00e9rentes est atteint. Par ailleurs, un \u00e9pisode comme le mouvement social de l\u2019automne sur les retraites rappelle \u00e0 tous l\u2019utilit\u00e9 du NPA.<br \/>\nQuand une partie de la population fait irruption dans le d\u00e9bat national, cela fait \u00e9cho \u00e0 notre projet initial. D\u2019un point de vue politique, c\u2019est tout le mouvement ouvrier qui est sorti gagnant de cette s\u00e9quence. Et inversement, le gouvernement a m\u00e9chamment d\u00e9viss\u00e9. \u00e7a ne peut donc pas \u00eatre un sentiment de d\u00e9faite qui l\u2019emporte. Je n\u2019ai pas du tout le sentiment d\u2019une panne au NPA.<\/p>\n<p><strong>Le contexte pourrait ouvrir un boulevard au d\u00e9passement du capitalisme. N\u2019est-ce pas absurde de voir des forces \u00e0 la gauche du PS mouliner chacun dans leur coin alors qu\u2019une feuille de papier \u00e0 cigarette les s\u00e9pare ?<\/strong><\/p>\n<p><strong> <em>O.B.<\/em> <\/strong>: Je sais pas si c\u2019est seulement une feuille de papier \u00e0 cigarette qui nous s\u00e9pare, \u00e7a d\u00e9pend de ce qu\u2019on fume ! Plus s\u00e9rieusement, si vous faites allusion \u00e0 Jean-Luc M\u00e9lenchon, bien s\u00fbr qu\u2019il y a de vraies divergences. On est favorable \u00e0 une candidature qui f\u00e9d\u00e8re les forces anticapitalistes, mais \u00e7a ne peut pas \u00eatre Jean-Luc M\u00e9lenchon. S\u2019il continue \u00e0 tresser des lauriers \u00e0 l\u2019union de la gauche ou \u00e0 Fran\u00e7ois Mitterrand, par exemple, \u00e7a n\u2019est pas tr\u00e8s compatible.<\/p>\n<p><strong>Jean-Luc M\u00e9lenchon doit payer pour son pass\u00e9 socialiste ?<\/strong><\/p>\n<p><strong> <em>O.B.<\/em> <\/strong>: Non. Mais la question se posera de mani\u00e8re tr\u00e8s actuelle s\u2019il d\u00e9cide d\u2019aller dans un gouvernement avec Dominique Strauss-Kahn, par exemple. Il vient du syst\u00e8me, il a fr\u00e9quent\u00e9 les arcanes du pouvoir. Jean-Luc M\u00e9lenchon pense qu\u2019on peut changer les choses de l\u2019int\u00e9rieur et nous on pense que \u00e7a vient de l\u2019ext\u00e9rieur. Le pouvoir est fait pour anesth\u00e9sier toute dynamique de changement. Il faut fonctionner du bas vers le haut et pas l\u2019inverse. Quand on veut rassembler, il faut le faire dans la clart\u00e9. Au nom de l\u2019unit\u00e9, on ne peut<br \/>\npas tout \u00e9carter.<\/p>\n<p><strong>Vous laissez planer le doute sur votre candidature \u00e0 la pr\u00e9sidentielle. Le NPA peut-il faire un score sans vous&#8217;<\/strong><\/p>\n<p><strong> <em>O.B.<\/em> <\/strong>: Heureusement que l\u2019existence du NPA n\u2019est pas li\u00e9e \u00e0 une personnalisation, de qui que ce soit. La question du \u00ab qui \u00bb sera candidat n\u2019est pas encore \u00e0 l\u2019ordre du jour. Ce qui compte, c\u2019est pourquoi et comment. On doit penser en termes de proposition politique et de synth\u00e8se entre forces politiques et mouvement social.<br \/>\n<div id='gallery-1' class='gallery galleryid-4675 gallery-columns-3 gallery-size-thumbnail'><figure class='gallery-item'>\n\t\t\t<div class='gallery-icon landscape'>\n\t\t\t\t<a href='https:\/\/archives.regards.fr\/wp-content\/uploads\/2011\/02\/besancenot_bandeau-777.jpg'><img loading=\"lazy\" decoding=\"async\" width=\"150\" height=\"122\" src=\"https:\/\/archives.regards.fr\/wp-content\/uploads\/2011\/02\/besancenot_bandeau-777-150x122.jpg\" class=\"attachment-thumbnail size-thumbnail\" alt=\"NPA en panne ?\" aria-describedby=\"gallery-1-14668\" \/><\/a>\n\t\t\t<\/div>\n\t\t\t\t<figcaption class='wp-caption-text gallery-caption' id='gallery-1-14668'>\n\t\t\t\tNPA en panne ?\n\t\t\t\t<\/figcaption><\/figure>\n\t\t<\/div>\n<\/p>\n","protected":false},"excerpt":{"rendered":"<p>Alors que le Nouveau parti anticapitaliste se r\u00e9unit en congr\u00e8s, Olivier Besancenot estime que le NPA est \u00ab<em> remis en selle par le mouvement social <\/em> \u00bb.<\/p>\n","protected":false},"author":569,"featured_media":14668,"comment_status":"open","ping_status":"open","sticky":false,"template":"","format":"standard","meta":{"_themeisle_gutenberg_block_has_review":false,"footnotes":""},"categories":[141],"tags":[331,295],"class_list":["post-4675","post","type-post","status-publish","format-standard","has-post-thumbnail","hentry","category-archives-web","tag-npa","tag-nupes"],"_links":{"self":[{"href":"https:\/\/archives.regards.fr\/index.php?rest_route=\/wp\/v2\/posts\/4675","targetHints":{"allow":["GET"]}}],"collection":[{"href":"https:\/\/archives.regards.fr\/index.php?rest_route=\/wp\/v2\/posts"}],"about":[{"href":"https:\/\/archives.regards.fr\/index.php?rest_route=\/wp\/v2\/types\/post"}],"author":[{"embeddable":true,"href":"https:\/\/archives.regards.fr\/index.php?rest_route=\/wp\/v2\/users\/569"}],"replies":[{"embeddable":true,"href":"https:\/\/archives.regards.fr\/index.php?rest_route=%2Fwp%2Fv2%2Fcomments&post=4675"}],"version-history":[{"count":0,"href":"https:\/\/archives.regards.fr\/index.php?rest_route=\/wp\/v2\/posts\/4675\/revisions"}],"wp:featuredmedia":[{"embeddable":true,"href":"https:\/\/archives.regards.fr\/index.php?rest_route=\/wp\/v2\/media\/14668"}],"wp:attachment":[{"href":"https:\/\/archives.regards.fr\/index.php?rest_route=%2Fwp%2Fv2%2Fmedia&parent=4675"}],"wp:term":[{"taxonomy":"category","embeddable":true,"href":"https:\/\/archives.regards.fr\/index.php?rest_route=%2Fwp%2Fv2%2Fcategories&post=4675"},{"taxonomy":"post_tag","embeddable":true,"href":"https:\/\/archives.regards.fr\/index.php?rest_route=%2Fwp%2Fv2%2Ftags&post=4675"}],"curies":[{"name":"wp","href":"https:\/\/api.w.org\/{rel}","templated":true}]}}