{"id":4674,"date":"2011-02-02T21:40:00","date_gmt":"2011-02-02T20:40:00","guid":{"rendered":"https:\/\/wp.muchomaas.com\/crif-je-te-vois4674\/"},"modified":"2023-06-23T23:07:59","modified_gmt":"2023-06-23T21:07:59","slug":"crif-je-te-vois4674","status":"publish","type":"post","link":"https:\/\/archives.regards.fr\/?p=4674","title":{"rendered":"Crif, je te vois&#8230;"},"content":{"rendered":"<p class=\"post_excerpt\">La s\u00e9curit\u00e9, c\u2019est un double standard.<\/p>\n<p> Il y a celle que Mich\u00e8le Alliot-Marie propose en aide, sous forme de mat\u00e9riel ad\u00e9quat et de techniques \u00e9prouv\u00e9es, \u00e0 une dictature finissante. Et puis celle que la municipalit\u00e9 UMP de Marseille ne peut assurer. Le 19 janvier, Le\u00efla Shahid, d\u00e9l\u00e9gu\u00e9e g\u00e9n\u00e9rale de la Palestine aupr\u00e8s de l\u2019UE, devait intervenir \u00e0 l\u2019\u00e9cole des beaux-arts de la ville dans le cadre d\u2019un hommage \u00e0 Jean Genet dont elle fut une amie. Mais la mairie jugeant impossible \u00ab <em>d\u2019assurer dans des conditions optimales la s\u00e9curit\u00e9 de cette personnalit\u00e9 <\/em> \u00bb, elle a d\u00fb se rabattre sur l\u2019H\u00f4tel de r\u00e9gion. <\/p>\n<p>Annonc\u00e9e aux c\u00f4t\u00e9s de St\u00e9phane Hessel \u00e0 Normale sup\u2019 \u00e0 Paris le 18 janvier, pour un d\u00e9bat finalement annul\u00e9 par la directrice Monique Canto-Sperber, Le\u00efla Shahid est habitu\u00e9e aux rel\u00e9gations. Pas comme le KKL (fonds national juif, l\u2019un des instruments de la colonisation isra\u00e9lienne), toujours bien accueilli. Tenez, le 29 janvier, il donnait une soir\u00e9e \u00e0 l\u2019Espace Julien de Marseille. Un lieu municipal. En toute s\u00e9curit\u00e9.<div id='gallery-1' class='gallery galleryid-4674 gallery-columns-3 gallery-size-thumbnail'><figure class='gallery-item'>\n\t\t\t<div class='gallery-icon landscape'>\n\t\t\t\t<a href='https:\/\/archives.regards.fr\/wp-content\/uploads\/2011\/02\/palestine_bandeau-7ba.jpg'><img loading=\"lazy\" decoding=\"async\" width=\"150\" height=\"122\" src=\"https:\/\/archives.regards.fr\/wp-content\/uploads\/2011\/02\/palestine_bandeau-7ba-150x122.jpg\" class=\"attachment-thumbnail size-thumbnail\" alt=\"Crif, je te vois...\" aria-describedby=\"gallery-1-14665\" \/><\/a>\n\t\t\t<\/div>\n\t\t\t\t<figcaption class='wp-caption-text gallery-caption' id='gallery-1-14665'>\n\t\t\t\tCrif, je te vois&#8230;\n\t\t\t\t<\/figcaption><\/figure><figure class='gallery-item'>\n\t\t\t<div class='gallery-icon landscape'>\n\t\t\t\t<a href='https:\/\/archives.regards.fr\/wp-content\/uploads\/2011\/02\/palestine_crop-2-f90.jpg'><img loading=\"lazy\" decoding=\"async\" width=\"80\" height=\"55\" src=\"https:\/\/archives.regards.fr\/wp-content\/uploads\/2011\/02\/palestine_crop-2-f90.jpg\" class=\"attachment-thumbnail size-thumbnail\" alt=\"Crif, je te vois...\" aria-describedby=\"gallery-1-14666\" \/><\/a>\n\t\t\t<\/div>\n\t\t\t\t<figcaption class='wp-caption-text gallery-caption' id='gallery-1-14666'>\n\t\t\t\tCrif, je te vois&#8230;\n\t\t\t\t<\/figcaption><\/figure>\n\t\t<\/div>\n<\/p>\n","protected":false},"excerpt":{"rendered":"<p>La s\u00e9curit\u00e9, c\u2019est un double standard.<\/p>\n","protected":false},"author":558,"featured_media":14665,"comment_status":"open","ping_status":"open","sticky":false,"template":"","format":"standard","meta":{"_themeisle_gutenberg_block_has_review":false,"footnotes":""},"categories":[141],"tags":[333],"class_list":["post-4674","post","type-post","status-publish","format-standard","has-post-thumbnail","hentry","category-archives-web","tag-proche-et-moyen-orient"],"_links":{"self":[{"href":"https:\/\/archives.regards.fr\/index.php?rest_route=\/wp\/v2\/posts\/4674","targetHints":{"allow":["GET"]}}],"collection":[{"href":"https:\/\/archives.regards.fr\/index.php?rest_route=\/wp\/v2\/posts"}],"about":[{"href":"https:\/\/archives.regards.fr\/index.php?rest_route=\/wp\/v2\/types\/post"}],"author":[{"embeddable":true,"href":"https:\/\/archives.regards.fr\/index.php?rest_route=\/wp\/v2\/users\/558"}],"replies":[{"embeddable":true,"href":"https:\/\/archives.regards.fr\/index.php?rest_route=%2Fwp%2Fv2%2Fcomments&post=4674"}],"version-history":[{"count":0,"href":"https:\/\/archives.regards.fr\/index.php?rest_route=\/wp\/v2\/posts\/4674\/revisions"}],"wp:featuredmedia":[{"embeddable":true,"href":"https:\/\/archives.regards.fr\/index.php?rest_route=\/wp\/v2\/media\/14665"}],"wp:attachment":[{"href":"https:\/\/archives.regards.fr\/index.php?rest_route=%2Fwp%2Fv2%2Fmedia&parent=4674"}],"wp:term":[{"taxonomy":"category","embeddable":true,"href":"https:\/\/archives.regards.fr\/index.php?rest_route=%2Fwp%2Fv2%2Fcategories&post=4674"},{"taxonomy":"post_tag","embeddable":true,"href":"https:\/\/archives.regards.fr\/index.php?rest_route=%2Fwp%2Fv2%2Ftags&post=4674"}],"curies":[{"name":"wp","href":"https:\/\/api.w.org\/{rel}","templated":true}]}}