{"id":4671,"date":"2011-01-01T12:00:00","date_gmt":"2011-01-01T11:00:00","guid":{"rendered":"https:\/\/wp.muchomaas.com\/article-histoire-d-un-titre\/"},"modified":"2023-06-23T23:07:58","modified_gmt":"2023-06-23T21:07:58","slug":"article-histoire-d-un-titre","status":"publish","type":"post","link":"https:\/\/archives.regards.fr\/?p=4671","title":{"rendered":"Histoire d&#8217;un titre"},"content":{"rendered":"<p class=\"post_excerpt\"><em>Regards<\/em>, c&#8217;est une revue, un e-mensuel, <em>#LaMidinale<\/em> et un site Internet. Un m\u00e9dia ind\u00e9pendant et engag\u00e9 depuis 1928.<\/p>\n<p><strong> <em>Regards<\/em> est un titre mythique de la presse fran\u00e7aise. <\/strong> Il fut d&#8217;abord un journal hebdomadaire, intitul\u00e9 <em>Nos Regards<\/em> et fond\u00e9 par le Secours ouvrier international en 1928. La parution s\u2019est rapidement arr\u00eat\u00e9 pour des raisons impr\u00e9cises \u2013 sans doute un probl\u00e8me de financement. En 1932, para\u00eet <em>Regards sur le monde du travail<\/em>, qui deviendra <em>Regards<\/em> tout court en 1933. De sensibilit\u00e9 communiste, c&#8217;est un des premiers magazines \u00e0 avoir donn\u00e9 une place pr\u00e9dominante aux reportages photographiques. Bien avant <em>Life<\/em> (1936) ou <em>Paris-Match<\/em> (1949), <em>Regards<\/em> lance le photojournalisme dans les ann\u00e9es d&#8217;avant-guerre. <strong>L\u00e9on Moussinac<\/strong>, critique et th\u00e9oricien du cin\u00e9ma, ami de Louis Delluc, dirige le magazine. <strong>Robert Capa<\/strong> et <strong>Henri Cartier-Bresson<\/strong> en sont les photographes attitr\u00e9s. <strong>Edouard Pignon<\/strong>, artiste-peintre, s&#8217;occupe de la mise en page. <strong>Willy Ronis<\/strong> y publie ses premi\u00e8res images. Pour des raisons \u00e9conomiques, la parution de <em>Regards<\/em> s&#8217;arr\u00eate en 1962.<\/p>\n<p><strong>Trente-trois ans plus tard, en 1995, <em>Regards<\/em> r\u00e9appara\u00eet <\/strong> sous l&#8217;impulsion du PCF, avec le communiste <strong>Henri Malberg<\/strong> comme directeur. En avril 95, dans son premier \u00e9dito intitul\u00e9 <em>\u00ab Un journal est n\u00e9 \u00bb<\/em>, il \u00e9crit :<\/p>\n<blockquote><p>\u00ab Un nouveau journal dans le paysage politique de notre pays. Vous lui donnez vie en le tenant entre vos mains, en parcourant les pages, &#8220;accroch\u00e9s&#8221; par un titre, une illustration\u2026 [\u2026] Regards veut \u00eatre un des lieux qui comptent dans le d\u00e9bat d\u2019id\u00e9es de ce pays. [\u2026] Notre vocation, c\u2019est de prendre de front et avec honn\u00eatet\u00e9 intellectuelle toutes les questions qui se posent. D\u2019accueillir la diversit\u00e9 des points de vues et l\u2019objection s\u00e9rieuse comme un moyen d\u2019approfondir et de faire avancer la r\u00e9flexion de tous. D\u2019accueillir l\u2019apport de tous ceux qui cherchent \u00e0 comprendre la soci\u00e9t\u00e9 et le monde, tels qu\u2019ils sont aujourd\u2019hui. Regards s\u2019efforcera de prendre avec l\u2019actualit\u00e9 le recul qui favorise justement l\u2019analyse r\u00e9fl\u00e9chie. [\u2026] Ce journal na\u00eet sans les moyens financiers dont b\u00e9n\u00e9ficie d\u2019ordinaire le lancement d\u2019une nouvelle publication. Peut-\u00eatre, sans le temps qu\u2019il y faudrait. En tout cas, il faut justifier la confiance, faire ses preuves, r\u00e9pondre aux attentes. L\u2019\u00e9quipe du journal a le d\u00e9sir sinc\u00e8re d\u2019y parvenir. Mais il faut le soutien, la contribution, les id\u00e9es des lecteurs eux-m\u00eames. [\u2026] Ce journal qui na\u00eet est donc un chantier qui s\u2019ouvre. Avec vous. \u00bb<\/p><\/blockquote>\n<p>En 2000, une refonte de la formule est \u00e9labor\u00e9e par la nouvelle direction du journal : l&#8217;historien <strong>Roger Martelli<\/strong>, directeur de la r\u00e9daction, et l&#8217;architecte <strong>Catherine Tricot<\/strong>, r\u00e9dactrice en chef. La formule de 2000 renoue avec le concept originel : investigation du monde au travers du photojournalisme, enqu\u00eates et contributions d&#8217;intellectuels. <em>\u00ab Regards continue et change \u00bb<\/em>, \u00e9crit alors Roger Martelli en septembre 2000 : <\/p>\n<blockquote><p>\u00ab Journal politique, mais d\u2019une politique moins attentive aux question de pouvoirs qu\u2019aux questions de sens, de valeurs, de choix. Journal d\u2019engagement, de prise de parti mais sans parti pris, sinon celui de la clart\u00e9 des d\u00e9bats. Journal d\u2019analyse, mais sans \u00e9litisme de forme, sans pr\u00e9tention \u00e0 instruire. [\u2026] Nous sommes convaincus que le plaisir et l\u2019intelligence ont partie li\u00e9e. Que la forme et le fond sont ins\u00e9parables. Que l\u2019image, l\u2019enqu\u00eate, le reportage photo , l\u2019\u00e9tude sont d\u2019\u00e9gale dignit\u00e9. Si ce journal, \u00e0 vos yeux, est \u00e0 la fois bel et bon, nous aurons atteint notre but. \u00bb<\/p><\/blockquote>\n<p>En octobre 2003, apr\u00e8s le d\u00e9p\u00f4t de bilan de la Soci\u00e9t\u00e9 des Editions du Journal Regards, onze salari\u00e9s du mensuel s&#8217;engagent financi\u00e8rement individuellement et s&#8217;associent collectivement pour cr\u00e9er une Scop (Soci\u00e9t\u00e9 coop\u00e9rative de production). <strong>Formule rare dans un paysage m\u00e9diatique d\u00e9sormais propri\u00e9t\u00e9 quasi exclusive des grands groupes financiers, <em>Regards<\/em> appartient donc aujourd&#8217;hui \u00e0 sa r\u00e9daction.<\/strong> Les salari\u00e9s sont membres fondateurs, ils poss\u00e8dent 51% du capital et 65% des voix. Les coop\u00e9rateurs \u00e9lisent <strong>Catherine Tricot<\/strong> \u00e0 la t\u00eate de la Scop dont elle assure la g\u00e9rance. <strong>Roger Martelli<\/strong> et <strong>Cl\u00e9mentine Autain<\/strong> assurent la direction de la r\u00e9daction, et <strong>Emmanuelle Cosse<\/strong> en est la r\u00e9dactrice en chef.<\/p>\n<p>Au printemps 2010, dans un contexte de crise des mod\u00e8les \u00e9conomiques de la presse, la Scop est liquid\u00e9e. <strong>Malgr\u00e9 tout <em>Regards<\/em> passe l&#8217;\u00e9preuve et reste dans les mains de ses salari\u00e9s<\/strong>. La p\u00e9tition et l&#8217;appel \u00e0 soutien lanc\u00e9s aupr\u00e8s des lecteurs pour tenter de sauver le journal, re\u00e7oivent un accueil favorable. Une nouvelle Scop est cr\u00e9\u00e9e, &#8220;Les \u00e9ditions Regards&#8221;, dans laquelle quatorze salari\u00e9s (r\u00e9guliers et pigistes) s&#8217;engagent de nouveau financi\u00e8rement. G\u00e9rante de cette Scop, <strong>Cl\u00e9mentine Autain<\/strong> est \u00e9galement la directrice de publication du nouveau <em>Regards<\/em> dont le r\u00e9dacteur en chef est <strong>R\u00e9mi Douat<\/strong>. Nouveau format, nouvelle maquette, nouvelles rubriques, le mensuel, dont le premier num\u00e9ro sort en juillet 2010, re\u00e7oit de bons \u00e9chos dans la presse au moment de sa relance. A cette occasion, Cl\u00e9mentine Autain \u00e9crit : <\/p>\n<blockquote><p>\u00ab Cette nouvelle formule de Regards est toujours plus politique, encore plus branch\u00e9e sur les id\u00e9es et la cr\u00e9ation. Parce qu\u2019un autre monde doit na\u00eetre. Postcapitaliste. \u00bb<\/p><\/blockquote>\n<p>Dans le m\u00eame temps, la r\u00e9daction signe cet \u00e9dito de pr\u00e9sentation :<\/p>\n<blockquote><p>\u00ab Ce nouveau journal nous ressemble : il s\u2019inscrit dans une continuit\u00e9 et il change. Nous restons inquiets des violences du monde, d\u00e9sireux de le voir changer. Nous trouvons toujours nos espoirs dans l\u2019inventivit\u00e9 des luttes, dans le travail intellectuel critique et dans la cr\u00e9ativit\u00e9 artistique. Notre horizon : le post-capitalisme. Mais nous prenons acte de la grave panne d\u2019id\u00e9es et de projets \u00e0 gauche. \u00bb<\/p><\/blockquote>\n<p>Au premier trimestre 2011, <em>Regards<\/em> assoit sa pr\u00e9sence sur Internet en refondant son site regards.fr.<\/p>\n<p>En 2012, <em>Regards<\/em> fait sa mue, avec un site plus dynamique, un e-mensuel et un trimestriel dont <strong>Catherine Tricot<\/strong> prend la r\u00e9daction en chef. <strong>J\u00e9r\u00f4me Latta<\/strong> devient le responsable \u00e9ditorial de regards.fr.<\/p>\n<p>A l&#8217;hiver 2013, le trimestriel sort sous sa nouvelle forme, celle que vous connaissez aujourd&#8217;hui. Dans son \u00e9dito <em>\u00ab Regarder pour inventer \u00bb<\/em>, Catherine Tricot \u00e9crit alors :<\/p>\n<blockquote><p>\u00ab Si nous avons d\u00e9cid\u00e9 de cr\u00e9er ce trimestriel, c\u2019est parce que nous pensions que la lenteur est n\u00e9cessaire \u00e0 l\u2019enqu\u00eate, au reportage, au d\u00e9cryptage. Ce nouveau rendez-vous entend interroger vivement l\u2019espace politique dans lequel nous nous situons : la gauche de gauche. Nous aimons son ambition, celle de n\u2019accepter ni l\u2019ordre ni l\u2019ordre des choses ; nous ne nous cachons pas pour autant sa difficult\u00e9 \u00e0 penser le monde contemporain. [\u2026] Un trimestriel qui ne veut rien moins que contribuer \u00e0 dynamiter la gauche qui ne peut plus grand-chose. Et dynamiser celle qui veut encore changer le monde et chacun de nous. \u00bb<\/p><\/blockquote>\n<p>En 2017, <strong>Pierre Jacquemain<\/strong> devient r\u00e9dacteur en chef de la revue et <strong>Pablo Pillaud-Viven<\/strong> responsable \u00e9ditorial de regards.fr.<\/p>\n<p>\u00c0 l&#8217;\u00e9t\u00e9 2019, le trimestriel devient semestriel : un num\u00e9ro en janvier et un num\u00e9ro en juin. <em>Regards<\/em> est d\u00e9sormais diffus\u00e9 en librairie et <a href=\"https:\/\/audiable.com\/\">la maison d&#8217;\u00e9ditions <em>Au diable vauvert<\/em><\/a> devient son \u00e9diteur.<\/p>\n<p>&nbsp;<\/p>\n<p>\n<strong><em><a href=\"http:\/\/www.boutique-aboweb.com\/regards\/www\/product\/index\/id\/2\">Abonnez-vous<\/a> pour 5 euros par mois.<\/p>\n<p><a href=\"https:\/\/www.donspep.caissedesdepots.fr\/?journal=REGA\">Soutenez-nous<\/a>.<\/strong><\/em><\/p>\n<p>&nbsp;<\/p>\n<p>\n<img loading=\"lazy\" decoding=\"async\" class=\" aligncenter size-full wp-image-14662\" src=\"https:\/\/wp.muchomaas.com\/wp-content\/uploads\/2011\/01\/te_le_chargement-2-596.jpg\" alt=\"te_le_chargement-2.jpg\" align=\"center\" width=\"1500\" height=\"2008\" srcset=\"https:\/\/archives.regards.fr\/wp-content\/uploads\/2011\/01\/te_le_chargement-2-596.jpg 1500w, https:\/\/archives.regards.fr\/wp-content\/uploads\/2011\/01\/te_le_chargement-2-596-224x300.jpg 224w, https:\/\/archives.regards.fr\/wp-content\/uploads\/2011\/01\/te_le_chargement-2-596-765x1024.jpg 765w, https:\/\/archives.regards.fr\/wp-content\/uploads\/2011\/01\/te_le_chargement-2-596-768x1028.jpg 768w, https:\/\/archives.regards.fr\/wp-content\/uploads\/2011\/01\/te_le_chargement-2-596-1147x1536.jpg 1147w\" sizes=\"auto, (max-width: 1500px) 100vw, 1500px\" \/><div id='gallery-1' class='gallery galleryid-4671 gallery-columns-3 gallery-size-thumbnail'><figure class='gallery-item'>\n\t\t\t<div class='gallery-icon portrait'>\n\t\t\t\t<a href='https:\/\/archives.regards.fr\/wp-content\/uploads\/2018\/06\/te_le_chargement-2-78e.jpg'><img loading=\"lazy\" decoding=\"async\" width=\"150\" height=\"150\" src=\"https:\/\/archives.regards.fr\/wp-content\/uploads\/2018\/06\/te_le_chargement-2-78e-150x150.jpg\" class=\"attachment-thumbnail size-thumbnail\" alt=\"te_le_chargement-2.jpg\" \/><\/a>\n\t\t\t<\/div><\/figure>\n\t\t<\/div>\n<\/p>\n","protected":false},"excerpt":{"rendered":"<p><em>Regards<\/em>, c&#8217;est une revue, un e-mensuel, <em>#LaMidinale<\/em> et un site Internet. Un m\u00e9dia ind\u00e9pendant et engag\u00e9 depuis 1928.<\/p>\n","protected":false},"author":1,"featured_media":14662,"comment_status":"open","ping_status":"open","sticky":false,"template":"","format":"standard","meta":{"_themeisle_gutenberg_block_has_review":false,"footnotes":""},"categories":[100],"tags":[],"class_list":["post-4671","post","type-post","status-publish","format-standard","has-post-thumbnail","hentry","category-qui-sommes-nous"],"_links":{"self":[{"href":"https:\/\/archives.regards.fr\/index.php?rest_route=\/wp\/v2\/posts\/4671","targetHints":{"allow":["GET"]}}],"collection":[{"href":"https:\/\/archives.regards.fr\/index.php?rest_route=\/wp\/v2\/posts"}],"about":[{"href":"https:\/\/archives.regards.fr\/index.php?rest_route=\/wp\/v2\/types\/post"}],"author":[{"embeddable":true,"href":"https:\/\/archives.regards.fr\/index.php?rest_route=\/wp\/v2\/users\/1"}],"replies":[{"embeddable":true,"href":"https:\/\/archives.regards.fr\/index.php?rest_route=%2Fwp%2Fv2%2Fcomments&post=4671"}],"version-history":[{"count":0,"href":"https:\/\/archives.regards.fr\/index.php?rest_route=\/wp\/v2\/posts\/4671\/revisions"}],"wp:featuredmedia":[{"embeddable":true,"href":"https:\/\/archives.regards.fr\/index.php?rest_route=\/wp\/v2\/media\/14662"}],"wp:attachment":[{"href":"https:\/\/archives.regards.fr\/index.php?rest_route=%2Fwp%2Fv2%2Fmedia&parent=4671"}],"wp:term":[{"taxonomy":"category","embeddable":true,"href":"https:\/\/archives.regards.fr\/index.php?rest_route=%2Fwp%2Fv2%2Fcategories&post=4671"},{"taxonomy":"post_tag","embeddable":true,"href":"https:\/\/archives.regards.fr\/index.php?rest_route=%2Fwp%2Fv2%2Ftags&post=4671"}],"curies":[{"name":"wp","href":"https:\/\/api.w.org\/{rel}","templated":true}]}}