{"id":4654,"date":"2011-01-10T00:00:00","date_gmt":"2011-01-09T23:00:00","guid":{"rendered":"https:\/\/wp.muchomaas.com\/de-l-indignation-a-la-resistance4654\/"},"modified":"2023-06-23T23:07:52","modified_gmt":"2023-06-23T21:07:52","slug":"de-l-indignation-a-la-resistance4654","status":"publish","type":"post","link":"https:\/\/archives.regards.fr\/?p=4654","title":{"rendered":"De l&#8217;indignation&#8230; \u00e0 la r\u00e9sistance !"},"content":{"rendered":"<p class=\"post_excerpt\"> Sabrina Kassa, journaliste \u00e0<em> Regards <\/em> pour qui elle suit, notamment, les questions d&#8217;immigration, r\u00e9agit aux r\u00e9centes pol\u00e9miques li\u00e9s au traitement m\u00e9diatique des banlieues et des &#8220;minorit\u00e9s \u00e0 probl\u00e8mes&#8221;. Un coup de col\u00e8re publi\u00e9 vendredi 7 janvier sur le site des incorrigibles (http:\/\/incorrigibles.wordpress.com\/) et que nous reproduisons ici,<em> in extenso <\/em> <\/p>\n<p>.<\/p>\n<p>Ca sent bizarre, tu ne trouves pas ? Comme diraient Brigitte Fontaine et Areski, dit l&#8217;ami, \u00ab tu n&#8217;sens pas le br\u00fbl\u00e9 ? \u00bb \u00e0 moins que ce soit une odeur de moisi&#8230;<\/p>\n<p>Depuis quelques mois, des scandales se succ\u00e8dent au sujet du traitement m\u00e9diatique (pour ne parler que de lui !) des minorit\u00e9s. En septembre, il y a eu l&#8217;affaire du \u00ab fixeur \u00bb de Clichy-sous-bois, Abdel El-Otmani, qui magistralement a coinc\u00e9 Jean-Michel D\u00e9cugis, un journaliste du<em> Point <\/em>, en se faisant passer au t\u00e9l\u00e9phone pour \u00ab Bintou \u00bb, une (caricature) de femme de polygame que le journaliste n&#8217;a pas h\u00e9sit\u00e9 \u00e0 d\u00e9crire comme une \u00ab jeune femme au joli visage l\u00e9g\u00e8rement scarifi\u00e9 de chaque c\u00f4t\u00e9 des yeux \u00bb pour mieux faire croire \u00e0 la v\u00e9racit\u00e9 de son t\u00e9moignage. Le \u00ab fixeur \u00bb s&#8217;\u00e9tait film\u00e9 pendant l&#8217;entretien t\u00e9l\u00e9phonique et s&#8217;est empress\u00e9 d&#8217;envoyer la vid\u00e9o \u00e0 Arr\u00eat sur images. Grosse baffe pour<em> Le Point <\/em> qui, sans sourciller, \u00e0 pourtant cri\u00e9 \u00e0 l&#8217;imposture !<\/p>\n<p>Au m\u00eame moment  \u00e9clate l&#8217;affaire du documentaire de Cathy Sanchez \u00ab la Cit\u00e9 du M\u00e2le \u00bb, diffus\u00e9 sur Arte, qui voulant parler des relations filles-gar\u00e7ons en banlieue montre des \u00ab djeuns \u00bb de Vitry-sur-Seine tenant des propos violents et ultra-machistes. C&#8217;est l\u00e0 que Nabila La\u00efb, la journaliste qui a enqu\u00eat\u00e9 en amont de ce reportage pour Cathy Sanchez, accuse la soci\u00e9t\u00e9 de production de Daniel Leconte de \u00ab bidonnage \u00bb en expliquant que les propos des interview\u00e9s ont \u00e9t\u00e9 sorti de leur contexte pour mieux coller aux stigmates de la banlieue, tels que tout le monde les vomit.<\/p>\n<p>Ladji Real, un r\u00e9alisateur, a alors d\u00e9cid\u00e9 de faire une \u00ab contre-enqu\u00eate de la Cit\u00e9 du M\u00e2le \u00bb, dont un extrait a \u00e9t\u00e9 pr\u00e9sent\u00e9 aux Assises du journalisme en novembre \u00e0 Strasbourg. Je l&#8217;ai vu, c&#8217;est tout juste \u00e9poustouflant. Pour ne pas dire, compl\u00e8tement \u00e9c\u0153urant (le jeune noir que l&#8217;on qualifie de musulman pour mieux noircir son C.V., alors que le pauvre est catholique, donne vraiment envie de hurler).<\/p>\n<p>Hier, c&#8217;\u00e9tait au tour de France 2 d&#8217;\u00eatre pris la main dans le sac.<em> Le Canard encha\u00een\u00e9 <\/em> a r\u00e9v\u00e9l\u00e9 dans sa derni\u00e8re \u00e9dition qu&#8217;une journaliste de France 2 vient de porter plainte apr\u00e8s l&#8217;utilisation, sans son consentement, de sa photo dans un reportage sur la d\u00e9linquance. C&#8217;\u00e9tait le 16 septembre, et le jit\u00e9 pr\u00e9sentait en grand pompe \u00ab le D\u00e9ni des cultures \u00bb, un livre (tendancieux) du sociologue du CNRS Hugues Lagrange qui explique entre autres que les jeunes d&#8217;origine sah\u00e9lienne sont plus d\u00e9linquants que les autres, non pas \u00e0 cause de raisons sociales, mais en raison de leur culture : la polygamie de leur p\u00e8re (et oui encore !), la diff\u00e9rence d&#8217;\u00e2ges entre les parents, la taille des familles&#8230; Pour illustrer le propos six portraits cens\u00e9s illustrer les minorit\u00e9s \u00e0 probl\u00e8me ont \u00e9t\u00e9 affich\u00e9s \u00e0 l&#8217;\u00e9cran. C&#8217;est l\u00e0 que \u00e7a se g\u00e2te ! Car il s&#8217;agit \u00ab<em> de photos de salari\u00e9s de la cha\u00eene pioch\u00e9es dans les archives de la r\u00e9daction et projet\u00e9es \u00e0 leur insu. Elles avaient \u00e9t\u00e9 prises \u00e0 l&#8217;occasion d&#8217;un pr\u00e9c\u00e9dent sujet, bien moins sulfureux, sur les richesses de la diversit\u00e9 fran\u00e7aise <\/em> \u00bb, explique<em> le Canard encha\u00een\u00e9 <\/em>. Si quelques journalistes ont seulement protest\u00e9, l&#8217;un(e) d&#8217;entre eux \u00e0 adresser le 14 octobre, une mise en demeure \u00e0 France 2 pour obtenir une indemnisation.<\/p>\n<p>Re\u00e7ue le 30 novembre par le bras droit du nouveau directeur de l&#8217;information Thierry Thuillier, elle s&#8217;est vu pr\u00e9senter \u00abde vagues excuses\u00bb, selon<em> le Canard encha\u00een\u00e9 <\/em>, et proposer 1000 euros. Elle a alors d\u00e9cid\u00e9 de porter plainte contre France 2 pour droit \u00e0 l&#8217;image. J&#8217;ai ador\u00e9 la r\u00e9action de Thuillier dans<em> le Parisien <\/em> d&#8217;hier, qui en guise de r\u00e9ponse juge qu&#8217;il faudrait am\u00e9liorer la formation des journalistes sur le droit \u00e0 l&#8217;image&#8230; Ben voyons !<\/p>\n<p>Alors que penser de toutes ces affaires ? C&#8217;est grave docteur ? D&#8217;un c\u00f4t\u00e9, en tant que journaliste (faisant partie des minorit\u00e9s visibles comme on dit), je me dis que c&#8217;est pas mal, les choses se disent, des journalistes se battent et r\u00e9sistent, les \u00ab fixeurs \u00bb sont trop forts&#8230; Je me souviens qu&#8217;en 2007, suite \u00e0 l&#8217;affaire du meurtre dans le RER D, suivie quelques jours plus tard du mouvement populaire \u00e0 Villiers-le-Bel (parce que deux jeunes avaient \u00e9t\u00e9 balanc\u00e9s dans le d\u00e9cor par une voiture de flics), un magazine f\u00e9minin tr\u00e8s populaire (devinez qui c&#8217;est !) m&#8217;avait presque dict\u00e9 un article (en plus tr\u00e8s bien pay\u00e9) pour faire un lien, plus que louche, entre les deux affaires. Bien s\u00fbr, j&#8217;avais refus\u00e9, mais j&#8217;\u00e9tais rest\u00e9e sous le choc et n&#8217;avais pas su r\u00e9pondre \u00e0 cette offense (mon nom exotique n&#8217;avait donc d&#8217;int\u00e9r\u00eat que pour \u00e9crire des saloperies sur les banlieues ?) Donc, voil\u00e0, personnellement, toutes ces affaires ne m&#8217;\u00e9tonnent pas. Et puis, je suis heureuse de voir certain(e)s r\u00e9agir avec courage et imagination ! Mais, je suis inqui\u00e8te aussi : jusqu&#8217;o\u00f9 le bateau va-t-il chavirer ? La stigmatisation des \u00ab jeunes de banlieue \u00bb fait des ravages tous les jours, il suffit de voir les derni\u00e8res statistiques sur les discriminations (enqu\u00eates TeO) et d&#8217;avoir bien en t\u00eate que la crise touche bien plus \u00ab les minorit\u00e9s \u00bb que les autres, sans parler que le rejet des musulmans fait la Une tous les jours&#8230; \u00e7a suffit ! La situation des minorit\u00e9s est d\u00e9j\u00e0 assez compliqu\u00e9e aujourd&#8217;hui, et je continue de penser (tendre id\u00e9aliste que je suis !) que le r\u00f4le des journalistes c&#8217;est de \u00ab porter la plume dans la plaie \u00bb comme le disait si bien Albert, et non pas \u00ab d&#8217;allumer le feu \u00bb comme le chante Johnny, pour mieux chauffer l&#8217;audience. Dis, l&#8217;ami&#8230;<\/p>\n<p>Sabrina Kassa<div id='gallery-1' class='gallery galleryid-4654 gallery-columns-3 gallery-size-thumbnail'><figure class='gallery-item'>\n\t\t\t<div class='gallery-icon landscape'>\n\t\t\t\t<a href='https:\/\/archives.regards.fr\/wp-content\/uploads\/2011\/02\/resistance-c02.jpg'><img loading=\"lazy\" decoding=\"async\" width=\"150\" height=\"150\" src=\"https:\/\/archives.regards.fr\/wp-content\/uploads\/2011\/02\/resistance-c02-150x150.jpg\" class=\"attachment-thumbnail size-thumbnail\" alt=\"resistance.jpg\" \/><\/a>\n\t\t\t<\/div><\/figure><figure class='gallery-item'>\n\t\t\t<div class='gallery-icon landscape'>\n\t\t\t\t<a href='https:\/\/archives.regards.fr\/wp-content\/uploads\/2011\/02\/resistance_crop-60a.jpg'><img loading=\"lazy\" decoding=\"async\" width=\"80\" height=\"55\" src=\"https:\/\/archives.regards.fr\/wp-content\/uploads\/2011\/02\/resistance_crop-60a.jpg\" class=\"attachment-thumbnail size-thumbnail\" alt=\"De l&#039;indignation... \u00e0 la r\u00e9sistance !\" aria-describedby=\"gallery-1-14587\" \/><\/a>\n\t\t\t<\/div>\n\t\t\t\t<figcaption class='wp-caption-text gallery-caption' id='gallery-1-14587'>\n\t\t\t\tDe l&#8217;indignation&#8230; \u00e0 la r\u00e9sistance !\n\t\t\t\t<\/figcaption><\/figure><figure class='gallery-item'>\n\t\t\t<div class='gallery-icon landscape'>\n\t\t\t\t<a href='https:\/\/archives.regards.fr\/wp-content\/uploads\/2011\/02\/resistance_bandeau-aab.jpg'><img loading=\"lazy\" decoding=\"async\" width=\"150\" height=\"122\" src=\"https:\/\/archives.regards.fr\/wp-content\/uploads\/2011\/02\/resistance_bandeau-aab-150x122.jpg\" class=\"attachment-thumbnail size-thumbnail\" alt=\"De l&#039;indignation... \u00e0 la r\u00e9sistance !\" aria-describedby=\"gallery-1-14588\" \/><\/a>\n\t\t\t<\/div>\n\t\t\t\t<figcaption class='wp-caption-text gallery-caption' id='gallery-1-14588'>\n\t\t\t\tDe l&#8217;indignation&#8230; \u00e0 la r\u00e9sistance !\n\t\t\t\t<\/figcaption><\/figure>\n\t\t<\/div>\n<\/p>\n","protected":false},"excerpt":{"rendered":"<p> Sabrina Kassa, journaliste \u00e0<em> Regards <\/em> pour qui elle suit, notamment, les questions d&#8217;immigration, r\u00e9agit aux r\u00e9centes pol\u00e9miques li\u00e9s au traitement m\u00e9diatique des banlieues et des &#8220;minorit\u00e9s \u00e0 probl\u00e8mes&#8221;. Un coup de col\u00e8re publi\u00e9 vendredi 7 janvier sur le site des incorrigibles (http:\/\/incorrigibles.wordpress.com\/) et que nous reproduisons ici,<em> in extenso <\/em> <\/p>\n","protected":false},"author":1,"featured_media":14586,"comment_status":"open","ping_status":"open","sticky":false,"template":"","format":"standard","meta":{"_themeisle_gutenberg_block_has_review":false,"footnotes":""},"categories":[141],"tags":[326],"class_list":["post-4654","post","type-post","status-publish","format-standard","has-post-thumbnail","hentry","category-archives-web","tag-quartiers"],"_links":{"self":[{"href":"https:\/\/archives.regards.fr\/index.php?rest_route=\/wp\/v2\/posts\/4654","targetHints":{"allow":["GET"]}}],"collection":[{"href":"https:\/\/archives.regards.fr\/index.php?rest_route=\/wp\/v2\/posts"}],"about":[{"href":"https:\/\/archives.regards.fr\/index.php?rest_route=\/wp\/v2\/types\/post"}],"author":[{"embeddable":true,"href":"https:\/\/archives.regards.fr\/index.php?rest_route=\/wp\/v2\/users\/1"}],"replies":[{"embeddable":true,"href":"https:\/\/archives.regards.fr\/index.php?rest_route=%2Fwp%2Fv2%2Fcomments&post=4654"}],"version-history":[{"count":0,"href":"https:\/\/archives.regards.fr\/index.php?rest_route=\/wp\/v2\/posts\/4654\/revisions"}],"wp:featuredmedia":[{"embeddable":true,"href":"https:\/\/archives.regards.fr\/index.php?rest_route=\/wp\/v2\/media\/14586"}],"wp:attachment":[{"href":"https:\/\/archives.regards.fr\/index.php?rest_route=%2Fwp%2Fv2%2Fmedia&parent=4654"}],"wp:term":[{"taxonomy":"category","embeddable":true,"href":"https:\/\/archives.regards.fr\/index.php?rest_route=%2Fwp%2Fv2%2Fcategories&post=4654"},{"taxonomy":"post_tag","embeddable":true,"href":"https:\/\/archives.regards.fr\/index.php?rest_route=%2Fwp%2Fv2%2Ftags&post=4654"}],"curies":[{"name":"wp","href":"https:\/\/api.w.org\/{rel}","templated":true}]}}