{"id":4650,"date":"2011-01-10T00:00:00","date_gmt":"2011-01-09T23:00:00","guid":{"rendered":"https:\/\/wp.muchomaas.com\/fn-ump-les-liaisons-dangereuses-34650\/"},"modified":"2023-06-23T23:07:51","modified_gmt":"2023-06-23T21:07:51","slug":"fn-ump-les-liaisons-dangereuses-34650","status":"publish","type":"post","link":"https:\/\/archives.regards.fr\/?p=4650","title":{"rendered":"FN-UMP Les liaisons dangereuses (3) &#8211; Avec le FN, \u00ab tout devient possible\u00bb"},"content":{"rendered":"<p class=\"post_excerpt\">L&#8217;attitude de la droite \u00ab gouvernementale \u00bb vis-\u00e0-vis du FN s&#8217;infl\u00e9chit ; le discours d&#8217;extr\u00eame droite devient plus \u00ab pr\u00e9sentable \u00bb aux yeux d&#8217;un \u00e9lectorat qui s&#8217;\u00e9largit. Les conditions d&#8217;une recomposition de la droite sont r\u00e9unies.<\/p>\n<p>\u00ab<em> Nous sommes en danger du point de vue \u00e9lectoral. <\/em> \u00bb (Jean-Fran\u00e7ois Cop\u00e9, 11 d\u00e9cembre 2010). Une batterie de sondages favorables \u00e0 Marine Le Pen (entre 12 % et 14 % d&#8217;intentions de vote \u00e0 la pr\u00e9sidentielle), une perc\u00e9e des \u00ab bonnes opinions \u00bb, des chiffres cons\u00e9quents d&#8217;audience t\u00e9l\u00e9visuelle, et voil\u00e0 le Front revenu au coeur du d\u00e9bat \u00e9lectoral. En 2008, le sondeur J\u00e9r\u00f4me Fourquet titrait une \u00e9tude de sociologie politique sur \u00ab l&#8217;\u00e9rosion \u00e9lectorale du lep\u00e9nisme \u00bb [[Le vote de rupture. Les \u00e9lections pr\u00e9sidentielle et l\u00e9gislatives d&#8217;avril-juin 2007, \u00e9d. Presses de Sciences-Po, 2008.]] ; aujourd&#8217;hui, de nombreux observateurs se plaisent \u00e0 \u00e9voquer la possibilit\u00e9 d&#8217;une pr\u00e9sence de Marine Le Pen au second tour de la pr\u00e9sidentielle de 2012.<\/p>\n<p>On ne retiendra pas ici cette hypoth\u00e8se, pour l&#8217;instant tout au moins. La bonne sant\u00e9 du probable futur num\u00e9ro un du Front national n&#8217;emp\u00eache que son potentiel \u00e9lectoral n&#8217;est pas plus haut que celui, alors d\u00e9clinant, de son p\u00e8re en 2007. Il n&#8217;en reste pas moins que le ph\u00e9nom\u00e8ne conjoncturel de la fin 2010 dit quelque chose de tr\u00e8s pr\u00e9occupant, pour la vie politique et pour la bonne sant\u00e9 d\u00e9mocratique de ce pays.<\/p>\n<p>Le premier signe d&#8217;inqui\u00e9tude est dans l&#8217;\u00e9volution de l&#8217;\u00e9lectorat frontiste. Il s\u00e9duisait jusqu&#8217;alors une frange des cat\u00e9gories populaires d\u00e9stabilis\u00e9es par la crise, vivant le sentiment douloureux d&#8217;\u00eatre d\u00e9laiss\u00e9es par la politique institutionnelle, ayant troqu\u00e9 l&#8217;esp\u00e9rance des Trente glorieuses contre le ressentiment aviv\u00e9 par la crise. Il attire d\u00e9sormais une part des couches moyennes \u00e0 leur tour menac\u00e9es par la pr\u00e9carisation g\u00e9n\u00e9rale du salariat. D\u00e8s lors, au lieu d&#8217;\u00eatre un ph\u00e9nom\u00e8ne al\u00e9atoire, tiraill\u00e9 entre la col\u00e8re populaire portant au vote sanction et la passivit\u00e9 morose conduisant \u00e0 l&#8217;abstention, le vote Front national peut devenir un vote stabilis\u00e9, un vote \u00ab id\u00e9ologique \u00bb qui ancrerait le Front dans les hautes eaux \u00e9lectorales, au point de devenir une composante \u00e0 part enti\u00e8re du paysage de la droite fran\u00e7aise. Le Front pourrait alors glisser du statut \u00e0 part d&#8217;une \u00ab extr\u00eame droite \u00bb, h\u00e9riti\u00e8re sulfureuse d&#8217;un fascisme vilipend\u00e9 et infr\u00e9quentable, \u00e0 celui d&#8217;une fraction extr\u00eame de la droite, g\u00eanante par ses exc\u00e8s mais incontournable dans la construction de majorit\u00e9s politiques.<\/p>\n<h2>L&#8217;insertion pratique<\/h2>\n<p>Or ce premier motif d&#8217;inqui\u00e9tude est renforc\u00e9 par une double \u00e9volution qui rend possible l&#8217;insertion pratique du Front national. La premi\u00e8re \u00e9volution se trouve \u00e0 l&#8217;int\u00e9rieur m\u00eame du dispositif frontiste. Inutile de disserter sur le caract\u00e8re fondamental des inflexions port\u00e9es par Marine Le Pen : le coeur du discours frontiste reste du c\u00f4t\u00e9 de la \u00ab pr\u00e9f\u00e9rence nationale \u00bb, du retrait des aides sociales aux \u00e9trangers, de l&#8217;arr\u00eat de l&#8217;immigration, de la ma\u00eetrise des fronti\u00e8res et de la s\u00e9curit\u00e9. Mais il n&#8217;est pas non plus indiff\u00e9rent de noter que ses charges sur l&#8217;immigration glissent de la th\u00e9orisation raciale explicite au diff\u00e9rentialisme culturel, de la stigmatisation du maghr\u00e9bin \u00e0 celui de l&#8217;Islam. Et si la digne fille de son p\u00e8re continue de cultiver la d\u00e9testation des \u00e9lites parisiennes, elle entend en m\u00eame temps revaloriser la dimension \u00ab experte \u00bb du discours \u00e9conomique et social de son camp.<\/p>\n<p>Ce mouvement vers un Front national persistant mais d&#8217;apparence plus \u00ab pr\u00e9sentable \u00bb se conjugue avec l&#8217;approfondissement d&#8217;une \u00e9volution de la droite dite \u00ab gouvernementale \u00bb. Apr\u00e8s avoir, dans les ann\u00e9es 1980, tent\u00e9 de s\u00e9duire l&#8217;\u00e9lectorat du Front (c&#8217;\u00e9tait le temps du \u00ab bruit et de l&#8217;odeur \u00bb \u00e9voqu\u00e9s par Jacques Chirac en 1991), le gaullisme chiraquien avait finalement d\u00e9cid\u00e9 de stopper l&#8217;essor du Front en s&#8217;opposant \u00e0 lui vivement, pour briser toute perspective d&#8217;acc\u00e8s au pouvoir. En 2002, Nicolas Sarkozy amor\u00e7ait un tournant qui consistait \u00e0 porter les feux du c\u00f4t\u00e9 de la \u00ab droite d\u00e9complex\u00e9e \u00bb. La droite au pouvoir, affirmait-il, ne devait plus se laisser t\u00e9taniser par le lep\u00e9nisme : elle devait montrer qu&#8217;elle ne s&#8217;en tenait pas au seul discours s\u00e9curitaire mais qu&#8217;elle \u00e9tait capable de le mettre en oeuvre. Celui qui \u00e9tait \u00e0 l&#8217;\u00e9poque le ministre de l&#8217;Int\u00e9rieur s&#8217;attacha \u00e0 montrer qu&#8217;il \u00e9tait, lui, un homme d&#8217;action dans les domaines qui constituaient a priori le fonds de commerce de Le Pen.<\/p>\n<p>Le probl\u00e8me est que la droite fran\u00e7aise n&#8217;en est plus \u00e0 \u00ab l&#8217;\u00e9tat de gr\u00e2ce \u00bb de 2007, quand il semblait que Nicolas Sarkozy r\u00e9ussissait ce que ses pr\u00e9d\u00e9cesseurs n&#8217;avaient pu construire : le rassemblement de toute la droite derri\u00e8re un programme que<em> Regards <\/em> identifia alors comme \u00ab lib\u00e9ral-populiste \u00bb. Par brouillage tactique (l&#8217;appel \u00e0 des personnalit\u00e9s th\u00e9oriquement embl\u00e9matiques de la gauche) et par activisme brouillon, Sarkozy a perdu en un temps record le capital exceptionnel qu&#8217;il avait amass\u00e9.<\/p>\n<p>D\u00e8s lors, que peut faire une majorit\u00e9 gouvernementale resserr\u00e9e sur sa propre droite ? La tonalit\u00e9 des principaux responsables est sans ambigu\u00eft\u00e9 : Jean-Fran\u00e7ois Cop\u00e9 vante un \u00ab<em> retour aux fondamentaux <\/em> \u00bb, c&#8217;est-\u00e0-dire la reprise du d\u00e9bat sur l&#8217;identit\u00e9 nationale. Quant \u00e0 Bernard Debr\u00e9, il plaide pour ne pas se pr\u00e9occuper du FN, mais pour \u00ab<em> faire ce que nous avons promis en 2007, s&#8217;occuper de l&#8217;immigration, assurer la s\u00e9curit\u00e9 <\/em> \u00bb.<\/p>\n<h2>Alliances \u00e0 droite<\/h2>\n<p>Quel que soit le niveau atteint<em> in fine <\/em> par la candidate vraisemblable du Front, nous irions d\u00e8s lors vers une recomposition de la droite comme on n&#8217;en avait pas connu depuis au moins 1958. Il y a quelques ann\u00e9es, Bruno M\u00e9gret avait fait le pari d&#8217;une \u00e9volution du Front vers des alliances \u00e0 droite, selon le mod\u00e8le italien du parti n\u00e9ofasciste de Gianfranco Fini. Jean-Marie Le Pen avait alors estim\u00e9 que le Front n&#8217;\u00e9tait pas assez install\u00e9 pour courir ce risque.<\/p>\n<p>La banalisation du corpus id\u00e9ologique du lep\u00e9nisme par la droite dite \u00ab r\u00e9publicaine \u00bb et le glissement tactique du discours officiel du Front pourrait rendre possible la conjonction jusqu&#8217;alors impossible. L&#8217;alliance explicite, y compris au gouvernement, ne serait plus port\u00e9e par des personnalit\u00e9s isol\u00e9es. L&#8217;enlisement italien, qui fait aujourd&#8217;hui d&#8217;un ancien \u00ab n\u00e9ofasciste \u00bb la cl\u00e9 de r\u00e9ussite parlementaire de l&#8217;antiberlusconisme, s&#8217;incrusterait chez nous !<\/p>\n<div id='gallery-1' class='gallery galleryid-4650 gallery-columns-3 gallery-size-thumbnail'><figure class='gallery-item'>\n\t\t\t<div class='gallery-icon landscape'>\n\t\t\t\t<a href='https:\/\/archives.regards.fr\/wp-content\/uploads\/2011\/03\/fn_bandeau-1b9.jpg'><img loading=\"lazy\" decoding=\"async\" width=\"150\" height=\"122\" src=\"https:\/\/archives.regards.fr\/wp-content\/uploads\/2011\/03\/fn_bandeau-1b9-150x122.jpg\" class=\"attachment-thumbnail size-thumbnail\" alt=\"FN-UMP Les liaisons dangereuses (3) - Avec le FN, \u00ab tout devient possible\u00bb\" aria-describedby=\"gallery-1-14578\" \/><\/a>\n\t\t\t<\/div>\n\t\t\t\t<figcaption class='wp-caption-text gallery-caption' id='gallery-1-14578'>\n\t\t\t\tFN-UMP Les liaisons dangereuses (3) &#8211; Avec le FN, \u00ab tout devient possible\u00bb\n\t\t\t\t<\/figcaption><\/figure>\n\t\t<\/div>\n\n","protected":false},"excerpt":{"rendered":"<p>L&#8217;attitude de la droite \u00ab gouvernementale \u00bb vis-\u00e0-vis du FN s&#8217;infl\u00e9chit ; le discours d&#8217;extr\u00eame droite devient plus \u00ab pr\u00e9sentable \u00bb aux yeux d&#8217;un \u00e9lectorat qui s&#8217;\u00e9largit. Les conditions d&#8217;une recomposition de la droite sont r\u00e9unies.<\/p>\n","protected":false},"author":328,"featured_media":14578,"comment_status":"open","ping_status":"open","sticky":false,"template":"","format":"standard","meta":{"_themeisle_gutenberg_block_has_review":false,"footnotes":""},"categories":[141],"tags":[305,355],"class_list":["post-4650","post","type-post","status-publish","format-standard","has-post-thumbnail","hentry","category-archives-web","tag-droites","tag-extreme-droite"],"_links":{"self":[{"href":"https:\/\/archives.regards.fr\/index.php?rest_route=\/wp\/v2\/posts\/4650","targetHints":{"allow":["GET"]}}],"collection":[{"href":"https:\/\/archives.regards.fr\/index.php?rest_route=\/wp\/v2\/posts"}],"about":[{"href":"https:\/\/archives.regards.fr\/index.php?rest_route=\/wp\/v2\/types\/post"}],"author":[{"embeddable":true,"href":"https:\/\/archives.regards.fr\/index.php?rest_route=\/wp\/v2\/users\/328"}],"replies":[{"embeddable":true,"href":"https:\/\/archives.regards.fr\/index.php?rest_route=%2Fwp%2Fv2%2Fcomments&post=4650"}],"version-history":[{"count":0,"href":"https:\/\/archives.regards.fr\/index.php?rest_route=\/wp\/v2\/posts\/4650\/revisions"}],"wp:featuredmedia":[{"embeddable":true,"href":"https:\/\/archives.regards.fr\/index.php?rest_route=\/wp\/v2\/media\/14578"}],"wp:attachment":[{"href":"https:\/\/archives.regards.fr\/index.php?rest_route=%2Fwp%2Fv2%2Fmedia&parent=4650"}],"wp:term":[{"taxonomy":"category","embeddable":true,"href":"https:\/\/archives.regards.fr\/index.php?rest_route=%2Fwp%2Fv2%2Fcategories&post=4650"},{"taxonomy":"post_tag","embeddable":true,"href":"https:\/\/archives.regards.fr\/index.php?rest_route=%2Fwp%2Fv2%2Ftags&post=4650"}],"curies":[{"name":"wp","href":"https:\/\/api.w.org\/{rel}","templated":true}]}}