{"id":4646,"date":"2011-01-05T00:00:00","date_gmt":"2011-01-04T23:00:00","guid":{"rendered":"https:\/\/wp.muchomaas.com\/dress-code-chez-ubs4646\/"},"modified":"2023-06-23T23:07:51","modified_gmt":"2023-06-23T21:07:51","slug":"dress-code-chez-ubs4646","status":"publish","type":"post","link":"https:\/\/archives.regards.fr\/?p=4646","title":{"rendered":"Dress code chez UBS"},"content":{"rendered":"<p class=\"post_excerpt\"> C&#8217;est une perle r\u00e9v\u00e9l\u00e9e par le quotidien suisse<em> Le Temps <\/em> <\/p>\n<p>. UBS, l&#8217;ex-premi\u00e8re banque suisse, a produit un code de conduite vestimentaire de 44 pages pour ses 1 500 salari\u00e9s au contact de la client\u00e8le. Le s\u00e9rieux se niche dans les moindres d\u00e9tails de l&#8217;apparence&#8230; Et avec \u00e7a, chez UBS, on ne plaisante pas. Par exemple, \u00ab<em> les couleurs anthracite, noir et bleu fonc\u00e9 symbolisent la comp\u00e9tence, le formalisme et le s\u00e9rieux <\/em> \u00bb. Fini les signes ext\u00e9rieurs de richesse, les boutons de manchettes rutilants, les montres clinquantes ou les ceintures de marques. C&#8217;est le retour de la rigueur. Avec la crise, les banquiers doivent se fondre dans le paysage pour mieux engranger les profits.<\/p>\n<p>Le document affiche clairement l&#8217;ambition : \u00ab<em> Notre apparence ext\u00e9rieure fait office de communication non verbale et en dit long sur notre personnalit\u00e9 <\/em>. \u00bb Ainsi, le respect du dress code, qui est obligatoire, \u00ab<em> contribue \u00e0 communiquer nos valeurs et notre culture <\/em> \u00bb. L&#8217;identit\u00e9 des individus doit se fonder dans celle de l&#8217;entreprise. Au centim\u00e8tre pr\u00e8s. L\u00e0 o\u00f9 les pressions implicites et l&#8217;int\u00e9riorisation des codes et normes suffisent \u00e0 forger une grammaire identitaire de l&#8217;entreprise, les recommandations sont ici d&#8217;une pr\u00e9cision d\u00e9concertante.<\/p>\n<p>Pour les femmes, explique sans rire le document, \u00ab<em> la jupe ne doit pas remonter quand vous marchez <\/em> \u00bb et \u00ab<em> sa longueur id\u00e9ale se situe au milieu du genou et peut descendre jusqu&#8217;\u00e0 5 cm en dessous du genou <\/em> \u00bb. Gardez votre double-d\u00e9cim\u00e8tre car \u00ab<em> la hauteur des talons ne doit pas d\u00e9passer 7 cm <\/em> \u00bb. Les poches des vestes doivent rester vides pour ne pas \u00eatre d\u00e9form\u00e9es. En position assise, vous \u00eates pri\u00e9es de toujours laisser ouverts les boutons de la veste. Les tatouages ou le vernis bleu sont proscrits. Comme l&#8217;ail ou l&#8217;oignon, qui donnent mauvaise haleine. Et le nombre de vos bijoux ne doit pas d\u00e9passer le chiffre 7. Les collants doivent \u00eatre unis. Summum des recommandations : en dessous des chemisiers blancs, il faut porter des sous-v\u00eatements de couleur chair, en microfibre de pr\u00e9f\u00e9rence.<\/p>\n<p>Les hommes ne sont pas en reste. Leurs sous-v\u00eatements ? Uniquement des maillots de corps. Le costume ? Attention : \u00ab<em> Le col doit \u00e9pouser correctement votre morphologie et aucun pli ne doit se former sous la nuque. (&#8230;) La veste doit couvrir compl\u00e8tement votre post\u00e9rieur <\/em>. \u00bb Il faut encore \u00ab<em> avoir des mains propres et soign\u00e9es, sans ongles cass\u00e9s, ni noirs <\/em> \u00bb, ne porter ni cha\u00eenes, ni gourmettes, se raser quotidiennement, \u00ab<em> sentir bon <\/em> \u00bb. Pas de bottes western ni de chaussettes \u00e0 motif. Bref ! L&#8217;addition est sal\u00e9e. Un exemple paroxystique de la mise sous contr\u00f4le de nos libert\u00e9s dans l&#8217;entreprise. Il ne faut plus \u00eatre soi-m\u00eame. Ni dessus, ni dessous.<\/p>\n<p>Cl\u00e9mentine Autain<div id='gallery-1' class='gallery galleryid-4646 gallery-columns-3 gallery-size-thumbnail'><figure class='gallery-item'>\n\t\t\t<div class='gallery-icon landscape'>\n\t\t\t\t<a href='https:\/\/archives.regards.fr\/wp-content\/uploads\/2011\/02\/ubs-8fd.jpg'><img loading=\"lazy\" decoding=\"async\" width=\"150\" height=\"150\" src=\"https:\/\/archives.regards.fr\/wp-content\/uploads\/2011\/02\/ubs-8fd-150x150.jpg\" class=\"attachment-thumbnail size-thumbnail\" alt=\"ubs.jpg\" \/><\/a>\n\t\t\t<\/div><\/figure><figure class='gallery-item'>\n\t\t\t<div class='gallery-icon landscape'>\n\t\t\t\t<a href='https:\/\/archives.regards.fr\/wp-content\/uploads\/2011\/02\/ubs_bandeau-fd5.jpg'><img loading=\"lazy\" decoding=\"async\" width=\"150\" height=\"122\" src=\"https:\/\/archives.regards.fr\/wp-content\/uploads\/2011\/02\/ubs_bandeau-fd5-150x122.jpg\" class=\"attachment-thumbnail size-thumbnail\" alt=\"Dress code chez UBS\" aria-describedby=\"gallery-1-14573\" \/><\/a>\n\t\t\t<\/div>\n\t\t\t\t<figcaption class='wp-caption-text gallery-caption' id='gallery-1-14573'>\n\t\t\t\tDress code chez UBS\n\t\t\t\t<\/figcaption><\/figure>\n\t\t<\/div>\n<\/p>\n","protected":false},"excerpt":{"rendered":"<p> C&#8217;est une perle r\u00e9v\u00e9l\u00e9e par le quotidien suisse<em> Le Temps <\/em> <\/p>\n","protected":false},"author":570,"featured_media":14572,"comment_status":"open","ping_status":"open","sticky":false,"template":"","format":"standard","meta":{"_themeisle_gutenberg_block_has_review":false,"footnotes":""},"categories":[141],"tags":[304],"class_list":["post-4646","post","type-post","status-publish","format-standard","has-post-thumbnail","hentry","category-archives-web","tag-travail"],"_links":{"self":[{"href":"https:\/\/archives.regards.fr\/index.php?rest_route=\/wp\/v2\/posts\/4646","targetHints":{"allow":["GET"]}}],"collection":[{"href":"https:\/\/archives.regards.fr\/index.php?rest_route=\/wp\/v2\/posts"}],"about":[{"href":"https:\/\/archives.regards.fr\/index.php?rest_route=\/wp\/v2\/types\/post"}],"author":[{"embeddable":true,"href":"https:\/\/archives.regards.fr\/index.php?rest_route=\/wp\/v2\/users\/570"}],"replies":[{"embeddable":true,"href":"https:\/\/archives.regards.fr\/index.php?rest_route=%2Fwp%2Fv2%2Fcomments&post=4646"}],"version-history":[{"count":0,"href":"https:\/\/archives.regards.fr\/index.php?rest_route=\/wp\/v2\/posts\/4646\/revisions"}],"wp:featuredmedia":[{"embeddable":true,"href":"https:\/\/archives.regards.fr\/index.php?rest_route=\/wp\/v2\/media\/14572"}],"wp:attachment":[{"href":"https:\/\/archives.regards.fr\/index.php?rest_route=%2Fwp%2Fv2%2Fmedia&parent=4646"}],"wp:term":[{"taxonomy":"category","embeddable":true,"href":"https:\/\/archives.regards.fr\/index.php?rest_route=%2Fwp%2Fv2%2Fcategories&post=4646"},{"taxonomy":"post_tag","embeddable":true,"href":"https:\/\/archives.regards.fr\/index.php?rest_route=%2Fwp%2Fv2%2Ftags&post=4646"}],"curies":[{"name":"wp","href":"https:\/\/api.w.org\/{rel}","templated":true}]}}