{"id":4640,"date":"2010-12-21T00:00:00","date_gmt":"2010-12-20T23:00:00","guid":{"rendered":"https:\/\/wp.muchomaas.com\/les-etats-genereux-du-foot4640\/"},"modified":"2023-06-23T23:07:49","modified_gmt":"2023-06-23T21:07:49","slug":"les-etats-genereux-du-foot4640","status":"publish","type":"post","link":"https:\/\/archives.regards.fr\/?p=4640","title":{"rendered":"Les Etats g\u00e9n\u00e9reux du foot"},"content":{"rendered":"<p class=\"post_excerpt\"> En attendant de faire ses cartons et apr\u00e8s avoir re\u00e7u officiellement un tr\u00e8s bon \u00ab livre vert \u00bb sur les supporters (r\u00e9clamant une plus grande concertation entre les diff\u00e9rents partenaires, posture gu\u00e8re dans les moeurs gouvernementales actuelles), Rama Yade a parad\u00e9 lors des Etats g\u00e9n\u00e9raux du football qui se sont tenus, tout un symbole, \u00e0 l&#8217;Insep (Institut national du sport, de l&#8217;expertise et de la performance), dernier temple du service public du sport <\/p>\n<p>. Ce ne fut certes pas la r\u00e9volution d&#8217;octobre ni m\u00eame l&#8217;abolition des privil\u00e8ges de 1789. Car on ne r\u00e9forme pas une oligarchie sans en modifier un tantinet la composition des \u00ab \u00e9lites \u00bb. Et de ce point de vue, la F\u00e9d\u00e9ration fran\u00e7aise de football (FFF) a de nouveau fait le pari de la continuit\u00e9 des hommes. Domenech n&#8217;a m\u00eame pas r\u00e9ussi, dans son \u00e9chec, \u00e0 entrainer le syst\u00e8me avec lui&#8230; <\/p>\n<p>Ainsi, au-del\u00e0 des belles d\u00e9clarations sur les valeurs, les clubs pros, repr\u00e9sent\u00e9s par la Ligue nationale de football (LNF), sortent largement gagnants, sans avoir en rien rendu des comptes pour leur lourde responsabilit\u00e9 dans la crise actuelle du foot et dans sa relation avec le public.<\/p>\n<p>Les Bleus : qui ont si joyeusement pi\u00e9tin\u00e9 les r\u00eaves \u00ab citoyens \u00bb et \u00ab humanistes \u00bb du football tricolore lors du Mondial : sont les \u00ab enfants g\u00e2t\u00e9s \u00bb (et dans ce cas les parents sont toujours les vrais responsables) des centres de formation et des clubs fran\u00e7ais, voire europ\u00e9ens, bien davantage que des associations de quartier qui ont vu \u00e9clore leur talent ou leur vocation. A bien d\u00e9crypter l&#8217;ensemble des mesures, on a peut-\u00eatre un peu h\u00e2tivement retourn\u00e9 l&#8217;\u00e9chelle des responsabilit\u00e9s pour la balancer sur les faibles \u00e9paules d&#8217;un foot amateur (et de ses \u00ab \u00e9lus \u00bb) pas toujours coh\u00e9rent ni comp\u00e9tent, mais s\u00fbrement pas \u00ab seul \u00bb coupable.<\/p>\n<p>La refonte de la d\u00e9signation du pr\u00e9sident et de son \u00e9quipe peut effectivement donner l&#8217;impression de d\u00e9passer enfin une \u00ab cooptation \u00bb aux allures \u00ab sovi\u00e9tiques \u00bb. De fait ce nouveau syst\u00e8me : un comit\u00e9 ex\u00e9cutif de 12 membres choisi par l&#8217;assembl\u00e9e f\u00e9d\u00e9rale (et non pas par les clubs comme le souhaitent les plus \u00ab radicaux \u00bb) : risque vite de rebasculer vers les anciens fondamentaux, faute d&#8217;alternative et de d\u00e9bat. Le go\u00fbt du consensus et surtout la hantise de la contestation sont trop ancr\u00e9s dans la culture du foot fran\u00e7ais pour dispara\u00eetre simplement avec un ravalement de fa\u00e7ade du mode \u00e9lectoral.<\/p>\n<p>Dernier point, et non des moindres, le foot pro se voit attribuer au minimum une minorit\u00e9 de blocage, tr\u00e8s rassurante devant toute crise future de fiert\u00e9 des amateurs, surtout quand l&#8217;heure des comptes de l&#8217;Euro sonnera. Des amateurs qui se sont en retour r\u00e9jouis de voir l&#8217;aum\u00f4ne du foot pro p\u00e9rennis\u00e9e (2 % des droits t\u00e9l\u00e9), une dizaine de millions d&#8217;euros. C&#8217;est peu cher pay\u00e9 quand la LNF vient de braquer, avec l&#8217;accord de l&#8217;Etat, 150 millions sur le CNDS (cens\u00e9 subventionner le sport associatif) pour les futurs stades de l&#8217;euro 2016. Finalement les Etats g\u00e9n\u00e9raux ont vraiment rempli leur r\u00f4le, \u00e0 d\u00e9faut de leur mission. <\/p>\n<p>Nicolas Kssis<div id='gallery-1' class='gallery galleryid-4640 gallery-columns-3 gallery-size-thumbnail'><figure class='gallery-item'>\n\t\t\t<div class='gallery-icon landscape'>\n\t\t\t\t<a href='https:\/\/archives.regards.fr\/wp-content\/uploads\/2011\/02\/foot-f4f.jpg'><img loading=\"lazy\" decoding=\"async\" width=\"150\" height=\"150\" src=\"https:\/\/archives.regards.fr\/wp-content\/uploads\/2011\/02\/foot-f4f-150x150.jpg\" class=\"attachment-thumbnail size-thumbnail\" alt=\"foot.jpg\" \/><\/a>\n\t\t\t<\/div><\/figure><figure class='gallery-item'>\n\t\t\t<div class='gallery-icon landscape'>\n\t\t\t\t<a href='https:\/\/archives.regards.fr\/wp-content\/uploads\/2011\/02\/foot_bandeau-263.jpg'><img loading=\"lazy\" decoding=\"async\" width=\"150\" height=\"122\" src=\"https:\/\/archives.regards.fr\/wp-content\/uploads\/2011\/02\/foot_bandeau-263-150x122.jpg\" class=\"attachment-thumbnail size-thumbnail\" alt=\"Les Etats g\u00e9n\u00e9reux du foot\" aria-describedby=\"gallery-1-14565\" \/><\/a>\n\t\t\t<\/div>\n\t\t\t\t<figcaption class='wp-caption-text gallery-caption' id='gallery-1-14565'>\n\t\t\t\tLes Etats g\u00e9n\u00e9reux du foot\n\t\t\t\t<\/figcaption><\/figure>\n\t\t<\/div>\n<\/p>\n","protected":false},"excerpt":{"rendered":"<p> En attendant de faire ses cartons et apr\u00e8s avoir re\u00e7u officiellement un tr\u00e8s bon \u00ab livre vert \u00bb sur les supporters (r\u00e9clamant une plus grande concertation entre les diff\u00e9rents partenaires, posture gu\u00e8re dans les moeurs gouvernementales actuelles), Rama Yade a parad\u00e9 lors des Etats g\u00e9n\u00e9raux du football qui se sont tenus, tout un symbole, \u00e0 l&#8217;Insep (Institut national du sport, de l&#8217;expertise et de la performance), dernier temple du service public du sport <\/p>\n","protected":false},"author":579,"featured_media":14564,"comment_status":"open","ping_status":"open","sticky":false,"template":"","format":"standard","meta":{"_themeisle_gutenberg_block_has_review":false,"footnotes":""},"categories":[141],"tags":[317],"class_list":["post-4640","post","type-post","status-publish","format-standard","has-post-thumbnail","hentry","category-archives-web","tag-sport"],"_links":{"self":[{"href":"https:\/\/archives.regards.fr\/index.php?rest_route=\/wp\/v2\/posts\/4640","targetHints":{"allow":["GET"]}}],"collection":[{"href":"https:\/\/archives.regards.fr\/index.php?rest_route=\/wp\/v2\/posts"}],"about":[{"href":"https:\/\/archives.regards.fr\/index.php?rest_route=\/wp\/v2\/types\/post"}],"author":[{"embeddable":true,"href":"https:\/\/archives.regards.fr\/index.php?rest_route=\/wp\/v2\/users\/579"}],"replies":[{"embeddable":true,"href":"https:\/\/archives.regards.fr\/index.php?rest_route=%2Fwp%2Fv2%2Fcomments&post=4640"}],"version-history":[{"count":0,"href":"https:\/\/archives.regards.fr\/index.php?rest_route=\/wp\/v2\/posts\/4640\/revisions"}],"wp:featuredmedia":[{"embeddable":true,"href":"https:\/\/archives.regards.fr\/index.php?rest_route=\/wp\/v2\/media\/14564"}],"wp:attachment":[{"href":"https:\/\/archives.regards.fr\/index.php?rest_route=%2Fwp%2Fv2%2Fmedia&parent=4640"}],"wp:term":[{"taxonomy":"category","embeddable":true,"href":"https:\/\/archives.regards.fr\/index.php?rest_route=%2Fwp%2Fv2%2Fcategories&post=4640"},{"taxonomy":"post_tag","embeddable":true,"href":"https:\/\/archives.regards.fr\/index.php?rest_route=%2Fwp%2Fv2%2Ftags&post=4640"}],"curies":[{"name":"wp","href":"https:\/\/api.w.org\/{rel}","templated":true}]}}