{"id":4637,"date":"2011-01-02T00:00:00","date_gmt":"2011-01-01T23:00:00","guid":{"rendered":"https:\/\/wp.muchomaas.com\/contre-modele-italien4637\/"},"modified":"2011-01-02T00:00:00","modified_gmt":"2011-01-01T23:00:00","slug":"contre-modele-italien4637","status":"publish","type":"post","link":"https:\/\/archives.regards.fr\/?p=4637","title":{"rendered":"Contre-mod\u00e8le italien"},"content":{"rendered":"<p class=\"post_excerpt\"> La rue a grond\u00e9, Sarkozy est en difficult\u00e9. La gauche n&#8217;a pas pour autant le vent en poupe <\/p>\n<p>. Cette situation est pr\u00e9occupante. Marine Le Pen monte en puissance. Elle ne c\u00e8de en rien, sur le fond, \u00e0 la virulence paternelle ? Sans aucun doute. Mais elle d\u00e9place suffisamment l&#8217;argumentaire frontiste pour que l&#8217;on se mette ouvertement, \u00e0 droite, \u00e0 sugg\u00e9rer son insertion dans un dispositif majoritaire. Ne tournons pas autour du pot. Une conjonction structurelle de toutes les droites, de l&#8217;extr\u00eame droite au centre-droit : ce qui se dessine est une \u00ab italianisation \u00bb de la vie politique fran\u00e7aise. Quand l&#8217;horizon est bouch\u00e9, sur les d\u00e9combres de la grande esp\u00e9rance sociale et de \u00ab l&#8217;Etat providence \u00bb, la voie d&#8217;une droite radicalis\u00e9e peut \u00eatre attractive. Elle est socialement, politiquement et moralement catastrophique.<\/p>\n<p>Cela ne l&#8217;emp\u00eache pas d&#8217;\u00eatre durable, alors m\u00eame que le flot des critiques s&#8217;\u00e9l\u00e8ve contre son exercice. Car, pour faire reculer le berlusconisme ou le sarkozysme, il ne suffit pas de rassembler les d\u00e9mocrates contre les h\u00e9ritiers du fascisme. Songeons s\u00e9rieusement aux erreurs de la gauche transalpine qui a choisi la voie du centre-gauche. Dans un premier temps, celle-ci r\u00e9ussit \u00e0 chasser Berlusconi mais, faute de r\u00e9sultats, elle a ouvert la porte \u00e0 son retour dans une forme encore plus arrogante, dangereuse et caricaturale. A l&#8217;arriv\u00e9e, ce fut donc la d\u00e9faite des coalitions du centre-gauche, une b\u00e9r\u00e9zina pour la gauche radicale et une incrustation de la droite dure dans le paysage italien. Face \u00e0 une droite qui flirte avec son extr\u00eame, la tentation du centre est grande. Quand l&#8217;espace d\u00e9mocratique se d\u00e9lite, le rassemblement r\u00e9publicain n&#8217;est-il pas le meilleur antidote ? \u00ab Tous contre le pire \u00bb : cette petite musique risque de grandir chez nous.<\/p>\n<p>Or cette solution, s\u00e9duisante de prime abord, est de trop courte vue. Si la gauche veut s&#8217;imposer, et durablement, elle doit s&#8217;attacher \u00e0 redonner des perspectives tangibles aux cat\u00e9gories populaires d\u00e9stabilis\u00e9es, du sens \u00e0 une lutte sociale qui a besoin de projet, des axes radicalement transformateurs \u00e0 une R\u00e9publique qui a perdu le sens du bien commun. Nous n&#8217;en sommes pas l\u00e0 aujourd&#8217;hui. Pourquoi ? Parce que la gauche critique n&#8217;arrive pas \u00e0 peser suffisamment. Divis\u00e9e, h\u00e9sitant entre le splendide isolement et la subordination \u00e0 une social-d\u00e9mocratie recentr\u00e9e, elle n&#8217;est pas encore en ordre de marche efficace. Rel\u00e8vera-t-elle le d\u00e9fi, notamment dans la perspective de 2012 ? Il le faut. Car face \u00e0 une droite recompos\u00e9e et radicalis\u00e9e, la r\u00e9ponse se situe bien \u00e0 gauche. Pas au centre. <\/p>\n<p>Cl\u00e9mentine Autain<\/p>\n","protected":false},"excerpt":{"rendered":"<p> La rue a grond\u00e9, Sarkozy est en difficult\u00e9. La gauche n&#8217;a pas pour autant le vent en poupe <\/p>\n","protected":false},"author":570,"featured_media":0,"comment_status":"open","ping_status":"open","sticky":false,"template":"","format":"standard","meta":{"_themeisle_gutenberg_block_has_review":false,"footnotes":""},"categories":[141],"tags":[328],"class_list":["post-4637","post","type-post","status-publish","format-standard","hentry","category-archives-web","tag-editorial"],"_links":{"self":[{"href":"https:\/\/archives.regards.fr\/index.php?rest_route=\/wp\/v2\/posts\/4637","targetHints":{"allow":["GET"]}}],"collection":[{"href":"https:\/\/archives.regards.fr\/index.php?rest_route=\/wp\/v2\/posts"}],"about":[{"href":"https:\/\/archives.regards.fr\/index.php?rest_route=\/wp\/v2\/types\/post"}],"author":[{"embeddable":true,"href":"https:\/\/archives.regards.fr\/index.php?rest_route=\/wp\/v2\/users\/570"}],"replies":[{"embeddable":true,"href":"https:\/\/archives.regards.fr\/index.php?rest_route=%2Fwp%2Fv2%2Fcomments&post=4637"}],"version-history":[{"count":0,"href":"https:\/\/archives.regards.fr\/index.php?rest_route=\/wp\/v2\/posts\/4637\/revisions"}],"wp:attachment":[{"href":"https:\/\/archives.regards.fr\/index.php?rest_route=%2Fwp%2Fv2%2Fmedia&parent=4637"}],"wp:term":[{"taxonomy":"category","embeddable":true,"href":"https:\/\/archives.regards.fr\/index.php?rest_route=%2Fwp%2Fv2%2Fcategories&post=4637"},{"taxonomy":"post_tag","embeddable":true,"href":"https:\/\/archives.regards.fr\/index.php?rest_route=%2Fwp%2Fv2%2Ftags&post=4637"}],"curies":[{"name":"wp","href":"https:\/\/api.w.org\/{rel}","templated":true}]}}