{"id":4633,"date":"2010-12-16T00:00:00","date_gmt":"2010-12-15T23:00:00","guid":{"rendered":"https:\/\/wp.muchomaas.com\/tous-a-la-manif4633\/"},"modified":"2010-12-16T00:00:00","modified_gmt":"2010-12-15T23:00:00","slug":"tous-a-la-manif4633","status":"publish","type":"post","link":"https:\/\/archives.regards.fr\/?p=4633","title":{"rendered":"Tous \u00e0 la manif&#8217;!"},"content":{"rendered":"<p>L&#8217;incroyable photo du transfert des cendres de Jean Jaur\u00e8s au Panth\u00e9on, le 23 novembre 1924, se trouve \u00e0 la page 101 du \u00ab beau livre \u00bb de Pierre-Louis Basse (journaliste \u00e0 Europe 1) et Carole Bitoun (historienne). Un corbillard de 25 m\u00e8tres port\u00e9 par soixante de ces mineurs de Carmaux que Jaur\u00e8s avait su d\u00e9fendre. On se croirait en Cor\u00e9e du Nord ! L&#8217;histoire de France vue \u00e0 travers ses manifestations de rues est un livre splendide qui montre les \u00e9volutions de cet art fran\u00e7ais qu&#8217;est la manifestation, et son lien ind\u00e9fectible avec la photographie. O\u00f9 l&#8217;on d\u00e9couvre que le geste du poing lev\u00e9 date de 1936. Mars 1945, de vieilles femmes manifestent devant l&#8217;H\u00f4tel de ville de Paris avec une pancarte : \u00ab<em> Nous voulons que nos maris mangent mieux pour qu&#8217;ils puissent travailler afin de finir la guerre rapidement <\/em>.\u00bb L\u00e0, Jean Marais et Simone Signoret manifestent contre l&#8217;invasion des films am\u00e9ricains sur les \u00e9crans fran\u00e7ais, en 1948 ! Cette \u00e9dition augment\u00e9e (la premi\u00e8re datait de 2005) couvre les \u00e9meutes en banlieue et les manifestations contre le CPE (et ce cri des \u00e9tudiants : \u00ab<em> Ils sont gardes, soyons mobiles <\/em> \u00bb). Dans ce dernier chapitre, Carole Bitoun d\u00e9crit les nouvelles formes de manifs (flashmob ou encore la ronde des obstin\u00e9s du regrett\u00e9 Denis Guedj). Et se termine par cette phrase mi-programmatique, mi-proph\u00e9tique : \u00ab<em> Il se pourrait bien que l&#8217;imagination soit l&#8217;avenir de la manifestation <\/em>. \u00bb OK, Carole.<\/p>\n<p><strong><em> L&#8217;histoire de France vue \u00e0 travers ses manifestations de rue, de la Commune \u00e0 nos jours <\/em> <\/strong>, de Pierre-Louis Basse et Carole Bitoun, \u00e9d. Hugo &#038; Cie, 319 p., 35 ?.<\/p>\n<p>Arnaud Viviant<\/p>\n","protected":false},"excerpt":{"rendered":"<p>L&#8217;incroyable photo du transfert des cendres de Jean Jaur\u00e8s au Panth\u00e9on, le 23 novembre 1924, se trouve \u00e0 la page 101 du \u00ab beau livre \u00bb de Pierre-Louis Basse (journaliste \u00e0 Europe 1) et Carole Bitoun (historienne). Un corbillard de 25 m\u00e8tres port\u00e9 par soixante de ces mineurs de Carmaux que Jaur\u00e8s avait su d\u00e9fendre. [&hellip;]<\/p>\n","protected":false},"author":1,"featured_media":0,"comment_status":"open","ping_status":"open","sticky":false,"template":"","format":"standard","meta":{"_themeisle_gutenberg_block_has_review":false,"footnotes":""},"categories":[13],"tags":[],"class_list":["post-4633","post","type-post","status-publish","format-standard","hentry","category-arnaud-viviant"],"_links":{"self":[{"href":"https:\/\/archives.regards.fr\/index.php?rest_route=\/wp\/v2\/posts\/4633","targetHints":{"allow":["GET"]}}],"collection":[{"href":"https:\/\/archives.regards.fr\/index.php?rest_route=\/wp\/v2\/posts"}],"about":[{"href":"https:\/\/archives.regards.fr\/index.php?rest_route=\/wp\/v2\/types\/post"}],"author":[{"embeddable":true,"href":"https:\/\/archives.regards.fr\/index.php?rest_route=\/wp\/v2\/users\/1"}],"replies":[{"embeddable":true,"href":"https:\/\/archives.regards.fr\/index.php?rest_route=%2Fwp%2Fv2%2Fcomments&post=4633"}],"version-history":[{"count":0,"href":"https:\/\/archives.regards.fr\/index.php?rest_route=\/wp\/v2\/posts\/4633\/revisions"}],"wp:attachment":[{"href":"https:\/\/archives.regards.fr\/index.php?rest_route=%2Fwp%2Fv2%2Fmedia&parent=4633"}],"wp:term":[{"taxonomy":"category","embeddable":true,"href":"https:\/\/archives.regards.fr\/index.php?rest_route=%2Fwp%2Fv2%2Fcategories&post=4633"},{"taxonomy":"post_tag","embeddable":true,"href":"https:\/\/archives.regards.fr\/index.php?rest_route=%2Fwp%2Fv2%2Ftags&post=4633"}],"curies":[{"name":"wp","href":"https:\/\/api.w.org\/{rel}","templated":true}]}}