{"id":4632,"date":"2010-12-17T00:00:00","date_gmt":"2010-12-16T23:00:00","guid":{"rendered":"https:\/\/wp.muchomaas.com\/avoir-60-ans-dans-jaures4632\/"},"modified":"2010-12-17T00:00:00","modified_gmt":"2010-12-16T23:00:00","slug":"avoir-60-ans-dans-jaures4632","status":"publish","type":"post","link":"https:\/\/archives.regards.fr\/?p=4632","title":{"rendered":"Avoir 60 ans dans Jaur\u00e8s"},"content":{"rendered":"<p>\u00ab<em> Je ne con\u00e7ois pas l&#8217;assurance vieillesse comme l&#8217;assurance des tout derniers jours. Ce n&#8217;est pas \u00e0 mon sens, le b\u00e2ton qui doit soutenir l&#8217;homme courb\u00e9, \u00e9puis\u00e9, et d\u00e9j\u00e0 guett\u00e9 par la mort. Elle doit intervenir \u00e0 un \u00e2ge o\u00f9 l&#8217;ouvrier, o\u00f9 l&#8217;homme, s&#8217;il n&#8217;est pas pr\u00e9matur\u00e9ment us\u00e9, doit pouvoir travailler encore. La retraite con\u00e7ue comme le brusque arr\u00eat total de l&#8217;activit\u00e9 humaine, me para\u00eet une chose horrible, \u00e0 la fois contraire aux int\u00e9r\u00eats \u00e9conomiques de la nation et \u00e0 la sant\u00e9 de l&#8217;individu. De la retraite ainsi comprise, meurent en France des milliers de fonctionnaires et de commer\u00e7ants. La v\u00e9rit\u00e9 est qu&#8217;il faut qu&#8217;\u00e0 l&#8217;heure o\u00f9 la force des travailleurs commence \u00e0 fl\u00e9chir, ils puissent se dire ceci : que s&#8217;ils sont, en effet, oblig\u00e9s de s&#8217;arr\u00eater tout \u00e0 fait, ils auront une retraite suffisante, ou que, s&#8217;ils ont seulement besoin de se m\u00e9nager, de prendre quelques jours ou quelques semaines de rel\u00e2che, afin de pas arriver \u00e0 l&#8217;\u00e9puisement, ils le pourront gr\u00e2ce \u00e0 leur retraite, sans s&#8217;infliger de trop dures privations. C&#8217;est dans cette pens\u00e9e que nous demandons que l&#8217;\u00e2ge de la retraite soit abaiss\u00e9 normalement \u00e0 60 ans, sauf \u00e0 \u00eatre abaiss\u00e9 davantage dans certaines industries, comme la verrerie, qui sont particuli\u00e8rement \u00e9puisantes <\/em>. \u00bb<\/p>\n<p>Extrait, donc, d&#8217;un article de Jaur\u00e8s, publi\u00e9 dans<em> La D\u00e9p\u00eache <\/em> le 16 juin 1911, et int\u00e9gralement reproduit en annexe de l&#8217;int\u00e9ressant essai que l&#8217;ancien r\u00e9dacteur en chef de<em> L&#8217;Huma <\/em> Charles Silvestre consacre au Jaur\u00e8s journaliste. Rappelons qu&#8217;\u00e0 cette \u00e9poque, l&#8217;esp\u00e9rance de vie d&#8217;un Fran\u00e7ais \u00e9tait de 50 ans et qu&#8217;elle est pass\u00e9e \u00e0 79 ans en un si\u00e8cle, en immense partie gr\u00e2ce \u00e0 la cr\u00e9ation de la S\u00e9curit\u00e9 sociale sous les, alors utopiques, instructions du Conseil national de la R\u00e9sistance&#8230;<\/p>\n<p>On apprend aussi, dans cet ouvrage, que Jaur\u00e8s n&#8217;a jamais cess\u00e9 d&#8217;\u00eatre journaliste, et boulimique, publiant parfois jusqu&#8217;\u00e0 trois articles par jour dans diff\u00e9rents organes, y compris lorsqu&#8217;il fut mandat\u00e9 par le peuple fran\u00e7ais pour le repr\u00e9senter \u00e0 la Chambre. Qu&#8217;il \u00e9crivit jusqu&#8217;\u00e0 la fin dans la plut\u00f4t centriste<em> D\u00e9p\u00eache <\/em>, autrement dit m\u00eame apr\u00e8s avoir fond\u00e9 en 1904<em> L&#8217;Humanit\u00e9 <\/em>, sans que cela ne pose de probl\u00e8me ni aux uns ni aux autres (aujourd&#8217;hui, pff, il n&#8217;y a plus gu\u00e8re qu&#8217;Alain Duhamel qu&#8217;on laisse encore \u00e9crire au<em> Point <\/em> et \u00e0<em> Lib\u00e9 <\/em>). Qu&#8217;il ne connaissait rien de la fabrication d&#8217;un journal. Qu&#8217;il ne se contenta pas d&#8217;\u00e9crire sur la politique, mais publia, toujours dans<em> La D\u00e9p\u00eache <\/em>, une s\u00e9rie de 87 articles sur la litt\u00e9rature, qu&#8217;il signait, non de son nom, mais d&#8217;un beau titre infiniment  technique et moderne : \u00ab le liseur \u00bb. Dat\u00e9 du 5 d\u00e9cembre 1895, soit quatre ans apr\u00e8s la mort du po\u00e8te, son article sur Rimbaud, lui aussi reproduit en annexe (pas int\u00e9gralement h\u00e9las !), est remarquable. Par exemple quand Jaur\u00e8s \u00e9crit superbement que Rimbaud \u00ab<em> a souvent cette sobre pl\u00e9nitude des sensations jeunes <\/em> \u00bb.<\/p>\n<p>Allez hop, une p&#8217;tite derni\u00e8re pour la route. Cette fois, c&#8217;est la fin d&#8217;un article publi\u00e9 dans<em> L&#8217;Huma <\/em> le 13 juillet 1904 : \u00ab<em> Ce qu&#8217;il suffit de retenir \u00e0 cette heure, c&#8217;est que le gouvernement, par son ministre du Commerce, M. Trouillot, a dit qu&#8217;il acceptait les dispositions essentielles de la loi : la retraite \u00e0 60 ans, la pension garantie \u00e0 360 francs, et c&#8217;est que le ministre des Finances a d\u00e9clar\u00e9 que la loi, ainsi formul\u00e9e, \u00e9tait financi\u00e8rement praticable, et que, sous sa responsabilit\u00e9 financi\u00e8re, il s&#8217;y ralliait. C&#8217;est un pas d\u00e9cisif vers la r\u00e9alisation <\/em>. \u00bb<\/p>\n<p>Arnaud Viviant<\/p>\n<p><strong><em> Jaur\u00e8s, la passion du journaliste <\/em> <\/strong>, de Charles Silvestre, \u00e9d. Le temps des cerises, 177 p., 12 ?.<\/p>\n","protected":false},"excerpt":{"rendered":"<p>\u00ab Je ne con\u00e7ois pas l&#8217;assurance vieillesse comme l&#8217;assurance des tout derniers jours. Ce n&#8217;est pas \u00e0 mon sens, le b\u00e2ton qui doit soutenir l&#8217;homme courb\u00e9, \u00e9puis\u00e9, et d\u00e9j\u00e0 guett\u00e9 par la mort. Elle doit intervenir \u00e0 un \u00e2ge o\u00f9 l&#8217;ouvrier, o\u00f9 l&#8217;homme, s&#8217;il n&#8217;est pas pr\u00e9matur\u00e9ment us\u00e9, doit pouvoir travailler encore. La retraite con\u00e7ue [&hellip;]<\/p>\n","protected":false},"author":1,"featured_media":0,"comment_status":"open","ping_status":"open","sticky":false,"template":"","format":"standard","meta":{"_themeisle_gutenberg_block_has_review":false,"footnotes":""},"categories":[13],"tags":[],"class_list":["post-4632","post","type-post","status-publish","format-standard","hentry","category-arnaud-viviant"],"_links":{"self":[{"href":"https:\/\/archives.regards.fr\/index.php?rest_route=\/wp\/v2\/posts\/4632","targetHints":{"allow":["GET"]}}],"collection":[{"href":"https:\/\/archives.regards.fr\/index.php?rest_route=\/wp\/v2\/posts"}],"about":[{"href":"https:\/\/archives.regards.fr\/index.php?rest_route=\/wp\/v2\/types\/post"}],"author":[{"embeddable":true,"href":"https:\/\/archives.regards.fr\/index.php?rest_route=\/wp\/v2\/users\/1"}],"replies":[{"embeddable":true,"href":"https:\/\/archives.regards.fr\/index.php?rest_route=%2Fwp%2Fv2%2Fcomments&post=4632"}],"version-history":[{"count":0,"href":"https:\/\/archives.regards.fr\/index.php?rest_route=\/wp\/v2\/posts\/4632\/revisions"}],"wp:attachment":[{"href":"https:\/\/archives.regards.fr\/index.php?rest_route=%2Fwp%2Fv2%2Fmedia&parent=4632"}],"wp:term":[{"taxonomy":"category","embeddable":true,"href":"https:\/\/archives.regards.fr\/index.php?rest_route=%2Fwp%2Fv2%2Fcategories&post=4632"},{"taxonomy":"post_tag","embeddable":true,"href":"https:\/\/archives.regards.fr\/index.php?rest_route=%2Fwp%2Fv2%2Ftags&post=4632"}],"curies":[{"name":"wp","href":"https:\/\/api.w.org\/{rel}","templated":true}]}}