{"id":4629,"date":"2010-12-16T00:00:00","date_gmt":"2010-12-15T23:00:00","guid":{"rendered":"https:\/\/wp.muchomaas.com\/la-crise-arme-de-destruction4629\/"},"modified":"2023-06-23T23:07:48","modified_gmt":"2023-06-23T21:07:48","slug":"la-crise-arme-de-destruction4629","status":"publish","type":"post","link":"https:\/\/archives.regards.fr\/?p=4629","title":{"rendered":"La crise, arme de destruction massive"},"content":{"rendered":"<p class=\"post_excerpt\"> Une \u00e9tude men\u00e9e par le chercheur Laurent Davezies d\u00e9montre, chiffres et cartes \u00e0 l&#8217;appui, les cons\u00e9quences  catastrophiques de la crise sur le tissu industriel de plusieurs r\u00e9gions fran\u00e7aises <\/p>\n<p>De quoi cette crise \u00e9conomique est-elle le nom ? Qui sont les perdants ? Quels territoires souffrent particuli\u00e8rement ? Pour r\u00e9pondre \u00e0 ces vastes questions, il est parfois n\u00e9cessaire de se plonger dans les s\u00e9ries chiffres et les indicateurs \u00e9conomiques (trop souvent \u00e9pars), avant de pouvoir ensuite trier, analyser et conclure. C&#8217;est \u00e0 cet exercice minutieux que s&#8217;est pr\u00eat\u00e9, durant plus d&#8217;un an, le chercheur Laurent Davezies (Institut d&#8217;urbanisme de Paris, Sciences-Po), sp\u00e9cialis\u00e9 notamment dans le d\u00e9veloppement \u00e9conomique et territorial.<\/p>\n<p>Son immense travail, command\u00e9 par l&#8217;Assembl\u00e9e des communaut\u00e9s de France (AdCF), la Caisse des d\u00e9p\u00f4ts et son institut pour la recherche, a abouti \u00e0 l&#8217;\u00e9criture d&#8217;un rapport intitul\u00e9 sobrement \u00ab La crise et nos territoires : premiers impacts \u00bb (1). Un rapport pr\u00e9cieux accompagn\u00e9 de nombreux graphiques, cartes et tableaux, permettant aux lecteurs de pouvoir imm\u00e9diatement mesurer les cons\u00e9quences de la crise \u00e9conomique sur les diff\u00e9rentes territoires, populations et activit\u00e9s, en particulier pour l&#8217;industrie.<\/p>\n<p><strong> 352 000 emplois d\u00e9truits <\/strong> <\/p>\n<p>Car si l&#8217;impact sur l&#8217;emploi para\u00eet \u00ab doux \u00bb sur l&#8217;ann\u00e9e 2008, c&#8217;est seulement en moyenne : certains secteurs ont \u00e9t\u00e9 prot\u00e9g\u00e9s, d&#8217;autres surexpos\u00e9s au choc. En effet, pour une perte nette totale de l&#8217;ordre de 90 000 emplois salari\u00e9s priv\u00e9s entre d\u00e9cembre 2007 et 2008, les secteurs d&#8217;activit\u00e9 qui ont perdu de l&#8217;emploi enregistrent une perte nette totale de 352 000 salari\u00e9s priv\u00e9s, alors que les secteurs qui ont continu\u00e9 \u00e0 se d\u00e9velopper engrangent environ 260 000 cr\u00e9ations nettes.<\/p>\n<p>\u00ab<em> Les destructions massives dans les secteurs les plus affect\u00e9s sont d&#8217;un ordre tel qu&#8217;elles sugg\u00e8rent moins un choc passager qu&#8217;un \u00abajustement structurel\u00bb durable <\/em> \u00bb, annonce Laurent Davezies dans l&#8217;introduction de son \u00e9tude. Concr\u00e8tement, sur la seule ann\u00e9e 2008, on enregistre une perte de 10 % des emplois dans le secteur de la fabrication des \u00ab v\u00eatements de dessus \u00bb, de 15 % dans celui des \u00e9quipements \u00e9lectriques automobiles&#8230; Dans les secteurs qui ont \u00e9t\u00e9 cr\u00e9ateurs d&#8217;emploi, on trouve la \u00ab recherche &#8211; d\u00e9veloppement &#8211; scientifique \u00bb (+ 5 %), les activit\u00e9s m\u00e9dico-sociales (+ 5 %), mais \u00e9galement les activit\u00e9s de production d&#8217;\u00e9nergie, de traitement des d\u00e9chets et de d\u00e9pollution&#8230; et, paradoxe, le secteur \u00ab finance et assurance \u00bb (+ 0,5 %).<\/p>\n<p><strong> D\u00e9clin industriel? <\/strong><\/p>\n<p>Pour de nombreux analystes, la crise n&#8217;aurait \u00e9t\u00e9 qu&#8217;un acc\u00e9l\u00e9rateur d&#8217;un d\u00e9clin plus profond de l&#8217;emploi manufacturier fran\u00e7ais. Ainsi, en septembre, l&#8217;observatoire du \u00ab fabriqu\u00e9 en France \u00bb du minist\u00e8re de l&#8217;Industrie, r\u00e9v\u00e9lait que la valeur de la production revenant aux acteurs fran\u00e7ais des fili\u00e8res est pass\u00e9e en dix ans (1999-2009) de 75 % \u00e0 69 %.<\/p>\n<p>Par la suite, l&#8217;ann\u00e9e 2009 voit une accentuation des effets de la crise sur l&#8217;emploi avec une perte totale, entre le troisi\u00e8me trimestre 2008 et le troisi\u00e8me trimestre 2009, de l&#8217;ordre de 370 000 emplois, selon une structure sectorielle comparable, en plus accentu\u00e9, \u00e0 celle de l&#8217;ann\u00e9e 2008. Bref, en moins de deux ans, c&#8217;est pr\u00e8s de 700 000 emplois qui se sont envol\u00e9s en fum\u00e9e ! Et Laurent Davezies de pr\u00e9venir : \u00ab<em> un certain nombre d&#8217;\u00e9l\u00e9ments sugg\u00e8rent que l&#8217;impression de \u00absortie de crise\u00bb que l&#8217;ont pouvait avoir \u00e0 l&#8217;automne 2009 doit \u00eatre temp\u00e9r\u00e9e <\/em> \u00bb.<\/p>\n<p><strong> Territoires et m\u00e9tropoles <\/strong><\/p>\n<p>Mais les le\u00e7ons les plus importantes \u00e0 tirer de ces premi\u00e8res donn\u00e9es recueillies concernent les diff\u00e9rences criantes entre les territoires. Alors que lors des crises pr\u00e9c\u00e9dentes (1993, 1984), les m\u00e9tropoles (Paris, Londres, New York, Tokyo&#8230;) en avaient eu \u00e0 subir le plus de d\u00e9sagr\u00e9ments, aujourd&#8217;hui, ce sont les autres territoires qui en sont les premi\u00e8res victimes. \u00ab<em> L&#8217;Ile-de-France, qui jusqu&#8217;alors amplifiait les retournements conjoncturels, semble d\u00e9sormais mieux les amortir <\/em> \u00bb, souligne Laurent Davezies. Un rare point positif&#8230;<\/p>\n<p>Car en r\u00e9gions, et notamment dans la partie nord du pays, \u00ab<em> la crise a \u00e9t\u00e9 une vraie pr\u00e9datrice en s&#8217;attaquant aux plus faibles <\/em>, constate finalement le chercheur.<em> D&#8217;autant que, on l&#8217;a v\u00e9rifi\u00e9 sur les d\u00e9cennies pass\u00e9es, les pertes d&#8217;activit\u00e9s industrielles, acc\u00e9l\u00e9r\u00e9es lors des r\u00e9cessions, sont des pertes d\u00e9finitives. Ce qui est perdu n&#8217;est jamais retrouv\u00e9 <\/em>. \u00bb Les territoires les plus p\u00e9nalis\u00e9s par la mont\u00e9e du ch\u00f4mage sont g\u00e9n\u00e9ralement ceux qui ont les plus fortes sp\u00e9cialisations dans les emplois d&#8217;ouvriers, qualifi\u00e9s ou non, alors que ceux qui s&#8217;en sortent le mieux (avec une variation moins forte du taux de ch\u00f4mage qu&#8217;au niveau national), sont plut\u00f4t de grandes villes dot\u00e9es d&#8217;actifs qualifi\u00e9s (ing\u00e9nieurs, cadres, techniciens&#8230;).<\/p>\n<p><strong> Le choc de l&#8217;hiver 2008-2009 <\/strong> <\/p>\n<p>Certes, les taux de ch\u00f4mage n&#8217;atteignent pas encore les sommets du d\u00e9but des ann\u00e9es 1990, mais la brutalit\u00e9 de la crise s&#8217;est particuli\u00e8rement ressentie durant l&#8217;hiver 2008-2009 : \u00e0 cette p\u00e9riode, on y observe la plus forte progression trimestrielle du taux de ch\u00f4mage depuis 1982 ! Sont frapp\u00e9s en priorit\u00e9 les hommes (+ 22 %) plut\u00f4t que les femmes (+ 9 %), et les moins de 25 ans (+ 23 %) plut\u00f4t que les 25-49 ans (+ 14 %) ou les plus de 50 ans (+ 13 %).<\/p>\n<p>Au coeur de cet hiver, ce sont les r\u00e9gions tr\u00e8s industrieuses de l&#8217;Est qui ont le plus souffert : Rh\u00f4ne-Alpes, Franche-Comt\u00e9 et Alsace, alors que sur une p\u00e9riode plus large, la variation semble bien plus \u00e9tal\u00e9e, relativement moins forte sur l&#8217;Alsace et Rh\u00f4ne-Alpes et relativement plus sur la Bretagne et les Pays de la Loire. De leur c\u00f4t\u00e9, les cinq r\u00e9gions du sud sont largement \u00e9pargn\u00e9es, l&#8217;Ile-de-France \u00e9galement, et le Nord-Pas-de-Calais. En mai, une note de l&#8217;Insee expliquait ainsi que \u00ab<em> les r\u00e9gions dans lesquelles l&#8217;emploi a \u00e9t\u00e9 le plus pr\u00e9serv\u00e9 sont toutes  sp\u00e9cialis\u00e9es dans les activit\u00e9s tertiaires <\/em> \u00bb.<\/p>\n<p><strong> Industriel et r\u00e9sidentiel <\/strong><\/p>\n<p>A l&#8217;\u00e9chelle des d\u00e9partements, certains, peu touch\u00e9s par le ch\u00f4mage avant la crise, l&#8217;ont \u00e9t\u00e9 de plein fouet cette fois-ci : notamment la Vend\u00e9e qui a vu son taux de ch\u00f4mage augmenter de 3,2 points entre le premier trimestre 2008 et le quatri\u00e8me trimestre 2009, passant de 5,2 % \u00e0 8,4 %. De m\u00eame l&#8217;Ain, le Jura et la Haute-Savoie ont particuli\u00e8rement \u00e9t\u00e9 touch\u00e9s par la crise. Les territoires les plus p\u00e9nalis\u00e9s sont finalement les bassins industriels de petite taille. C&#8217;est dans ces derniers que le choc industriel a \u00e9t\u00e9 le plus violent.<\/p>\n<p>Car sinon, sur cette p\u00e9riode, l&#8217;augmentation du taux de ch\u00f4mage (de 29 % en moyenne) est extr\u00eamement diff\u00e9rente selon les zones d&#8217;emploi. On passe de moins de 10 % de hausse au sud, jusqu&#8217;\u00e0 plus de 60 % dans certains zones d&#8217;emploi industrieuses (voir carte page 43). L&#8217;Ile-de-France est prot\u00e9g\u00e9e avec une variation de seulement 19 %, comme la plupart des grandes villes fran\u00e7aises, \u00e0 l&#8217;exception de Lyon (+ 33 %), Rennes (+ 37 %) et Nantes (+ 29 %).<\/p>\n<p>Globalement, les territoires o\u00f9 le moteur du d\u00e9veloppement \u00e9conomique est r\u00e9sidentiel et non industriel souffrent moins, attirant de plus en plus de retrait\u00e9s (avec leurs revenus), de touristes mais aussi d&#8217;actifs, d\u00e9veloppant des activit\u00e9s largement prot\u00e9g\u00e9es de la concurrence internationale. A l&#8217;exception notable des territoires qui accueillent des salari\u00e9s effectuant jusqu&#8217;\u00e0 pr\u00e9sent des navettes pour travailler (pour eux, en moyenne une augmentation du ch\u00f4mage de 41 %).<\/p>\n<p><strong> Une crise ambigu\u00eb <\/strong><\/p>\n<p>Finalement, pour Laurent Davezies, les effets mesur\u00e9s de la crise \u00e9conomique depuis 2008 sont ambigus : \u00ab<em> D&#8217;un c\u00f4t\u00e9, on a beaucoup dit, et on peut montrer, qu&#8217;il s&#8217;agit d&#8217;une sorte de \u00abgrande crise centennale\u00bb qui appara\u00eet comparable, dans ses moteurs et sa violence, \u00e0 ce que l&#8217;on a connu dans les ann\u00e9es 1930. D&#8217;un autre, dans beaucoup de domaines, on entend, et on peut v\u00e9rifier quand les donn\u00e9es sont disponibles, que le choc n&#8217;a pas \u00e9t\u00e9 si important et, \u00e0 certains \u00e9gards, moins violent que celui de 1993 <\/em>. \u00bb<\/p>\n<p>Ainsi, si l&#8217;on en croit P\u00f4le Emploi, en octobre 2009, le choc de la crise n&#8217;aurait pas eu l&#8217;effet sur l&#8217;emploi priv\u00e9 fran\u00e7ais qu&#8217;avait eu la crise de 1993. N\u00e9anmoins, si la r\u00e9cession de 1993 a eu un effet brutal sur l&#8217;emploi salari\u00e9 priv\u00e9, les cr\u00e9ations nettes d&#8217;emplois publics avaient alors constitu\u00e9 un puissant amortisseur (de l&#8217;ordre de 25 % des pertes). Il n&#8217;est pas s\u00fbr qu&#8217;un tel amortisseur soit aujourd&#8217;hui \u00e0 l&#8217;oeuvre, dans le contexte actuel d&#8217;ajustement du secteur public. Et, comme le rappelle Laurent Davezies, cette \u00e9tude n&#8217;est qu&#8217;un \u00ab<em> rapport d&#8217;\u00e9tape <\/em> \u00bb. Car depuis le printemps 2010, on sait que l&#8217;Ile-de-France aurait connu une destruction d&#8217;emplois en fin 2009 plus forte qu&#8217;en province&#8230;<\/p>\n<p>Marc Endeweld<\/p>\n<p>[[(1) Rapport de Laurent Davezies, Collection Les notes territoriales de l&#8217;AdCF, octobre 2010. Consultable sur :<br \/>\n]]www.adcf.org\/files\/ADCF-etude-crise-20101105.pdf<div id='gallery-1' class='gallery galleryid-4629 gallery-columns-3 gallery-size-thumbnail'><figure class='gallery-item'>\n\t\t\t<div class='gallery-icon landscape'>\n\t\t\t\t<a href='https:\/\/archives.regards.fr\/wp-content\/uploads\/2011\/02\/usine_crop-699.jpg'><img loading=\"lazy\" decoding=\"async\" width=\"80\" height=\"55\" src=\"https:\/\/archives.regards.fr\/wp-content\/uploads\/2011\/02\/usine_crop-699.jpg\" class=\"attachment-thumbnail size-thumbnail\" alt=\"La crise, arme de destruction massive\" aria-describedby=\"gallery-1-14549\" \/><\/a>\n\t\t\t<\/div>\n\t\t\t\t<figcaption class='wp-caption-text gallery-caption' id='gallery-1-14549'>\n\t\t\t\tLa crise, arme de destruction massive\n\t\t\t\t<\/figcaption><\/figure>\n\t\t<\/div>\n<\/p>\n","protected":false},"excerpt":{"rendered":"<p> Une \u00e9tude men\u00e9e par le chercheur Laurent Davezies d\u00e9montre, chiffres et cartes \u00e0 l&#8217;appui, les cons\u00e9quences  catastrophiques de la crise sur le tissu industriel de plusieurs r\u00e9gions fran\u00e7aises <\/p>\n","protected":false},"author":1,"featured_media":14549,"comment_status":"open","ping_status":"open","sticky":false,"template":"","format":"standard","meta":{"_themeisle_gutenberg_block_has_review":false,"footnotes":""},"categories":[141],"tags":[304],"class_list":["post-4629","post","type-post","status-publish","format-standard","has-post-thumbnail","hentry","category-archives-web","tag-travail"],"_links":{"self":[{"href":"https:\/\/archives.regards.fr\/index.php?rest_route=\/wp\/v2\/posts\/4629","targetHints":{"allow":["GET"]}}],"collection":[{"href":"https:\/\/archives.regards.fr\/index.php?rest_route=\/wp\/v2\/posts"}],"about":[{"href":"https:\/\/archives.regards.fr\/index.php?rest_route=\/wp\/v2\/types\/post"}],"author":[{"embeddable":true,"href":"https:\/\/archives.regards.fr\/index.php?rest_route=\/wp\/v2\/users\/1"}],"replies":[{"embeddable":true,"href":"https:\/\/archives.regards.fr\/index.php?rest_route=%2Fwp%2Fv2%2Fcomments&post=4629"}],"version-history":[{"count":0,"href":"https:\/\/archives.regards.fr\/index.php?rest_route=\/wp\/v2\/posts\/4629\/revisions"}],"wp:featuredmedia":[{"embeddable":true,"href":"https:\/\/archives.regards.fr\/index.php?rest_route=\/wp\/v2\/media\/14549"}],"wp:attachment":[{"href":"https:\/\/archives.regards.fr\/index.php?rest_route=%2Fwp%2Fv2%2Fmedia&parent=4629"}],"wp:term":[{"taxonomy":"category","embeddable":true,"href":"https:\/\/archives.regards.fr\/index.php?rest_route=%2Fwp%2Fv2%2Fcategories&post=4629"},{"taxonomy":"post_tag","embeddable":true,"href":"https:\/\/archives.regards.fr\/index.php?rest_route=%2Fwp%2Fv2%2Ftags&post=4629"}],"curies":[{"name":"wp","href":"https:\/\/api.w.org\/{rel}","templated":true}]}}