{"id":4621,"date":"2010-12-13T00:00:00","date_gmt":"2010-12-12T23:00:00","guid":{"rendered":"https:\/\/wp.muchomaas.com\/la-lutte-c-est-classe4621\/"},"modified":"2023-06-23T23:07:46","modified_gmt":"2023-06-23T21:07:46","slug":"la-lutte-c-est-classe4621","status":"publish","type":"post","link":"https:\/\/archives.regards.fr\/?p=4621","title":{"rendered":"La lutte c&#8217;est classe"},"content":{"rendered":"<p>Les manifestations contre la r\u00e9forme des retraites ont provoqu\u00e9 une belle \u00e9nergie cr\u00e9ative : autocollants \u00ab Je lutte des classe \u00bb du collectif Ne pas plier distribu\u00e9s par dizaine de milliers, billets de 500 euros d\u00e9tourn\u00e9s par le NPA, autocollant \u00ab Insurg\u00e9-e \u00bb mais aussi cr\u00e9ations individuelles. L&#8217;universit\u00e9 populaire de Saint-Denis, Dionyversit\u00e9, offre un cycle de conf\u00e9rences autour des signes qui s&#8217;invitent sur les murs : affiches, pochoirs, graphs, autocollants&#8230;<\/p>\n<p>\u00ab Mauvaise herbe des panneaux, du mobilier urbain \u00bb, ces signes sont les animateurs des conflits sociaux et des  manifestations. Le 7 d\u00e9cembre, il s&#8217;agissait de s&#8217;interroger sur les diff\u00e9rences entre le graphisme militant, la publicit\u00e9 et la propagande. Le 14, une pr\u00e9sentation sous la forme d&#8217;un diaporama d&#8217;affiches anti-franquistes durant la guerre d&#8217;Espagne. Fin du cycle le 21 d\u00e9cembre avec une conf\u00e9rence intitul\u00e9e \u00ab La lutte des signes, un si\u00e8cle d&#8217;autocollants politiques fran\u00e7ais \u00bb.<\/p>\n<p>R\u00e9mi Douat<\/p>\n<p><strong> Les 7, 14 et 21 d\u00e9cembre, \u00e0 19 h, \u00e0 la bourse du travail de Saint-Denis, m\u00e9tro Porte de Paris <\/strong>.<div id='gallery-1' class='gallery galleryid-4621 gallery-columns-3 gallery-size-thumbnail'><figure class='gallery-item'>\n\t\t\t<div class='gallery-icon landscape'>\n\t\t\t\t<a href='https:\/\/archives.regards.fr\/wp-content\/uploads\/2011\/03\/lutte-aac.jpg'><img loading=\"lazy\" decoding=\"async\" width=\"150\" height=\"150\" src=\"https:\/\/archives.regards.fr\/wp-content\/uploads\/2011\/03\/lutte-aac-150x150.jpg\" class=\"attachment-thumbnail size-thumbnail\" alt=\"lutte.jpg\" \/><\/a>\n\t\t\t<\/div><\/figure><figure class='gallery-item'>\n\t\t\t<div class='gallery-icon landscape'>\n\t\t\t\t<a href='https:\/\/archives.regards.fr\/wp-content\/uploads\/2011\/03\/lutte_bandeau-a44.jpg'><img loading=\"lazy\" decoding=\"async\" width=\"150\" height=\"122\" src=\"https:\/\/archives.regards.fr\/wp-content\/uploads\/2011\/03\/lutte_bandeau-a44-150x122.jpg\" class=\"attachment-thumbnail size-thumbnail\" alt=\"La lutte c&#039;est classe\" aria-describedby=\"gallery-1-14529\" \/><\/a>\n\t\t\t<\/div>\n\t\t\t\t<figcaption class='wp-caption-text gallery-caption' id='gallery-1-14529'>\n\t\t\t\tLa lutte c&#8217;est classe\n\t\t\t\t<\/figcaption><\/figure>\n\t\t<\/div>\n<\/p>\n","protected":false},"excerpt":{"rendered":"<p>Les manifestations contre la r\u00e9forme des retraites ont provoqu\u00e9 une belle \u00e9nergie cr\u00e9ative : autocollants \u00ab Je lutte des classe \u00bb du collectif Ne pas plier distribu\u00e9s par dizaine de milliers, billets de 500 euros d\u00e9tourn\u00e9s par le NPA, autocollant \u00ab Insurg\u00e9-e \u00bb mais aussi cr\u00e9ations individuelles. L&#8217;universit\u00e9 populaire de Saint-Denis, Dionyversit\u00e9, offre un cycle [&hellip;]<\/p>\n","protected":false},"author":569,"featured_media":14528,"comment_status":"open","ping_status":"open","sticky":false,"template":"","format":"standard","meta":{"_themeisle_gutenberg_block_has_review":false,"footnotes":""},"categories":[141],"tags":[311],"class_list":["post-4621","post","type-post","status-publish","format-standard","has-post-thumbnail","hentry","category-archives-web","tag-mouvement-social"],"_links":{"self":[{"href":"https:\/\/archives.regards.fr\/index.php?rest_route=\/wp\/v2\/posts\/4621","targetHints":{"allow":["GET"]}}],"collection":[{"href":"https:\/\/archives.regards.fr\/index.php?rest_route=\/wp\/v2\/posts"}],"about":[{"href":"https:\/\/archives.regards.fr\/index.php?rest_route=\/wp\/v2\/types\/post"}],"author":[{"embeddable":true,"href":"https:\/\/archives.regards.fr\/index.php?rest_route=\/wp\/v2\/users\/569"}],"replies":[{"embeddable":true,"href":"https:\/\/archives.regards.fr\/index.php?rest_route=%2Fwp%2Fv2%2Fcomments&post=4621"}],"version-history":[{"count":0,"href":"https:\/\/archives.regards.fr\/index.php?rest_route=\/wp\/v2\/posts\/4621\/revisions"}],"wp:featuredmedia":[{"embeddable":true,"href":"https:\/\/archives.regards.fr\/index.php?rest_route=\/wp\/v2\/media\/14528"}],"wp:attachment":[{"href":"https:\/\/archives.regards.fr\/index.php?rest_route=%2Fwp%2Fv2%2Fmedia&parent=4621"}],"wp:term":[{"taxonomy":"category","embeddable":true,"href":"https:\/\/archives.regards.fr\/index.php?rest_route=%2Fwp%2Fv2%2Fcategories&post=4621"},{"taxonomy":"post_tag","embeddable":true,"href":"https:\/\/archives.regards.fr\/index.php?rest_route=%2Fwp%2Fv2%2Ftags&post=4621"}],"curies":[{"name":"wp","href":"https:\/\/api.w.org\/{rel}","templated":true}]}}