{"id":4605,"date":"2010-11-29T00:00:00","date_gmt":"2010-11-28T23:00:00","guid":{"rendered":"https:\/\/wp.muchomaas.com\/chercher-l-issue4605\/"},"modified":"2010-11-29T00:00:00","modified_gmt":"2010-11-28T23:00:00","slug":"chercher-l-issue4605","status":"publish","type":"post","link":"https:\/\/archives.regards.fr\/?p=4605","title":{"rendered":"Chercher l&#8217;issue"},"content":{"rendered":"<p class=\"post_excerpt\"><em> Regards <\/em> serait ravi, ne serait-ce que l&#8217;espace d&#8217;un num\u00e9ro, de parler d&#8217;un monde qui tourne \u00e0 l&#8217;endroit <\/p>\n<p>. L&#8217;actualit\u00e9 ne nous en laisse pas la possibilit\u00e9. Le mouvement sur les retraites a laiss\u00e9 un go\u00fbt amer de d\u00e9ni de d\u00e9mocratie. Il ne faut pas gratter longtemps pour trouver l&#8217;exasp\u00e9ration et le sentiment de ne pas \u00eatre entendu. Les jeunes des quartiers populaires nous paraissaient le mieux incarner cette frustration. Nous sommes retourn\u00e9s \u00e0 Nanterre, une fois la folie m\u00e9diatique apais\u00e9e, rencontrer des jeunes qui se sont revendiqu\u00e9s \u00ab casseurs \u00bb. \u00ab<em> On ne casse pas pour rien <\/em> \u00bb, nous ont-ils dit en substance, rompant ainsi avec le mythe d&#8217;une jeunesse populaire politiquement d\u00e9sarticul\u00e9e (voir p. 36 du mensuel). <\/p>\n<p>Changement de d\u00e9cor, \u00e0 l&#8217;h\u00f4pital de Roubaix, o\u00f9 nous sommes all\u00e9s en reportage. Des professionnelles de sant\u00e9 nous ont fait part de leur immense difficult\u00e9 \u00e0 travailler dans un environnement emprunt des logiques lib\u00e9rales de management (p. 46). D&#8217;un point de vue plus macro, nous rendons compte d&#8217;une \u00e9tude d\u00e9montrant, carte \u00e0 l&#8217;appui, les cons\u00e9quences catastrophiques de la crise sur l&#8217;emploi (p. 42). L&#8217;heure de la rigueur a sonn\u00e9, nous explique-t-on matin, midi et soir : point de salut sans des budgets publics au r\u00e9gime sec et des salaires en berne. N&#8217;y a-t-il plus rien \u00e0 partager ? Nous avons voulu regarder du c\u00f4t\u00e9 des riches. Comment vont-ils par temps de crise ? Bien, merci&#8230; La France, n&#8217;est plus seulement le pays du fromage mais aussi celui des millionnaires. Qui l&#8217;e\u00fbt cru, alors que nous traversons une p\u00e9riode noire sur le plan social et \u00e9conomique, la France se hisse au troisi\u00e8me rang mondial des pays h\u00e9bergeant le plus de millionnaires. Plus que la question un peu provoc&#8217;, mais au fond bien s\u00e9rieuse, \u00ab avons-nous besoin des riches ? \u00bb nous nous demandons : \u00ab que faire d&#8217;eux ? \u00bb Quatre \u00e9conomistes nous livrent des pistes et donnent, au-del\u00e0 de la lamentation, de v\u00e9ritables id\u00e9es pour mieux distribuer les richesses (p.18). <\/p>\n<p>Il est plus que temps de se tourner vers les solutions alternativesaux recettes n\u00e9olib\u00e9rales. Les orientations  \u00e9conomiques de l&#8217;Union europ\u00e9enne comme la politique du FMI ont montr\u00e9 l&#8217;impasse qu&#8217;elles construisent pour les peuples. Apr\u00e8s les Grecs et les Portugais, les Irlandais en savent quelque chose. Engraisser les banques, laisser faire la sp\u00e9culation et casser les outils publics de solidarit\u00e9 ne m\u00e8nent \u00e0 rien de bon. Si le plus grand nombre ne s&#8217;y retrouve pas, une autre issue doit \u00eatre possible. Nous la cherchons. <\/p>\n<p>Cl\u00e9mentine Autain et R\u00e9mi Douat<\/p>\n","protected":false},"excerpt":{"rendered":"<p><em> Regards <\/em> serait ravi, ne serait-ce que l&#8217;espace d&#8217;un num\u00e9ro, de parler d&#8217;un monde qui tourne \u00e0 l&#8217;endroit <\/p>\n","protected":false},"author":569,"featured_media":0,"comment_status":"open","ping_status":"open","sticky":false,"template":"","format":"standard","meta":{"_themeisle_gutenberg_block_has_review":false,"footnotes":""},"categories":[141],"tags":[328],"class_list":["post-4605","post","type-post","status-publish","format-standard","hentry","category-archives-web","tag-editorial"],"_links":{"self":[{"href":"https:\/\/archives.regards.fr\/index.php?rest_route=\/wp\/v2\/posts\/4605","targetHints":{"allow":["GET"]}}],"collection":[{"href":"https:\/\/archives.regards.fr\/index.php?rest_route=\/wp\/v2\/posts"}],"about":[{"href":"https:\/\/archives.regards.fr\/index.php?rest_route=\/wp\/v2\/types\/post"}],"author":[{"embeddable":true,"href":"https:\/\/archives.regards.fr\/index.php?rest_route=\/wp\/v2\/users\/569"}],"replies":[{"embeddable":true,"href":"https:\/\/archives.regards.fr\/index.php?rest_route=%2Fwp%2Fv2%2Fcomments&post=4605"}],"version-history":[{"count":0,"href":"https:\/\/archives.regards.fr\/index.php?rest_route=\/wp\/v2\/posts\/4605\/revisions"}],"wp:attachment":[{"href":"https:\/\/archives.regards.fr\/index.php?rest_route=%2Fwp%2Fv2%2Fmedia&parent=4605"}],"wp:term":[{"taxonomy":"category","embeddable":true,"href":"https:\/\/archives.regards.fr\/index.php?rest_route=%2Fwp%2Fv2%2Fcategories&post=4605"},{"taxonomy":"post_tag","embeddable":true,"href":"https:\/\/archives.regards.fr\/index.php?rest_route=%2Fwp%2Fv2%2Ftags&post=4605"}],"curies":[{"name":"wp","href":"https:\/\/api.w.org\/{rel}","templated":true}]}}