{"id":4600,"date":"2010-11-22T00:00:00","date_gmt":"2010-11-21T23:00:00","guid":{"rendered":"https:\/\/wp.muchomaas.com\/contre-les-violences-faites-aux4600\/"},"modified":"2023-06-23T23:07:44","modified_gmt":"2023-06-23T21:07:44","slug":"contre-les-violences-faites-aux4600","status":"publish","type":"post","link":"https:\/\/archives.regards.fr\/?p=4600","title":{"rendered":"Contre les violences faites aux femmes"},"content":{"rendered":"<p class=\"post_excerpt\"> Le 25 novembre est la journ\u00e9e mondiale contre les violences faites aux femmes. Trois questions \u00e0 Natacha Henry, journaliste et f\u00e9ministe, qui a men\u00e9 une enqu\u00eate de plusieurs mois sur les violences conjugales <\/p>\n<p>.<\/p>\n<p><strong> Pourquoi cette enqu\u00eate maintenant <\/strong> ?<\/p>\n<p><strong><em> Natacha Henry <\/em> <\/strong>: J&#8217;entendais de plus en plus d&#8217;histoires de femmes victimes de violences de la part de leur copain, de leur ex, etc. Je savais l&#8217;ampleur du ph\u00e9nom\u00e8ne : une femme sur dix est concern\u00e9e au cours de sa vie. Or, beaucoup ne savent pas comment s&#8217;en sortir. Des lois existent et des foyers sont l\u00e0 pour les accueillir mais, souvent, les femmes ne le savent pas. Mon id\u00e9e, c&#8217;\u00e9tait de montrer qu&#8217;il existe des professionnels dans la police, la justice ou les h\u00f4pitaux, form\u00e9s aux diff\u00e9rentes \u00e9tapes de la sortie de violences et qu&#8217;il peut y avoir de la vie apr\u00e8s la peur, les coups et les menaces. Par ailleurs, il se trouve que la lutte contre les violences faites aux femmes a \u00e9t\u00e9 d\u00e9clar\u00e9e grande cause nationale en 2010 et que le 25 novembre, c&#8217;est la journ\u00e9e mondiale.<\/p>\n<p><strong><em> Frapper n&#8217;est pas aimer <\/em> est un titre qui met l&#8217;accent sur les coups plus que sur la maltraitance psychologique. Pourquoi <\/strong> ?<\/p>\n<p><strong><em> N.H <\/em> <\/strong>.: Parce que dans les foyers dans lesquels je me suis install\u00e9e pour l&#8217;enqu\u00eate, les femmes sont vraiment des survivantes de coups et blessures tr\u00e8s graves. Les violences psychologiques pr\u00e9c\u00e8dent l&#8217;acte de frapper, les deux sont li\u00e9s. J&#8217;ai vu les tympans \u00e9clat\u00e9s, les mains br\u00fbl\u00e9es, les traces de coups de couteau sur la joue&#8230; Ces femmes sont en danger de morts. Beaucoup parmi les hommes violents sont arm\u00e9s ou transforment des objets du quotidien en armes. Les traces de coups, les viols conjugaux et la maltraitance affective ont partie li\u00e9e.<\/p>\n<p><strong> Qu&#8217;est-ce qui vous a le plus marqu\u00e9 <\/strong> ?<\/p>\n<p><strong><em> N.H <\/em> <\/strong>.: L&#8217;importance des enfants qui sont t\u00e9moins. Ils sont entre deux et trois millions. Souvent, ils essaient de s&#8217;interposer. Ils ont peur, prennent eux aussi des coups. C&#8217;est pour cela qu&#8217;il faut arr\u00eater de parler d&#8217;amour qui tourne mal dans ces histoires : il s&#8217;agit d&#8217;hommes qui brisent la vie de leur compagne et de leurs enfants. Les femmes disent souvent rester pour les enfants. En r\u00e9alit\u00e9, c&#8217;est aussi pour eux qu&#8217;elle devrait partir.<\/p>\n<p>Propos recueillis par Cl\u00e9mentine Autain<div id='gallery-1' class='gallery galleryid-4600 gallery-columns-3 gallery-size-thumbnail'><figure class='gallery-item'>\n\t\t\t<div class='gallery-icon landscape'>\n\t\t\t\t<a href='https:\/\/archives.regards.fr\/wp-content\/uploads\/2011\/03\/violence_bandeau-f5b.jpg'><img loading=\"lazy\" decoding=\"async\" width=\"150\" height=\"122\" src=\"https:\/\/archives.regards.fr\/wp-content\/uploads\/2011\/03\/violence_bandeau-f5b-150x122.jpg\" class=\"attachment-thumbnail size-thumbnail\" alt=\"Contre les violences faites aux femmes\" aria-describedby=\"gallery-1-14510\" \/><\/a>\n\t\t\t<\/div>\n\t\t\t\t<figcaption class='wp-caption-text gallery-caption' id='gallery-1-14510'>\n\t\t\t\tContre les violences faites aux femmes\n\t\t\t\t<\/figcaption><\/figure>\n\t\t<\/div>\n<\/p>\n","protected":false},"excerpt":{"rendered":"<p> Le 25 novembre est la journ\u00e9e mondiale contre les violences faites aux femmes. Trois questions \u00e0 Natacha Henry, journaliste et f\u00e9ministe, qui a men\u00e9 une enqu\u00eate de plusieurs mois sur les violences conjugales <\/p>\n","protected":false},"author":570,"featured_media":14510,"comment_status":"open","ping_status":"open","sticky":false,"template":"","format":"standard","meta":{"_themeisle_gutenberg_block_has_review":false,"footnotes":""},"categories":[141],"tags":[306],"class_list":["post-4600","post","type-post","status-publish","format-standard","has-post-thumbnail","hentry","category-archives-web","tag-feminisme"],"_links":{"self":[{"href":"https:\/\/archives.regards.fr\/index.php?rest_route=\/wp\/v2\/posts\/4600","targetHints":{"allow":["GET"]}}],"collection":[{"href":"https:\/\/archives.regards.fr\/index.php?rest_route=\/wp\/v2\/posts"}],"about":[{"href":"https:\/\/archives.regards.fr\/index.php?rest_route=\/wp\/v2\/types\/post"}],"author":[{"embeddable":true,"href":"https:\/\/archives.regards.fr\/index.php?rest_route=\/wp\/v2\/users\/570"}],"replies":[{"embeddable":true,"href":"https:\/\/archives.regards.fr\/index.php?rest_route=%2Fwp%2Fv2%2Fcomments&post=4600"}],"version-history":[{"count":0,"href":"https:\/\/archives.regards.fr\/index.php?rest_route=\/wp\/v2\/posts\/4600\/revisions"}],"wp:featuredmedia":[{"embeddable":true,"href":"https:\/\/archives.regards.fr\/index.php?rest_route=\/wp\/v2\/media\/14510"}],"wp:attachment":[{"href":"https:\/\/archives.regards.fr\/index.php?rest_route=%2Fwp%2Fv2%2Fmedia&parent=4600"}],"wp:term":[{"taxonomy":"category","embeddable":true,"href":"https:\/\/archives.regards.fr\/index.php?rest_route=%2Fwp%2Fv2%2Fcategories&post=4600"},{"taxonomy":"post_tag","embeddable":true,"href":"https:\/\/archives.regards.fr\/index.php?rest_route=%2Fwp%2Fv2%2Ftags&post=4600"}],"curies":[{"name":"wp","href":"https:\/\/api.w.org\/{rel}","templated":true}]}}