{"id":4580,"date":"2010-11-08T00:00:00","date_gmt":"2010-11-07T23:00:00","guid":{"rendered":"https:\/\/wp.muchomaas.com\/radicalite-concrete4580\/"},"modified":"2010-11-08T00:00:00","modified_gmt":"2010-11-07T23:00:00","slug":"radicalite-concrete4580","status":"publish","type":"post","link":"https:\/\/archives.regards.fr\/?p=4580","title":{"rendered":"Radicalit\u00e9 concr\u00e8te"},"content":{"rendered":"<p>Le mouvement sur les retraites est une vraie moisson politique. De quoi a-t-on parl\u00e9 ? Du travail, de la r\u00e9partition des richesses, des temps de la vie. Des enjeux forts qui dessinent les contours d&#8217;un projet de transformation sociale, qui pourraient : devraient ? : \u00eatre au centre de la confrontation politique en vue de 2012. <\/p>\n<p>Au coeur de la contestation : l&#8217;insatisfaction d&#8217;une masse consid\u00e9rable de salari\u00e9s \u00e0 l&#8217;\u00e9gard de leur travail. Ce qui s&#8217;est exprim\u00e9 (voir p.32), ce n&#8217;est pas seulement la col\u00e8re de celles et ceux qui ont les m\u00e9tiers les plus p\u00e9nibles objectivement, les plus durs physiquement. Ouvriers du b\u00e2timent, caissi\u00e8res ou infirmi\u00e8res ont toutes les raisons de ne pas vouloir travailler plus. Mais si le mouvement a pris une telle ampleur, c&#8217;est bien le signe que de nombreux autres salari\u00e9s sont malheureux au travail, ont h\u00e2te d&#8217;en finir avec lui. Il faut exercer des m\u00e9tiers \u00e0 fortes satisfactions pour s&#8217;accommoder voire souhaiter que \u00e7a dure plus longtemps.<\/p>\n<p>Ce salariat triste et m\u00e9content, dont nous parle Fr\u00e9d\u00e9ric Lordon (p.84), ne veut tout simplement pas perdre sa vie \u00e0 la gagner. Et ce d&#8217;autant que le temps de la retraite n&#8217;est plus celui du retrait, de la non-activit\u00e9, conform\u00e9ment \u00e0 son sens \u00e9tymologique. C&#8217;est un temps que l&#8217;on souhaite mettre \u00e0 profit pour faire autre chose. Du temps pour soi, pour ses petits-enfants, pour la vie citoyenne, pour voyager, lire, cr\u00e9er, etc. Si les activit\u00e9s des retrait\u00e9s ne rentrent pas dans le PBI, elles n&#8217;en constituent pas moins une richesse pour la soci\u00e9t\u00e9. Une richesse qui a sa part de libert\u00e9, l\u00e0 o\u00f9 le travail salari\u00e9 contraint. Le d\u00e9bat s&#8217;est ouvert sur ce nouveau temps, ce troisi\u00e8me \u00e2ge o\u00f9 l&#8217;on peut esp\u00e9rer \u00eatre plus longtemps en bonne sant\u00e9, avec des activit\u00e9s que l&#8217;on se choisit. Encore faut-il que la retraite ne soit pas grignot\u00e9e par un allongement de l&#8217;\u00e2ge de d\u00e9part (l\u00e9gal ou r\u00e9el), ni rendu trop difficile par une diminution des pensions&#8230; Le PS et Europe Ecologie (voir p.16) ont tenu bon sur les 60 ans mais envisagent une augmentation de la dur\u00e9e de cotisation. Le compte y est-il ainsi \u00e0 gauche ?<\/p>\n<p>C&#8217;est l\u00e0 que l&#8217;enjeu du partage des richesses s&#8217;invite. Car pr\u00e9server et d\u00e9velopper ce temps, gr\u00e2ce \u00e0 l&#8217;allongement de la vie et aux gains de productivit\u00e9, suppose de penser autrement l&#8217;affectation des richesses produites. Au moment o\u00f9 les profits font \u00e0 nouveau le plein (voir p.27), il est devenu insupportable d&#8217;exiger des \u00ab efforts \u00bb du plus grand nombre. L&#8217;alternative doit \u00eatre porteuse de radicalit\u00e9 concr\u00e8te. <\/p>\n<p>Cl\u00e9mentine Autain<\/p>\n","protected":false},"excerpt":{"rendered":"<p>Le mouvement sur les retraites est une vraie moisson politique. De quoi a-t-on parl\u00e9 ? Du travail, de la r\u00e9partition des richesses, des temps de la vie. Des enjeux forts qui dessinent les contours d&#8217;un projet de transformation sociale, qui pourraient : devraient ? : \u00eatre au centre de la confrontation politique en vue de [&hellip;]<\/p>\n","protected":false},"author":570,"featured_media":0,"comment_status":"open","ping_status":"open","sticky":false,"template":"","format":"standard","meta":{"_themeisle_gutenberg_block_has_review":false,"footnotes":""},"categories":[141],"tags":[328],"class_list":["post-4580","post","type-post","status-publish","format-standard","hentry","category-archives-web","tag-editorial"],"_links":{"self":[{"href":"https:\/\/archives.regards.fr\/index.php?rest_route=\/wp\/v2\/posts\/4580","targetHints":{"allow":["GET"]}}],"collection":[{"href":"https:\/\/archives.regards.fr\/index.php?rest_route=\/wp\/v2\/posts"}],"about":[{"href":"https:\/\/archives.regards.fr\/index.php?rest_route=\/wp\/v2\/types\/post"}],"author":[{"embeddable":true,"href":"https:\/\/archives.regards.fr\/index.php?rest_route=\/wp\/v2\/users\/570"}],"replies":[{"embeddable":true,"href":"https:\/\/archives.regards.fr\/index.php?rest_route=%2Fwp%2Fv2%2Fcomments&post=4580"}],"version-history":[{"count":0,"href":"https:\/\/archives.regards.fr\/index.php?rest_route=\/wp\/v2\/posts\/4580\/revisions"}],"wp:attachment":[{"href":"https:\/\/archives.regards.fr\/index.php?rest_route=%2Fwp%2Fv2%2Fmedia&parent=4580"}],"wp:term":[{"taxonomy":"category","embeddable":true,"href":"https:\/\/archives.regards.fr\/index.php?rest_route=%2Fwp%2Fv2%2Fcategories&post=4580"},{"taxonomy":"post_tag","embeddable":true,"href":"https:\/\/archives.regards.fr\/index.php?rest_route=%2Fwp%2Fv2%2Ftags&post=4580"}],"curies":[{"name":"wp","href":"https:\/\/api.w.org\/{rel}","templated":true}]}}