{"id":4577,"date":"2010-11-07T00:00:00","date_gmt":"2010-11-06T23:00:00","guid":{"rendered":"https:\/\/wp.muchomaas.com\/europe-ecologie-3-a-gauche4577\/"},"modified":"2010-11-07T00:00:00","modified_gmt":"2010-11-06T23:00:00","slug":"europe-ecologie-3-a-gauche4577","status":"publish","type":"post","link":"https:\/\/archives.regards.fr\/?p=4577","title":{"rendered":"Europe ecologie (3) &#8211; A gauche?"},"content":{"rendered":"<p class=\"post_excerpt\"> A Lyon, les 13 et 14 novembre, se tiennent les Assises nationales du rassemblement des \u00e9cologistes, \u00e9tape finale du processus de fusion des Verts et d&#8217;Europe Ecologie. Ou va se situer, politiquement, la formation qui en sera issue? C&#8217;est la question que s&#8217;est pos\u00e9e<em> Regards <\/em> <\/p>\n<p>. <\/p>\n<p><strong> Point de vue <\/strong>.<\/p>\n<p>A Europe Ecologie comme ailleurs, il y a la lettre et l&#8217;esprit. La lettre, celle du manifeste de cr\u00e9ation du mouvement, ressemble \u00e0 un projet de transformation sociale et \u00e9cologique. Beaucoup de vert, mais plus proche du rose que du rouge. Car si l&#8217;affirmation des droits, la ma\u00eetrise publique de l&#8217;\u00e9nergie ou l&#8217;\u00e9loge de tous les \u00ab sans \u00bb traduit l&#8217;ancrage \u00e0 gauche, l&#8217;affrontement avec la logique du capital n&#8217;appara\u00eet qu&#8217;\u00e0 la marge. L&#8217;esprit, c&#8217;est plus au centre qu&#8217;on le trouve. A ce jour, la m\u00e9lodie des symboles et des actes tire la m\u00e9tamorphose du c\u00f4t\u00e9 de l&#8217;option d\u00e9mocrate et pas de l&#8217;alternative assum\u00e9e. <\/p>\n<p>L&#8217;impact de la gauche des Verts semble bien t\u00e9nu&#8230;<\/p>\n<p>Que l&#8217;une de ses figures embl\u00e9matiques et fondatrices, Daniel Cohn-Bendit, s&#8217;affirme clairement pour le capitalisme et l&#8217;\u00e9conomie de march\u00e9 a son importance. M\u00eame si le leader de 68 a suscit\u00e9 l&#8217;ire des Verts et d\u00fb renoncer \u00e0 inviter Rama Yade \u00e0 l&#8217;universit\u00e9 d&#8217;\u00e9t\u00e9 des \u00e9colos, Corinne Lepage (Cap21 et ex-Modem) partageait tranquillement une tribune avec C\u00e9cile Duflot. Cet \u00e9t\u00e9 \u00e0 Nantes, No\u00ebl Mam\u00e8re confirmait : \u00ab<em> Il n&#8217;y pas de ligne anticapitaliste. Nous sommes r\u00e9formistes <\/em>. \u00bb Et si C\u00e9cile Duflot a r\u00e9guli\u00e8rement particip\u00e9 aux meetings unitaires sur les retraites initi\u00e9s par Attac et la Fondation Copernic, Eva Joly n&#8217;a pas jug\u00e9 utile de faire ce genre de d\u00e9placement. A Europe Ecologie, on ne cache pas draguer plut\u00f4t l&#8217;\u00e9lecteur du Modem que celui du Front de Gauche. Dans une p\u00e9riode de rep\u00e8res id\u00e9ologiques incertains, le mouvement surfe sur l&#8217;ambigu\u00eft\u00e9, au lieu de travailler \u00e0 une reconstruction du parti pris critique. <\/p>\n<p>Certains font le pari que la dynamique et la modernit\u00e9 du mouvement conduiront \u00e0 la refonte d&#8217;un p\u00f4le novateur et radicalement transformateur. Qu&#8217;il soit permis d&#8217;en douter&#8230; La distance franche avec la tradition du mouvement ouvrier n&#8217;est pas neutre. Que l&#8217;appartenance \u00e0 gauche et la lutte contre la logique n\u00e9olib\u00e9rale ne soient plus centrales, ne l&#8217;est pas non plus.<\/p>\n<p>Cl\u00e9mentine Autain<\/p>\n","protected":false},"excerpt":{"rendered":"<p> A Lyon, les 13 et 14 novembre, se tiennent les Assises nationales du rassemblement des \u00e9cologistes, \u00e9tape finale du processus de fusion des Verts et d&#8217;Europe Ecologie. Ou va se situer, politiquement, la formation qui en sera issue? C&#8217;est la question que s&#8217;est pos\u00e9e<em> Regards <\/em> <\/p>\n","protected":false},"author":570,"featured_media":0,"comment_status":"open","ping_status":"open","sticky":false,"template":"","format":"standard","meta":{"_themeisle_gutenberg_block_has_review":false,"footnotes":""},"categories":[141],"tags":[295],"class_list":["post-4577","post","type-post","status-publish","format-standard","hentry","category-archives-web","tag-nupes"],"_links":{"self":[{"href":"https:\/\/archives.regards.fr\/index.php?rest_route=\/wp\/v2\/posts\/4577","targetHints":{"allow":["GET"]}}],"collection":[{"href":"https:\/\/archives.regards.fr\/index.php?rest_route=\/wp\/v2\/posts"}],"about":[{"href":"https:\/\/archives.regards.fr\/index.php?rest_route=\/wp\/v2\/types\/post"}],"author":[{"embeddable":true,"href":"https:\/\/archives.regards.fr\/index.php?rest_route=\/wp\/v2\/users\/570"}],"replies":[{"embeddable":true,"href":"https:\/\/archives.regards.fr\/index.php?rest_route=%2Fwp%2Fv2%2Fcomments&post=4577"}],"version-history":[{"count":0,"href":"https:\/\/archives.regards.fr\/index.php?rest_route=\/wp\/v2\/posts\/4577\/revisions"}],"wp:attachment":[{"href":"https:\/\/archives.regards.fr\/index.php?rest_route=%2Fwp%2Fv2%2Fmedia&parent=4577"}],"wp:term":[{"taxonomy":"category","embeddable":true,"href":"https:\/\/archives.regards.fr\/index.php?rest_route=%2Fwp%2Fv2%2Fcategories&post=4577"},{"taxonomy":"post_tag","embeddable":true,"href":"https:\/\/archives.regards.fr\/index.php?rest_route=%2Fwp%2Fv2%2Ftags&post=4577"}],"curies":[{"name":"wp","href":"https:\/\/api.w.org\/{rel}","templated":true}]}}