{"id":4576,"date":"2010-11-07T00:00:00","date_gmt":"2010-11-06T23:00:00","guid":{"rendered":"https:\/\/wp.muchomaas.com\/europe-ecologie-2-la-metamorphose4576\/"},"modified":"2010-11-07T00:00:00","modified_gmt":"2010-11-06T23:00:00","slug":"europe-ecologie-2-la-metamorphose4576","status":"publish","type":"post","link":"https:\/\/archives.regards.fr\/?p=4576","title":{"rendered":"Europe Ecologie (2) &#8211; La &#8220;m\u00e9tamorphose&#8221; d&#8217;un parti"},"content":{"rendered":"<p class=\"post_excerpt\"> A Lyon, les 13 et 14 novembre, se tiennent les Assises nationales du rassemblement des \u00e9cologistes, \u00e9tape finale du processus de fusion des Verts et d&#8217;Europe Ecologie. Ou va se situer, politiquement, la formation qui en sera issue? C&#8217;est la question que s&#8217;est pos\u00e9e<em> Regards <\/em> <\/p>\n<p>. <\/p>\n<p><strong> Les Verts et Europe Ecologie fusionnent, aboutissement d&#8217;un processus init\u00e9 au printemps. La \u00ab m\u00e9tamorphose \u00bb annonc\u00e9e conserve la culture politique des origines. Loin d&#8217;un simple relookage technique, un nouvel acteur politique doit na\u00eetre <\/strong>.<\/p>\n<p>La premi\u00e8re originalit\u00e9 d&#8217;Europe Ecologie &#8211; II tient \u00e0 sa forme. Deux cercles s&#8217;articuleront. D&#8217;une part, un parti au fonctionnement \u00ab traditionnel \u00bb : adh\u00e9rents, dirigeants, organes repr\u00e9sentatifs des diff\u00e9rentes sensibilit\u00e9s&#8230; D&#8217;autre part, une coop\u00e9rative dans laquelle se retrouvera la myriade de mouvements et structures composant Europe Ecologie. Ces \u00ab coop\u00e9rateurs \u00bb seront associ\u00e9s \u00e0 la d\u00e9finition du projet et au choix du candidat \u00e0 l&#8217;\u00e9lection pr\u00e9sidentielle. Le seront-ils au choix des candidats locaux ? La question n&#8217;est pas tranch\u00e9e. <\/p>\n<p>L&#8217;invention de cette forme hybride n&#8217;est pas \u00e9trang\u00e8re \u00e0 l&#8217;histoire du mouvement \u00e9colo. La cr\u00e9ation des Verts, seul parti r\u00e9ellement nouveau de la fin du XXe si\u00e8cle, \u00e9tait d\u00e9j\u00e0 originale. Fond\u00e9s en 1984, les Verts sont issus de la convergence d&#8217;associations antinucl\u00e9aires, du combat antimilitariste, de la lutte en faveur de la d\u00e9fense de l&#8217;environnement et du reflux de l&#8217;extr\u00eame gauche libertaire et mao\u00efste. Cette matrice les marque profond\u00e9ment. Longtemps, les Verts furent un parti \u00e0 part : mi-parti, mi-association. <\/p>\n<p>On les a dit \u00ab bord\u00e9liques \u00bb et, de fait, ils \u00e9taient moins structur\u00e9s que les partis traditionnels, con\u00e7us pour la conqu\u00eate du pouvoir d&#8217;Etat. Mais les Verts ont la conviction que l&#8217;enjeu \u00e9cologique d\u00e9passe cette question.<\/p>\n<p>La double structuration d&#8217;Europe Ecologie est un saut organisationnel rendu possible par cette intimit\u00e9 avec les mouvements, leurs formes changeantes, leur structuration parfois fluide. Cette mobilit\u00e9 s&#8217;\u00e9tait vue dans la capacit\u00e9 \u00e0 s&#8217;adresser aux acteurs de la vie sociale lors de la constitution des listes europ\u00e9ennes et r\u00e9gionales : la non-appartenance aux Verts ne faisait pas de difficult\u00e9. Pari doublement gagnant : toutes ces personnalit\u00e9s sont aujourd&#8217;hui engag\u00e9es dans le mouvement Europe Ecologie. Quand les partis traditionnels s&#8217;\u00e9puisent \u00e0 faire vivre une forme d&#8217;organisation invent\u00e9e au d\u00e9but du XXe si\u00e8cle, Europe Ecologie, dans la foul\u00e9e des Verts, invente un mouvement politique \u00ab new wave \u00bb.<\/p>\n<p><strong> Ancr\u00e9s dans leur \u00e9poque <\/strong><\/p>\n<p>De leur h\u00e9ritage \u00ab mouvementiste \u00bb, les \u00e9cologistes gardent aussi une empathie avec les questions nouvelles. Les Verts sont n\u00e9s du bain f\u00e9ministe, autogestionnaire, \u00e9cologique. Dans leur \u00ab Manifeste pour un nouveau cours \u00e9cologique et social \u00bb, base politique du processus de fusion, on trouvera des sujets et des formulations qui continuent de les distinguer par leur modernit\u00e9. Ils placent le contenu du travail et sa revalorisation au coeur m\u00eame de leurs objectifs \u00e9conomiques et sociaux : \u00ab<em> Les \u00e9cologistes pr\u00e9f\u00e8rent agir pour engager des mutations \u00e9conomiques et requalifier la place du travail plut\u00f4t que d&#8217;attendre le retour illusoire d&#8217;une croissance \u00e9conomique infinie <\/em>. \u00bb Il ne s&#8217;agit plus seulement de demander la r\u00e9duction du temps de travail et sa nouvelle r\u00e9partition.<\/p>\n<p>On retrouve une m\u00eame modernit\u00e9 et une capacit\u00e9 \u00e0 articuler diff\u00e9rents registres du social dans l&#8217;\u00e9nonc\u00e9 de la crise actuelle : \u00ab<em> Ce bouleversement majeur \u00e9puise les ressources aussi bien qu&#8217;il creuse les in\u00e9galit\u00e9s et d\u00e9prime les consciences, dressant la biosph\u00e8re contre les \u00eatres humains et les \u00eatres humains entre eux <\/em>. \u00bb On rel\u00e8ve enfin une capacit\u00e9 \u00e0 se poser de difficiles questions : \u00ab<em> Comment s&#8217;\u00e9manciper d&#8217;un syst\u00e8me dont les ali\u00e9nations sont pl\u00e9biscit\u00e9es <\/em> ? \u00bb<\/p>\n<p><strong> Ecologique <\/strong>\u00a0?<\/p>\n<p>Il est loin le temps o\u00f9 l&#8217;\u00e9cologie se confondait avec la lutte pour l&#8217;environnement. Depuis des ann\u00e9es, les Verts ont cherch\u00e9 \u00e0 \u00e9largir le spectre de leurs interventions. Alors m\u00eame que l&#8217;environnement devenait une pr\u00e9occupation h\u00e9g\u00e9monique, ils ont travaill\u00e9 \u00e0 la formulation d&#8217;une pens\u00e9e globale qui prend l&#8217;\u00e9cologie pour fondement d&#8217;un  nouveau projet.<\/p>\n<p>D\u00e9j\u00e0 en 2002, la candidature de No\u00ebl Mam\u00e8re ancrait la campagne dans la lutte pour les droits humains. La recherche d&#8217;un repositionnement des Verts a connu des hauts et des bas : la candidature de Dominique Voynet en 2007 les repla\u00e7ait sur le terrain environnemental des d\u00e9buts. Avec un r\u00e9sultat tr\u00e8s mitig\u00e9. Il semble que la le\u00e7on ait \u00e9t\u00e9 retenue.<\/p>\n<p>Tout l&#8217;effort est d\u00e9sormais d&#8217;articuler en permanence \u00e9cologie et enjeux de soci\u00e9t\u00e9. Il est question, par exemple, en mati\u00e8re \u00e9conomique, de promouvoir les relocalisations de productions industrielles et agricoles. C\u00e9cile Duflot justifie son soutien \u00e0 la retraite \u00e0 60 ans par une approche globale en termes de co\u00fbts, qui fait \u00e9cho \u00e0 l&#8217;approche \u00ab macro \u00bb des Verts. Elle l&#8217;\u00e9taye d&#8217;une r\u00e9flexion sur les temps de la vie. \u00ab<em> On \u00e9value toujours le co\u00fbt des retrait\u00e9s, mais jamais ce qu&#8217;ils rapportent \u00e0 la soci\u00e9t\u00e9. Ils sont pourtant une contribution \u00e9norme \u00e0 la garde des enfants, \u00e0 l&#8217;animation des associations sportives, culturelles&#8230; Il faut r\u00e9fl\u00e9chir \u00e0 la transition temps de travail, temps de retraite <\/em>. \u00bb<\/p>\n<p>La mise \u00e0 jour va aller plus loin encore. Il s&#8217;agit d&#8217;ajouter au vert d&#8217;autres couleurs plus classiques. Du bleu ? C\u00e9cile Duflot a fait une tribune remarqu\u00e9e pour affirmer le r\u00e9publicanisme des Verts. Mais l&#8217;entr\u00e9e en sc\u00e8ne de Daniel Cohn- Bendit, et derri\u00e8re lui d&#8217;Eva Joly, constitue pourtant un tournant.<\/p>\n<p><strong> La justice au coeur du projet <\/strong><\/p>\n<p>L&#8217;\u00e8re libertaire se cl\u00f4t avec l&#8217;OPA du leader de mai-68. Cela fait longtemps que sa mue est faite. Les Gr\u00fcnen allemands, dont il fut une figure marquante, n&#8217;h\u00e9sitent pas \u00e0 frayer avec les Lib\u00e9raux. En France, cet \u00e9t\u00e9, au plus fort de la politique s\u00e9curitaire, il affirme : \u00ab<em> Notre r\u00e9ponse devra \u00eatre sociale, \u00e9ducative et r\u00e9pressive <\/em>. \u00bb (1)<\/p>\n<p>Depuis, les \u00e9cologistes, en particulier par la voix d&#8217;Eva Joly, ont marqu\u00e9 leur empreinte, moins sur les enjeux \u00ab \u00e9colos \u00bb ou sociaux (qui marquent tout autant l&#8217;actualit\u00e9), que sur les \u00ab affaires \u00bb. Ils ont pris de fermes positions aussi bien sur l&#8217;affaire Woerth-Bettencourt, que sur l&#8217;accord intervenu entre la Mairie de Paris et Jacques Chirac. Europe Ecologie a obtenu que les financements publics en Ile-de-France n&#8217;arrivent plus aux entreprises ayant des filiales dans les paradis fiscaux. Quand la collusion entre le pouvoir et le monde de l&#8217;argent \u00e9clate au grand jour, Eva Joly annonce vouloir \u00ab<em> introduire l&#8217;\u00e9thique en politique et \u00eatre beaucoup plus s\u00e9v\u00e8re sur le pantouflage <\/em> \u00bb. Pour Pascal Durand, d\u00e9l\u00e9gu\u00e9 national d&#8217;Europe Ecologie : \u00ab<em> Elle est capable de porter cet humanisme cher tant aux chr\u00e9tiens qu&#8217;aux francs-ma\u00e7ons, \u00e0 cette population qui place la morale au coeur de sa pens\u00e9e <\/em>. \u00bb (2)<\/p>\n<p>De fait, le manifeste apporte une riche critique de la crise et de ses effets, mais reste laconique sur l&#8217;explication des m\u00e9canismes profonds qui conduisent \u00e0 cette situation. Leur r\u00e9ponse semble largement contenue dans cette volont\u00e9 de justice, d&#8217;\u00e9galit\u00e9 devant la loi. La lutte contre la corruption semble devoir \u00eatre leur nouvelle identit\u00e9. Est-elle vraiment aux coeurs des dysfonctionnements de la soci\u00e9t\u00e9 ? <\/p>\n<p>La conviction domine d&#8217;une transformation n\u00e9gociable car raisonnable. \u00ab<em> Ni parti du Grand soir, ni n\u00e9gociatrice des petits matins frileux, (l&#8217;\u00e9cologie politique) choisit la longue marche de la r\u00e9forme tol\u00e9rante, les compromis de la r\u00e9gulation librement consentie, la convergence d\u00e9mocratique des convictions r\u00e9unies, le tissage patient des imaginations et des r\u00eaves <\/em>. \u00bb<\/p>\n<p><strong> Centriste ou alternatif <\/strong> ?<\/p>\n<p>Le rapport \u00e0 la gauche et \u00e0 la droite est reformul\u00e9 dans une volont\u00e9 affirm\u00e9e de rompre avec toute filiation et m\u00eame avec un ancrage dans la gauche. \u00ab<em> Les deux grands courants id\u00e9ologiques engendr\u00e9s par la r\u00e9volution industrielle, accompagnant l&#8217;un l&#8217;essor du capitalisme et l&#8217;autre l&#8217;esp\u00e9rance socialiste, sont d\u00e9sormais \u00e0 bout de souffle <\/em>, affirme le manifeste.<em> Malgr\u00e9 leurs diff\u00e9rences, fond\u00e9es sur un enracinement social historiquement oppos\u00e9 et des valeurs souvent contradictoires, ils se montrent pareillement d\u00e9sorient\u00e9s sur l&#8217;essentiel, saisis d&#8217;impuissance face \u00e0 l&#8217;effondrement du credo productiviste qu&#8217;ils partagent <\/em>. \u00bb<\/p>\n<p>Il y a l\u00e0, c&#8217;est certain, une justification de l&#8217;autonomie politique des \u00e9cologistes. Les enjeux strictement politiques ne sont pas absents avec la volont\u00e9 que les \u00e9cologistes p\u00e8sent davantage. Mais l&#8217;affirmation autonomiste est plus fondamentale : \u00ab<em> L&#8217;\u00e9cologie politique n&#8217;a pas vocation \u00e0 devenir la branche suppl\u00e9mentaire d&#8217;un arbre d\u00e9j\u00e0 constitu\u00e9, aussi v\u00e9n\u00e9rable fut-il, elle est \u00e0 elle seule cet arbre, autonome, alternatif, un arbre qui entend faire for\u00eat <\/em> &#8220;, affirme le manifeste. Depuis des ann\u00e9es, les Verts avaient affirm\u00e9 leur ancrage \u00e0 gauche. Ce fut m\u00eame l&#8217;objet de la rupture avec Antoine Waechter en 1992.<\/p>\n<p>Le passage des Verts \u00e0 Europe Ecologie constitue bien un moment important d&#8217;un vaste processus et d&#8217;un aggiornamento dont une partie esp\u00e8re qu&#8217;il conduira l&#8217;\u00e9cologie sur les chemins d&#8217;une h\u00e9g\u00e9monie radicalement transformatrice&#8230; M\u00eame si \u00e0 ce jour, les indications semblent davantage porter l&#8217;\u00e9volution vers un parti plus d\u00e9mocrate qu&#8217;\u00e9cologique ; plus centriste qu&#8217;alternatif.<\/p>\n<p>Catherine Tricot<\/p>\n<p>[[(1) \u00ab \u00abStupidit\u00e9 et malveillance\u00bb : le sarkozysme selon Cohn-Bendit\u00bb,<em> Le Monde <\/em> du 16 ao\u00fbt.<br \/>\n]](2) \u00ab Eva Joly, la nouvelle \u00e9g\u00e9rie \u00e9colo \u00bb,<em> Le Monde <\/em> du 14 ao\u00fbt.<\/p>\n","protected":false},"excerpt":{"rendered":"<p> A Lyon, les 13 et 14 novembre, se tiennent les Assises nationales du rassemblement des \u00e9cologistes, \u00e9tape finale du processus de fusion des Verts et d&#8217;Europe Ecologie. Ou va se situer, politiquement, la formation qui en sera issue? C&#8217;est la question que s&#8217;est pos\u00e9e<em> Regards <\/em> <\/p>\n","protected":false},"author":464,"featured_media":0,"comment_status":"open","ping_status":"open","sticky":false,"template":"","format":"standard","meta":{"_themeisle_gutenberg_block_has_review":false,"footnotes":""},"categories":[141],"tags":[295],"class_list":["post-4576","post","type-post","status-publish","format-standard","hentry","category-archives-web","tag-nupes"],"_links":{"self":[{"href":"https:\/\/archives.regards.fr\/index.php?rest_route=\/wp\/v2\/posts\/4576","targetHints":{"allow":["GET"]}}],"collection":[{"href":"https:\/\/archives.regards.fr\/index.php?rest_route=\/wp\/v2\/posts"}],"about":[{"href":"https:\/\/archives.regards.fr\/index.php?rest_route=\/wp\/v2\/types\/post"}],"author":[{"embeddable":true,"href":"https:\/\/archives.regards.fr\/index.php?rest_route=\/wp\/v2\/users\/464"}],"replies":[{"embeddable":true,"href":"https:\/\/archives.regards.fr\/index.php?rest_route=%2Fwp%2Fv2%2Fcomments&post=4576"}],"version-history":[{"count":0,"href":"https:\/\/archives.regards.fr\/index.php?rest_route=\/wp\/v2\/posts\/4576\/revisions"}],"wp:attachment":[{"href":"https:\/\/archives.regards.fr\/index.php?rest_route=%2Fwp%2Fv2%2Fmedia&parent=4576"}],"wp:term":[{"taxonomy":"category","embeddable":true,"href":"https:\/\/archives.regards.fr\/index.php?rest_route=%2Fwp%2Fv2%2Fcategories&post=4576"},{"taxonomy":"post_tag","embeddable":true,"href":"https:\/\/archives.regards.fr\/index.php?rest_route=%2Fwp%2Fv2%2Ftags&post=4576"}],"curies":[{"name":"wp","href":"https:\/\/api.w.org\/{rel}","templated":true}]}}