{"id":4575,"date":"2010-11-07T00:00:00","date_gmt":"2010-11-06T23:00:00","guid":{"rendered":"https:\/\/wp.muchomaas.com\/europe-ecologie-1-eva-joly-elle4575\/"},"modified":"2010-11-07T00:00:00","modified_gmt":"2010-11-06T23:00:00","slug":"europe-ecologie-1-eva-joly-elle4575","status":"publish","type":"post","link":"https:\/\/archives.regards.fr\/?p=4575","title":{"rendered":"Europe Ecologie (1) &#8211; Eva Joly? &#8220;Elle apprend vite&#8221;"},"content":{"rendered":"<p class=\"post_excerpt\"> A Lyon, les 13 et 14 novembre, se tiennent les Assises nationales du rassemblement des \u00e9cologistes, \u00e9tape finale du processus de fusion des Verts et d&#8217;Europe Ecologie. Ou va se situer, politiquement, la formation qui en sera issue? C&#8217;est la question que s&#8217;est pos\u00e9e<em> Regards <\/em> <\/p>\n<p>. <\/p>\n<p><strong> Avec une image de probit\u00e9 \u00e0 toute \u00e9preuve, Eva Joly s\u00e9duit son camp et les m\u00e9dias. D&#8217;autres, plus critiques, lui demandent de pr\u00e9ciser un fonds id\u00e9ologique encore flou. Portrait <\/strong>.<\/p>\n<p>A 67 ans, Eva Joly est sans conteste le meilleur espoir f\u00e9minin dans la cat\u00e9gorie invit\u00e9e surprise \u00e0 la pr\u00e9sidentielle. Retour en arri\u00e8re. Appel\u00e9e par Daniel Cohn-Bendit en vue des \u00e9lections europ\u00e9ennes, elle gagne en m\u00eame temps que son fauteuil \u00e0 Bruxelles le statut de pilier de l&#8217;alchimie Europe Ecologie.<\/p>\n<p>Cet \u00e9t\u00e9, C\u00e9cile Duflot et Daniel Cohn-Bendit se sont mis d&#8217;accord sur un point : Eva Joly peut emmener Europe Ecologie bien au-del\u00e0 des 1,57 % r\u00e9alis\u00e9s par Dominique Voynet en 2007. Le plan de bataille est en ordre. Les Verts et Europe Ecologie finalisent ce mois-ci leur fusion, une primaire se chargera en septembre 2011 d&#8217;officialiser la candidature d&#8217;Eva Joly \u00e0 la pr\u00e9sidentielle. Selon toute vraisemblance, les \u00e9colos seront ministrables en cas de victoire socialiste, et bien plac\u00e9s pour les accords qui suivront lors des l\u00e9gislatives. <\/p>\n<p>D&#8217;ici l\u00e0, donc, formation intensive pour Eva Joly, qui poss\u00e8de d\u00e9j\u00e0 une arme tout \u00e0 fait significative pour la course de fond dans laquelle elle s&#8217;est engag\u00e9e : une bonne image. On conna\u00eet l&#8217;histoire, mais elle n&#8217;a jamais \u00e9t\u00e9 aussi utile\/ pour \u00e9clairer le pr\u00e9sent. Eva Joly n&#8217;est pas n\u00e9e \u00ab<em> avec une cuill\u00e8re en argent dans la bouche <\/em> \u00bb, comme se pla\u00eet \u00e0 le r\u00e9p\u00e9ter Jos\u00e9 Bov\u00e9, qui la soutient. Issue d&#8217;une famille ouvri\u00e8re de Norv\u00e8ge, Gro Eva Farseth est fille au pair en France et tombe amoureuse du fils de la maison, Pascal Joly. La famille ne veut pas de ce mariage avec cette jeune femme qui n&#8217;est pas du m\u00eame monde. Elle finira pas l&#8217;\u00e9pouser, mais gardera le souvenir de cette humiliation. Episode fondateur ? Juge au p\u00f4le financier dans les ann\u00e9es 1990, elle se forge en tout cas une r\u00e9putation de \u00ab nettoyeuse \u00bb pour traquer la corruption chez les grands de ce monde.<\/p>\n<p>De cette \u00e9poque, elle garde l&#8217;ossature de sa personnalit\u00e9 politique. L&#8217;affaire Bettencourt-Woerth lui offre un boulevard. Elle s&#8217;y engouffre et demande la d\u00e9mission d&#8217;Eric Woerth. Elle cogne aussi \u00e0 gauche. \u00ab<em> Strauss Kahn, je le connais bien, je l&#8217;ai mis en examen <\/em> \u00bb, cr\u00e2ne-t-elle, mani\u00e8re de rappeler que son parcours lui donnera toujours une longueur d et &#8216;avance quand il s&#8217;agit de vertu. Elle tombe aussi sur Bertrand Delano\u00eb qui fait \u00ab<em> une faute <\/em> \u00bb en concluant un accord avec l&#8217;UMP dans l&#8217;affaire des emplois fictifs de la Mairie de Paris.<\/p>\n<p><strong> Vertu et probit\u00e9 <\/strong><\/p>\n<p>L&#8217;intense crise de confiance vis-\u00e0-vis des politiques ne lui a pas \u00e9chapp\u00e9. Qui mieux qu&#8217;une ancienne juge incorruptible peut entendre gronder le sentiment d&#8217;injustice et d&#8217;impunit\u00e9 des puissants exacerb\u00e9 par l&#8217;affairisme ambiant ? La recette fonctionne et Eva Joly le sait. Au Br\u00e9sil, lors de la r\u00e9cente \u00e9lection pr\u00e9sidentielle, Marina Silva a cr\u00e9\u00e9 la surprise avec un profil \u00e9tonnamment similaire au sien. <\/p>\n<p>Derri\u00e8re la probable candidate d&#8217;Europe\/Ecologie, la magistrate qu&#8217;elle fut n&#8217;est jamais tr\u00e8s loin. Jos\u00e9 Bov\u00e9, qui l&#8217;accompagne dans quelques \u00e9tapes de son tour de France, est s\u00e9duit. \u00ab<em> En tant que magistrate <\/em>, explique-t-il,<em> elle a affront\u00e9 les puissants sans jamais rien l\u00e2cher. Elle incarne cette capacit\u00e9 \u00e0 dire les choses envers et contre tous, ce qui est tr\u00e8s important dans un moment o\u00f9 nous assistons \u00e0 une intense crise de morale politique <\/em>. \u00bb \u00ab<em> Elle est tr\u00e8s bonne sur la finance internationale <\/em>, se r\u00e9jouit aussi Gilles Lemaire, ancien secr\u00e9taire national des Verts.<em> Elle peut faire preuve d&#8217;une grande agressivit\u00e9, mais quand c&#8217;est au service de l&#8217;\u00e9thique, c&#8217;est souhaitable <\/em>. \u00bb On retrouve chez les militants un m\u00eame emballement pour la probit\u00e9. <\/p>\n<p><strong> Faire ses preuves <\/strong><\/p>\n<p>Ce bel enthousiasme implique-t-il pour autant qu&#8217;un tapis rouge se d\u00e9roule sous ses pieds ? Difficile d&#8217;aller jusque-l\u00e0. D&#8217;abord, \u00ab<em> Eva Joly n&#8217;est pas spontan\u00e9ment consid\u00e9r\u00e9e comme une responsable politique, ce qui peut lui porter pr\u00e9judice <\/em> \u00bb, analyse le politologue Jean-Daniel L\u00e9vy. \u00ab<em> La politique ne supporte pas les amateurs <\/em>, rench\u00e9rit Daniel Boy, chercheur au Cevipof et sp\u00e9cialiste de l&#8217;\u00e9cologie politique.<em> Une gaffe peut co\u00fbter cher <\/em>. \u00bb <\/p>\n<p>Plus grave, pour l&#8217;opinion, et m\u00eame au sein des Verts, elle doit encore faire ses preuves en tant qu&#8217;\u00e9cologiste. \u00ab<em> La probit\u00e9 qu&#8217;elle incarne correspond \u00e0 un vrai besoin chez les Fran\u00e7ais <\/em>, poursuit Daniel Boy,<em> et cela peut certainement rassembler au-del\u00e0 des Verts. Mais il va lui falloir parler de politique, et notamment d&#8217;\u00e9cologie, sous peine de lasser <\/em>. \u00bb<\/p>\n<p>Posez la question \u00e0 No\u00ebl Mam\u00e8re, Daniel Cohn-Bendit ou Jos\u00e9 Bov\u00e9, la r\u00e9ponse est invariablement la m\u00eame, comme retenu par coeur : \u00ab<em> Eva Joly ? Elle apprend vite <\/em>. \u00bb Emmanuelle Cosse vice-pr\u00e9sidente de r\u00e9gion Europe Ecologie(1) pr\u00e9cise : \u00ab<em> On lui fait confiance parce qu&#8217;on l&#8217;a vue \u00e0 l&#8217;oeuvre. Elle sait se saisir des enjeux qu&#8217;elle conna\u00eet mal et faire ses preuves <\/em>. \u00bbLe d\u00e9put\u00e9 vert Yves Cochet, qui est aussi candidat \u00e0 la candidature et se retrouvera face \u00e0 elle lors des primaires, n&#8217;est pas tout \u00e0 fait aussi bienveillant : \u00ab<em> Elle a une notori\u00e9t\u00e9 acquise sur la lutte anti-corruption, soit ! Mais ce n&#8217;est pas \u00e7a qui peut lui donner la l\u00e9gitimit\u00e9 \u00e9cologique. Du point de vue de la pratique associative ou de la connaissance de l&#8217;\u00e9cologie politique, elle a beaucoup moins \u00e0 offrir que moi. Je ne lui ai jamais vu d&#8217;autre proposition que dans le domaine de la justice <\/em>, tacle-t-il.<em> Je ne connais pas encore ses projets sur l&#8217;\u00e9conomie et le social. Moi je suis pour la semaine de 28 heures. Y est-elle favorable ? Je pense qu&#8217;il faut un revenu d&#8217;existence universel, une allocation de base n\u00e9cessaire pour prot\u00e9ger chacun, \u00e0 plus forte raison en temps de crise. Et elle ? Toutes ces questions sont fondamentales et, sur ces aspects l\u00e0, on ne sait pas ce qu&#8217;elle pense <\/em>. \u00bb<\/p>\n<p>Et pour cause. Peu d&#8217;indices permettent de r\u00e9pondre \u00e0 la question. Une Eva Joly difficile \u00e0 d\u00e9finir, \u00e0 l&#8217;image de l&#8217;\u00e9trange attelage politique Les Verts &#8211; Europe Ecologie, compos\u00e9 de Verts, dont les militants se retrouvent essentiellement dans les valeurs de gauche, et de membres issus d&#8217;organisations environnementales, dont l&#8217;ancrage \u00e0 gauche n&#8217;est pas \u00e9vident. \u00ab<em> Eva Joly a \u00e9t\u00e9 convertie \u00e0 l&#8217;environnement par Daniel Cohn-Bendit via la lutte anti-corruption <\/em>, explique Daniel Boy.<em> Mais se convertira-t-elle aux valeurs de gauche ? Rien ne permet de l&#8217;affirmer. Comment se situe-t-elle sur les questions sociales ou d&#8217;immigration ? S&#8217;il y a des probl\u00e8mes de coh\u00e9rence id\u00e9ologique \u00e0 l&#8217;int\u00e9rieur d&#8217;Europe Ecologie, on ne le sait pas encore <\/em>. \u00bb<\/p>\n<p>Eva Joly, qui en 2009 a h\u00e9sit\u00e9 \u00e0 rejoindre Fran\u00e7ois Bayrou et dont on ignore tout du \u00ab<em> fond id\u00e9ologique <\/em> \u00bb, comme dit le politologue, est-elle de gauche ? Gilles Lemaire, lui, pr\u00e9f\u00e8re retourner la question. \u00ab<em> C&#8217;est quoi \u00eatre de gauche <\/em> ? \u00bb Pour l&#8217;ancien responsable des Verts, le mouvement \u00e9colo am\u00e8ne une nouvelle mani\u00e8re de r\u00e9pondre \u00e0 cette question, alors inutile de chercher des poux dans la t\u00eate d&#8217;Eva Joly parce qu&#8217;elle caus\u00e9 avec Bayrou. \u00ab<em> La gauche des Verts est tout \u00e0 fait conquise par Eva Joly <\/em>, raconte Emmanuelle Cosse.<em> Quand on l&#8217;entend parler, on se demande comment elle a pu h\u00e9siter \u00e0 aller au Modem. Elle peut tenir un discours ancr\u00e9 \u00e0 la gauche de la gauche. Sur les questions de finance internationale, elle est proche des altermondialistes <\/em>. \u00bb<\/p>\n<p><strong> Incarner l&#8217;\u00e9volution du parti <\/strong><\/p>\n<p>La gauche des Verts, avec Eva Joly, semble vouloir tourner une page, comme le dit Gilles Lemaire : \u00ab<em> La gauche qui est englu\u00e9e dans ses projets collectifs inaboutis est finalement assez conservatrice. Oui, les \u00e9colos doivent affirmer leur rupture. Les Verts ont vocation \u00e0 rassembler de l&#8217;extr\u00eame gauche \u00e0 la d\u00e9mocratie chr\u00e9tienne, mais aussi ceux qui ne se positionnent pas sur l&#8217;axe politique droite &#8211; gauche <\/em>.\u00bb A gauche, donc, mais pas forc\u00e9ment. La partition gauche &#8211; droite est remise en cause et Eva Joly est parfaite pour incarner cette \u00e9volution. On le comprend en lisant le Manifeste qui jette les bases de l&#8217;accord entre les Verts et Europe Ecologie (lire analyse ci-contre). \u00ab<em> Tout le monde peut \u00eatre d&#8217;accord avec ce texte <\/em>, tranche Daniel Boy.<em> Il n&#8217;entre pas dans ce qui peut faire classiquement d\u00e9bat entre la droite et la gauche. Eva Joly devra clarifier. Europe Ecologie continuera de prosp\u00e9rer jusqu&#8217;\u00e0 ce qu&#8217;elle pr\u00e9cise ce qui fonde son id\u00e9ologie <\/em>. \u00bb <\/p>\n<p>R\u00e9mi Douat<\/p>\n<p>[[(1) Emmanuelle Cosse est ancienne r\u00e9dactrice en chef de Regards et toujours membre du comit\u00e9 de r\u00e9daction. ]]<\/p>\n","protected":false},"excerpt":{"rendered":"<p> A Lyon, les 13 et 14 novembre, se tiennent les Assises nationales du rassemblement des \u00e9cologistes, \u00e9tape finale du processus de fusion des Verts et d&#8217;Europe Ecologie. Ou va se situer, politiquement, la formation qui en sera issue? C&#8217;est la question que s&#8217;est pos\u00e9e<em> Regards <\/em> <\/p>\n","protected":false},"author":569,"featured_media":0,"comment_status":"open","ping_status":"open","sticky":false,"template":"","format":"standard","meta":{"_themeisle_gutenberg_block_has_review":false,"footnotes":""},"categories":[141],"tags":[295],"class_list":["post-4575","post","type-post","status-publish","format-standard","hentry","category-archives-web","tag-nupes"],"_links":{"self":[{"href":"https:\/\/archives.regards.fr\/index.php?rest_route=\/wp\/v2\/posts\/4575","targetHints":{"allow":["GET"]}}],"collection":[{"href":"https:\/\/archives.regards.fr\/index.php?rest_route=\/wp\/v2\/posts"}],"about":[{"href":"https:\/\/archives.regards.fr\/index.php?rest_route=\/wp\/v2\/types\/post"}],"author":[{"embeddable":true,"href":"https:\/\/archives.regards.fr\/index.php?rest_route=\/wp\/v2\/users\/569"}],"replies":[{"embeddable":true,"href":"https:\/\/archives.regards.fr\/index.php?rest_route=%2Fwp%2Fv2%2Fcomments&post=4575"}],"version-history":[{"count":0,"href":"https:\/\/archives.regards.fr\/index.php?rest_route=\/wp\/v2\/posts\/4575\/revisions"}],"wp:attachment":[{"href":"https:\/\/archives.regards.fr\/index.php?rest_route=%2Fwp%2Fv2%2Fmedia&parent=4575"}],"wp:term":[{"taxonomy":"category","embeddable":true,"href":"https:\/\/archives.regards.fr\/index.php?rest_route=%2Fwp%2Fv2%2Fcategories&post=4575"},{"taxonomy":"post_tag","embeddable":true,"href":"https:\/\/archives.regards.fr\/index.php?rest_route=%2Fwp%2Fv2%2Ftags&post=4575"}],"curies":[{"name":"wp","href":"https:\/\/api.w.org\/{rel}","templated":true}]}}