{"id":4558,"date":"2010-09-24T00:00:00","date_gmt":"2010-09-23T22:00:00","guid":{"rendered":"https:\/\/wp.muchomaas.com\/le-figaro-solidarite-elyseenne-a4558\/"},"modified":"2010-09-24T00:00:00","modified_gmt":"2010-09-23T22:00:00","slug":"le-figaro-solidarite-elyseenne-a4558","status":"publish","type":"post","link":"https:\/\/archives.regards.fr\/?p=4558","title":{"rendered":"&#8220;Le Figaro&#8221;: solidarit\u00e9 \u00e9lys\u00e9enne \u00e0 la Une"},"content":{"rendered":"<p class=\"post_excerpt\"> Branle-bas de combat au Figaro, le scandale Bettencourt menace d&#8217;\u00e9clabousser l&#8217;Elys\u00e9e. Sept fois d&#8217;affil\u00e9e : un record ! :, le quotidien a consacr\u00e9 sa Une \u00e0 l&#8217;affaire. Avec de mani\u00e8re \u00e9vidente un seul objectif : blanchir Eric Woerth <\/p>\n<p>.<\/p>\n<p>Eric Woerth dans l&#8217;affaire Bettencourt, c&#8217;est l&#8217;histoire d&#8217;une com&#8217; qui d\u00e9raille. Dans le couteau suisse gouvernemental, il faisait office de lame anti bling-bling. Un bon cheval dans une s\u00e9quence de gravit\u00e9 voulue par l&#8217;Elys\u00e9e. Mais voil\u00e0, le canasson a rat\u00e9 un obstacle, \u00e9tal\u00e9 de tout son long dans un mar\u00e9cage fleurant bon le conflit d&#8217;int\u00e9r\u00eat \u00e0 r\u00e9p\u00e9tition qui casse un peu le mythe du bon p\u00e8re de famille, gestionnaire d&#8217;une France en crise.<\/p>\n<p>Vent de panique \u00e0 droite !<em> Le Figaro <\/em> : propri\u00e9t\u00e9 de Serge Dassault dirig\u00e9e par le tr\u00e8s d\u00e9vou\u00e9 Etienne Mougeotte : a fait preuve, tout au long de l&#8217;\u00e9t\u00e9, d&#8217;une solidarit\u00e9 \u00e9lys\u00e9enne qu&#8217;il convient de saluer en en faisant l&#8217;inventaire.<\/p>\n<p>\u00ab Affaire Bettencourt : Eric Woerth contre-attaque \u00bb titre le quotidien le 28 juin. La parade tombe sous le sens, nous sommes en plein d\u00e9bat sur les retraites et<em> le Figaro <\/em> d\u00e9fend la th\u00e8se de Woerth \u00ab cible politique \u00bb.<\/p>\n<p>\u00ab<strong> Le myst\u00e9rieux chasseur <\/strong> \u00bb<\/p>\n<p>Quelques jours passent, durant lesquels Eric Woerth doit encaisser \u00e0 un rythme soutenu les r\u00e9v\u00e9lations du site Mediapart et de<em> Marianne <\/em>. Le 7 juillet, s&#8217;en est trop. Eric Woerth crie sa col\u00e8re en Une du Figaro : \u00ab Ca suffit ! \u00bb Il s&#8217;agit pour le ministre d&#8217;une \u00ab<em> cabale politique orchestr\u00e9e par le parti socialiste <\/em> \u00bb. Dans son \u00e9dito, Paul- Henri du Limbert s&#8217;\u00e9trangle : \u00ab<em> Le sc\u00e9nario est un peu trop bien l\u00e9ch\u00e9 pour \u00eatre cr\u00e9dible. (&#8230;) Le myst\u00e9rieux chasseur n&#8217;a pas de preuves mais il a un fusil. \u00bb \u00ab Depuis trois semaines, la parole est \u00e0 l&#8217;accusation. On n&#8217;entend qu&#8217;elle. Il esttemps que la d\u00e9fense intervienne <\/em>. \u00bb Sacrebleu Paul-Henri, on ne pourra pas vous reprocher de parler en l&#8217;air. Suite \u00e0 cet \u00e9dito,<em> le Figaro <\/em> fera sept fois de suite sa Une sur l&#8217;affaire. Historique ! On vient chatouiller le record des dix Unes cons\u00e9cutives que n&#8217;importe quel quotidien consacrait aux attentats du 11-Septembre en 2001.<\/p>\n<p><strong> Des accusations non v\u00e9rifi\u00e9es <\/strong><\/p>\n<p>Le 8 juillet, donc, pour se mettre en route, \u00ab Fillon monte en premi\u00e8re ligne \u00bb dans l&#8217;affaire Bettencourt. Mais c&#8217;est le lendemain que le journal abat sa plus belle carte : \u00ab Le t\u00e9moignage boomerang contre l&#8217;accusation. \u00bb Ce jour-l\u00e0, le Figaro publie un extrait du proc\u00e8s verbal de l&#8217;audition de l&#8217;ex-comptable de Liliane Bettencourt. La Soci\u00e9t\u00e9 des journalistes (SDJ) du Figaro, sans doute jalouse d&#8217;avoir \u00e9t\u00e9 tenue \u00e0 l&#8217;\u00e9cart du scoop, de m\u00eame que les journalistes charg\u00e9s du dossier, sort un communiqu\u00e9. Pour la SDJ, il s&#8217;agit d&#8217;un \u00ab<em> PV tronqu\u00e9, assorti d&#8217;un article non sign\u00e9, qui participait \u00e0 l&#8217;\u00e9vidence de la strat\u00e9gie de communication \u00e9labor\u00e9e \u00e0 l&#8217;Elys\u00e9e <\/em> \u00bb. Pour les journalistes du Figaro, Etienne Mougeotte \u00ab<em> a publi\u00e9 des accusations sans les avoir v\u00e9rifi\u00e9es. Il a orient\u00e9 les t\u00e9moignages de l&#8217;ancienne comptable pour lui faire dire autre chose que ce qu&#8217;elle voulait dire <\/em>. \u00bb Ambiance.<\/p>\n<p>Le 10 juillet, gu\u00e8re plus \u00e0 raconter, mais on fait la Une quand m\u00eame coco, \u00e7a nous fera prendre de l&#8217;\u00e9lan pour la suivante. Car la suivante, le 12, est sans appel, magnifique de certitude : \u00ab Affaire Bettencourt, le rapport qui blanchit Eric Woerth. \u00bb Du coup, Paul-Henri du Limbert saisit sa plus belle plume et s&#8217;enflamme : \u00ab<em> Les \u00e9preuves abattent les uns et motivent les autres. Le chef de l&#8217;Etat fait partie de la seconde cat\u00e9gorie (&#8230;) A lui de r\u00e9tablir les faits. Et \u00e0 lui de montrer que les grands enjeux auxquels doit faire face la France aujourd&#8217;hui vont bien au-del\u00e0 des t\u00e9moignages d&#8217;une ex-comptable et d&#8217;un majordome <\/em>. \u00bb Allez hop, circulez les prolos.<\/p>\n<p>Et c&#8217;est le jour que choisit Nicolas Sarkozy pour prendre la parole, interview\u00e9 sur France 2 par le pitbull de l&#8217;info, David Pujadas. Le Figaro ne pouvait pas ne pas en faire sa Une : \u00ab Sarkozy d\u00e9nonce les calomnies. \u00bb Un titre sur lequel les pinailleurs rel\u00e8veront un malencontreux oubli des guillemets qui s&#8217;imposaient au terme \u00ab calomnies \u00bb.<\/p>\n<p>Enfin, le 14 juillet, alors que les \u00ab calomnies \u00bb sont \u00e9cart\u00e9es, au moins pour les lecteurs du<em> Figaro <\/em>, la Une s&#8217;impose une derni\u00e8re fois, celle de la pacification. C&#8217;est un Eric Woerth visiblement apais\u00e9 que<em> le Figaro <\/em> donne \u00e0 voir. \u00ab Comment j&#8217;ai surmont\u00e9 l&#8217;\u00e9preuve \u00bb, titre le quotidien. Sur ses genoux, le lecteur, \u00e9mu, peut voir un dossier ouvert. Les affaires peuvent reprendre. <\/p>\n<p><strong> Epilogue provisoire <\/strong>. Mediapart r\u00e9v\u00e8le mi-ao\u00fbt qu&#8217;Eric Woerth a attribu\u00e9 la L\u00e9gion d&#8217;honneur au comptable qui avait certifi\u00e9 ses comptes de campagne. Pour la financer, il aurait aussi falsifi\u00e9 ses d\u00e9clarations de revenus. A l&#8217;heure o\u00f9 nous bouclons, et malgr\u00e9 les efforts soutenus du<em> Figaro <\/em>, si Woerth n&#8217;est coupable rien, il n&#8217;est en aucun cas \u00ab blanchi \u00bb. La journaliste du service politique Sophie Huet a \u00e9t\u00e9 promue cet \u00e9t\u00e9 officier de la L\u00e9gion d&#8217;honneur. <\/p>\n<p>R\u00e9mi Douat<\/p>\n","protected":false},"excerpt":{"rendered":"<p> Branle-bas de combat au Figaro, le scandale Bettencourt menace d&#8217;\u00e9clabousser l&#8217;Elys\u00e9e. Sept fois d&#8217;affil\u00e9e : un record ! :, le quotidien a consacr\u00e9 sa Une \u00e0 l&#8217;affaire. Avec de mani\u00e8re \u00e9vidente un seul objectif : blanchir Eric Woerth <\/p>\n","protected":false},"author":569,"featured_media":0,"comment_status":"open","ping_status":"open","sticky":false,"template":"","format":"standard","meta":{"_themeisle_gutenberg_block_has_review":false,"footnotes":""},"categories":[141],"tags":[287],"class_list":["post-4558","post","type-post","status-publish","format-standard","hentry","category-archives-web","tag-medias"],"_links":{"self":[{"href":"https:\/\/archives.regards.fr\/index.php?rest_route=\/wp\/v2\/posts\/4558","targetHints":{"allow":["GET"]}}],"collection":[{"href":"https:\/\/archives.regards.fr\/index.php?rest_route=\/wp\/v2\/posts"}],"about":[{"href":"https:\/\/archives.regards.fr\/index.php?rest_route=\/wp\/v2\/types\/post"}],"author":[{"embeddable":true,"href":"https:\/\/archives.regards.fr\/index.php?rest_route=\/wp\/v2\/users\/569"}],"replies":[{"embeddable":true,"href":"https:\/\/archives.regards.fr\/index.php?rest_route=%2Fwp%2Fv2%2Fcomments&post=4558"}],"version-history":[{"count":0,"href":"https:\/\/archives.regards.fr\/index.php?rest_route=\/wp\/v2\/posts\/4558\/revisions"}],"wp:attachment":[{"href":"https:\/\/archives.regards.fr\/index.php?rest_route=%2Fwp%2Fv2%2Fmedia&parent=4558"}],"wp:term":[{"taxonomy":"category","embeddable":true,"href":"https:\/\/archives.regards.fr\/index.php?rest_route=%2Fwp%2Fv2%2Fcategories&post=4558"},{"taxonomy":"post_tag","embeddable":true,"href":"https:\/\/archives.regards.fr\/index.php?rest_route=%2Fwp%2Fv2%2Ftags&post=4558"}],"curies":[{"name":"wp","href":"https:\/\/api.w.org\/{rel}","templated":true}]}}