{"id":4538,"date":"2010-07-14T00:00:00","date_gmt":"2010-07-13T22:00:00","guid":{"rendered":"https:\/\/wp.muchomaas.com\/deux-ou-trois-choses-que-je-sais4538\/"},"modified":"2010-07-14T00:00:00","modified_gmt":"2010-07-13T22:00:00","slug":"deux-ou-trois-choses-que-je-sais4538","status":"publish","type":"post","link":"https:\/\/archives.regards.fr\/?p=4538","title":{"rendered":"Deux ou trois choses que je sais de Jean-Luc Godard"},"content":{"rendered":"<p>Ce n&#8217;est pas parce qu&#8217;un jeune gar\u00e7on de Film Socialisme se fait houspiller par un passager soucieux de go\u00fbter quelques instants de lecture tranquille \u00e0 bord d&#8217;un bateau croisi\u00e8re o\u00f9 il est difficile de s&#8217;isoler qu&#8217;il faut en d\u00e9duire que Godard n&#8217;aime pas les enfants. Ce n&#8217;est pas parce qu&#8217;il vit \u00e0 Rolle, en Suisse, qu&#8217;il ne s&#8217;int\u00e9resse plus au monde. L&#8217;\u00e9poque actuelle est porteuse de d\u00e9sespoir, Godard lui-m\u00eame n&#8217;y \u00e9chappe pas tout en n&#8217;ayant rien perdu de son sens du politique, encore moins de l&#8217;acuit\u00e9 de son regard sur cet univers, ni de son plaisir \u00e0 nous donner \u00e0 en voir les beaut\u00e9s comme les laideurs. C&#8217;est la magie de son cin\u00e9ma, la force de ses engagements successifs, porteurs de plus en plus de questionnements auxquels, seuls peut-\u00eatre, les enfants de ce film poss\u00e8dent les r\u00e9ponses. Cette eau \u00e9paisse, presque noire, qui, soudainement, s&#8217;\u00e9claircit d&#8217;\u00e9cume, port\u00e9e par des vagues, nous renvoie \u00e0 une image semblable, pourtant si \u00e9loign\u00e9e de celle qui la r\u00e9veille\u00a0: une simple tasse de caf\u00e9, film\u00e9e au plus pr\u00e8s de son contenu dans Deux ou trois choses que je sais d&#8217;elle (1966). C&#8217;est un tournoiement de sons m\u00e9talliques, de paroles chuchot\u00e9es, de couleurs, comme un remous invisible qui attirerait nageur et bateau au fond de la mer, qui nous donne \u00e0 voir ce qu&#8217;\u00e9tait la France, en ces ann\u00e9es 1960 de construction de grands ensembles. Ici, pour le cin\u00e9aste, la prostitution occasionnelle de ses habitantes ne s&#8217;accompagne pas de jugements moraux. Il se penche sur la condition des femmes tout en nous faisant partager les soubresauts du monde, ses guerres qu&#8217;il ressent comme profond\u00e9ment injustes : la Palestine, le Vi\u00eatnam, Sarajevo. Avant m\u00eame d&#8217;entrer en r\u00e9sistance dans sa p\u00e9riode militante dure, au d\u00e9but des ann\u00e9es 1970, marqu\u00e9e par la cr\u00e9ation, avec Jean-Pierre Gorin, du groupe Dziga Vertov, Godard avait r\u00e9alis\u00e9 deux films anti-militaristes, Le Petit Soldat (1960), interdit plusieurs ann\u00e9es par la censure : il n&#8217;\u00e9tait pas innocent de parler de la guerre d&#8217;Alg\u00e9rie : et Les Carabiniers, d\u00e9di\u00e9 \u00e0 Jean Vigo (1963). Cette fable qui tranche, par son \u00e9criture m\u00eame et son d\u00e9cor, avec le reste de son \u0153uvre, pourtant fid\u00e8le \u00e0 son esprit provocant et inventif, appara\u00eet comme un OVNI. J&#8217;en dirais autant d&#8217;Alphaville (1965), pour lequel il s&#8217;amuse \u00e0 cr\u00e9er d&#8217;\u00e9tranges d\u00e9cors. En menant \u00e0 bien un vrai travail d&#8217;historien du cin\u00e9ma : mais ses films prennent aussi en compte des \u00e9v\u00e9nements pass\u00e9s comme la R\u00e9sistance (\u00c9loge de l&#8217;amour, 2001), et, aujourd&#8217;hui, ceux de l&#8217;Europe :, m\u00eame lorsqu&#8217;il semblait s&#8217;\u00eatre retir\u00e9 \u00e0 Grenoble au d\u00e9but des ann\u00e9es 1970, il n&#8217;a jamais cess\u00e9 de parfaire cette culture immense qui donne \u00e0 son \u0153uvre de cin\u00e9aste sa coh\u00e9sion et sa richesse. Car Godard, \u00e0 jamais peintre, cin\u00e9phile, m\u00e9lomane, sait se servir de tout ce savoir pour nous apprendre \u00e0 regarder. Chacun de ses films pourrait \u00eatre pris pour un enfant isol\u00e9 mais ils ont tous le m\u00eame g\u00e9niteur, \u00e0 des \u00e2ges diff\u00e9rents, Jean-Luc Godard.<\/p>\n<p>[[\u00c0 voir : Film Socialisme, en salles depuis le 19 mai. A lire : Film Socialisme, Dialogue avec visages auteurs (P.O.L.,\u00a08,50 ?).]]<\/p>\n","protected":false},"excerpt":{"rendered":"<p>Ce n&#8217;est pas parce qu&#8217;un jeune gar\u00e7on de Film Socialisme se fait houspiller par un passager soucieux de go\u00fbter quelques instants de lecture tranquille \u00e0 bord d&#8217;un bateau croisi\u00e8re o\u00f9 il est difficile de s&#8217;isoler qu&#8217;il faut en d\u00e9duire que Godard n&#8217;aime pas les enfants. Ce n&#8217;est pas parce qu&#8217;il vit \u00e0 Rolle, en Suisse, [&hellip;]<\/p>\n","protected":false},"author":1,"featured_media":0,"comment_status":"open","ping_status":"open","sticky":false,"template":"","format":"standard","meta":{"_themeisle_gutenberg_block_has_review":false,"footnotes":""},"categories":[141],"tags":[299],"class_list":["post-4538","post","type-post","status-publish","format-standard","hentry","category-archives-web","tag-cinema"],"_links":{"self":[{"href":"https:\/\/archives.regards.fr\/index.php?rest_route=\/wp\/v2\/posts\/4538","targetHints":{"allow":["GET"]}}],"collection":[{"href":"https:\/\/archives.regards.fr\/index.php?rest_route=\/wp\/v2\/posts"}],"about":[{"href":"https:\/\/archives.regards.fr\/index.php?rest_route=\/wp\/v2\/types\/post"}],"author":[{"embeddable":true,"href":"https:\/\/archives.regards.fr\/index.php?rest_route=\/wp\/v2\/users\/1"}],"replies":[{"embeddable":true,"href":"https:\/\/archives.regards.fr\/index.php?rest_route=%2Fwp%2Fv2%2Fcomments&post=4538"}],"version-history":[{"count":0,"href":"https:\/\/archives.regards.fr\/index.php?rest_route=\/wp\/v2\/posts\/4538\/revisions"}],"wp:attachment":[{"href":"https:\/\/archives.regards.fr\/index.php?rest_route=%2Fwp%2Fv2%2Fmedia&parent=4538"}],"wp:term":[{"taxonomy":"category","embeddable":true,"href":"https:\/\/archives.regards.fr\/index.php?rest_route=%2Fwp%2Fv2%2Fcategories&post=4538"},{"taxonomy":"post_tag","embeddable":true,"href":"https:\/\/archives.regards.fr\/index.php?rest_route=%2Fwp%2Fv2%2Ftags&post=4538"}],"curies":[{"name":"wp","href":"https:\/\/api.w.org\/{rel}","templated":true}]}}