{"id":4533,"date":"2010-07-14T00:00:00","date_gmt":"2010-07-13T22:00:00","guid":{"rendered":"https:\/\/wp.muchomaas.com\/le-je-politique4533\/"},"modified":"2010-07-14T00:00:00","modified_gmt":"2010-07-13T22:00:00","slug":"le-je-politique4533","status":"publish","type":"post","link":"https:\/\/archives.regards.fr\/?p=4533","title":{"rendered":"Le Je politique"},"content":{"rendered":"<p>Le Je de Chlo\u00e9 Delaume n&#8217;est pas le signe d&#8217;un narcissisme boursoufl\u00e9, c&#8217;est un Je \u00ab\u00a0pour dire et pour lutter\u00a0\u00bb. \u00ab\u00a0L&#8217;autofiction un geste, un geste politique. Par le biais de l&#8217;autofiction, le Je peut se redresser, entrer en r\u00e9sistance. Ecrire le Je rel\u00e8ve de l&#8217;instinct de survie dans une soci\u00e9t\u00e9 o\u00f9 le capitalisme \u00e9crit nos vies et les contr\u00f4le.\u00a0\u00bb Avec sa p\u00e2te envo\u00fbtante, citant Michel Foucault ou Judith Bultler, l&#8217;\u00e9crivaine livre un essai d\u00e9capant autour d&#8217;un \u00ab\u00a0genre\u00a0\u00bb dans lequel elle se love avec talent depuis Les Mouflettes d&#8217;Atropos, jusqu&#8217;\u00e0 l&#8217;excellent Dans ma maison sous terre.<\/p>\n<p>Chlo\u00e9 Delaume, La r\u00e8gle du Je, \u00e9d. PUF, 12 ?<\/p>\n","protected":false},"excerpt":{"rendered":"<p>Le Je de Chlo\u00e9 Delaume n&#8217;est pas le signe d&#8217;un narcissisme boursoufl\u00e9, c&#8217;est un Je \u00ab\u00a0pour dire et pour lutter\u00a0\u00bb. \u00ab\u00a0L&#8217;autofiction un geste, un geste politique. Par le biais de l&#8217;autofiction, le Je peut se redresser, entrer en r\u00e9sistance. Ecrire le Je rel\u00e8ve de l&#8217;instinct de survie dans une soci\u00e9t\u00e9 o\u00f9 le capitalisme \u00e9crit nos [&hellip;]<\/p>\n","protected":false},"author":573,"featured_media":0,"comment_status":"open","ping_status":"open","sticky":false,"template":"","format":"standard","meta":{"_themeisle_gutenberg_block_has_review":false,"footnotes":""},"categories":[141],"tags":[353],"class_list":["post-4533","post","type-post","status-publish","format-standard","hentry","category-archives-web","tag-litterature"],"_links":{"self":[{"href":"https:\/\/archives.regards.fr\/index.php?rest_route=\/wp\/v2\/posts\/4533","targetHints":{"allow":["GET"]}}],"collection":[{"href":"https:\/\/archives.regards.fr\/index.php?rest_route=\/wp\/v2\/posts"}],"about":[{"href":"https:\/\/archives.regards.fr\/index.php?rest_route=\/wp\/v2\/types\/post"}],"author":[{"embeddable":true,"href":"https:\/\/archives.regards.fr\/index.php?rest_route=\/wp\/v2\/users\/573"}],"replies":[{"embeddable":true,"href":"https:\/\/archives.regards.fr\/index.php?rest_route=%2Fwp%2Fv2%2Fcomments&post=4533"}],"version-history":[{"count":0,"href":"https:\/\/archives.regards.fr\/index.php?rest_route=\/wp\/v2\/posts\/4533\/revisions"}],"wp:attachment":[{"href":"https:\/\/archives.regards.fr\/index.php?rest_route=%2Fwp%2Fv2%2Fmedia&parent=4533"}],"wp:term":[{"taxonomy":"category","embeddable":true,"href":"https:\/\/archives.regards.fr\/index.php?rest_route=%2Fwp%2Fv2%2Fcategories&post=4533"},{"taxonomy":"post_tag","embeddable":true,"href":"https:\/\/archives.regards.fr\/index.php?rest_route=%2Fwp%2Fv2%2Ftags&post=4533"}],"curies":[{"name":"wp","href":"https:\/\/api.w.org\/{rel}","templated":true}]}}