{"id":4525,"date":"2010-07-14T00:00:00","date_gmt":"2010-07-13T22:00:00","guid":{"rendered":"https:\/\/wp.muchomaas.com\/radicalement-gauche4525\/"},"modified":"2010-07-14T00:00:00","modified_gmt":"2010-07-13T22:00:00","slug":"radicalement-gauche4525","status":"publish","type":"post","link":"https:\/\/archives.regards.fr\/?p=4525","title":{"rendered":"Radicalement  gauche"},"content":{"rendered":"<p>L e pire n&#8217;est jamais s\u00fbr. En 2007, la gauche de gauche a bu la piquette apr\u00e8s le triomphe prometteur du r\u00e9f\u00e9rendum europ\u00e9en de 2006. En 2012, son \u00e9miettement mortif\u00e8re sera-t-il \u00e9vit\u00e9\u00a0? Saura-t-elle mobiliser les cat\u00e9gories populaires et susciter un espoir pour changer la donne \u00e0 gauche\u00a0? <\/p>\n<p>Le Front de Gauche pourrait \u00eatre un d\u00e9but de r\u00e9ponse \u00e0 ce d\u00e9fi. Alliance du PCF, du PG de Jean-Luc M\u00e9lenchon et de la GU de Christian Picquet, ce Front a d\u00e9j\u00e0 deux batailles \u00e9lectorales \u00e0 son actif. Sa marque de fabrique est d\u00e9sormais rep\u00e9r\u00e9e dans l&#8217;opinion publique. M\u00eame si les querelles de leadership entre M\u00e9lenchon et les communistes ne passent pas inaper\u00e7ues, le cadre unitaire tient bon. Le PCF, amput\u00e9 des refondateurs qui ont claqu\u00e9 la porte du Parti, doit composer en interne avec une frange identitaire qui gagne du terrain et les nostalgiques d&#8217;une alliance avec le PS. Mais le nouveau secr\u00e9taire national Pierre Laurent affirme sa volont\u00e9 de conforter le Front de Gauche. Reste que ce Front est construit comme un cartel d&#8217;organisations et peine aujourd&#8217;hui \u00e0 f\u00e9d\u00e9rer aussi largement que possible et n\u00e9cessaire pour modifier les rapports de force \u00e0 gauche. Maintenir le Front de Gauche est une chose, le d\u00e9passer pour f\u00e9d\u00e9rer plus largement en est une autre, sans doute bien plus d\u00e9cisive pour marquer la diff\u00e9rence en 2012.<\/p>\n<p>Pour l&#8217;instant, le NPA poursuit sa route qui le m\u00e8ne \u00e0 l&#8217;isolement. Alors qu&#8217;\u00e0 sa cr\u00e9ation, il y a deux ans et demi, le parti d&#8217;Olivier Besancenot \u00e9tait promis \u00e0 un avenir radieux, les maigres scores obtenus aux europ\u00e9ennes et aux r\u00e9gionales ont douch\u00e9 les espoirs. Certains n&#8217;en reviennent pas que la \u00ab\u00a0vieille gauche\u00a0\u00bb qu&#8217;incarneraient le PC et M\u00e9lenchon aient pu leur passer devant. Reprise des discussions unitaires ou processus vers une nouvelle candidature Besancenot\u00a0? Le Congr\u00e8s du NPA tranchera, \u00e0 la fin de l&#8217;ann\u00e9e.<\/p>\n<p>Quant \u00e0 la F\u00e9d\u00e9ration pour une alternative sociale et \u00e9cologique, elle progresse dans sa structuration, s&#8217;est renforc\u00e9e avec l&#8217;arriv\u00e9e de communistes unitaires ayant quitt\u00e9 le PCF et continue de plaider pour le rassemblement le plus large. Saura-t-elle se faire entendre\u00a0?<\/p>\n<p>A deux ans des pr\u00e9sidentielles et l\u00e9gislatives, tout reste encore ouvert. Mais le jeu de la diplomatie entre les petites organisations existantes ne devrait pas suffire pour que la mayonnaise prenne. Le d\u00e9tonateur social est sans doute plus prometteur. En clair, si les mobilisations prennent de l&#8217;ampleur et que l&#8217;attente populaire se fait plus forte, chacun sera davantage somm\u00e9 de prendre ses responsabilit\u00e9s. Soul\u00e8vement populaire\u00a0? Qui a jamais su le pr\u00e9dire\u00a0?<\/p>\n","protected":false},"excerpt":{"rendered":"<p>L e pire n&#8217;est jamais s\u00fbr. En 2007, la gauche de gauche a bu la piquette apr\u00e8s le triomphe prometteur du r\u00e9f\u00e9rendum europ\u00e9en de 2006. En 2012, son \u00e9miettement mortif\u00e8re sera-t-il \u00e9vit\u00e9\u00a0? Saura-t-elle mobiliser les cat\u00e9gories populaires et susciter un espoir pour changer la donne \u00e0 gauche\u00a0? Le Front de Gauche pourrait \u00eatre un d\u00e9but [&hellip;]<\/p>\n","protected":false},"author":1,"featured_media":0,"comment_status":"open","ping_status":"open","sticky":false,"template":"","format":"standard","meta":{"_themeisle_gutenberg_block_has_review":false,"footnotes":""},"categories":[141],"tags":[295],"class_list":["post-4525","post","type-post","status-publish","format-standard","hentry","category-archives-web","tag-nupes"],"_links":{"self":[{"href":"https:\/\/archives.regards.fr\/index.php?rest_route=\/wp\/v2\/posts\/4525","targetHints":{"allow":["GET"]}}],"collection":[{"href":"https:\/\/archives.regards.fr\/index.php?rest_route=\/wp\/v2\/posts"}],"about":[{"href":"https:\/\/archives.regards.fr\/index.php?rest_route=\/wp\/v2\/types\/post"}],"author":[{"embeddable":true,"href":"https:\/\/archives.regards.fr\/index.php?rest_route=\/wp\/v2\/users\/1"}],"replies":[{"embeddable":true,"href":"https:\/\/archives.regards.fr\/index.php?rest_route=%2Fwp%2Fv2%2Fcomments&post=4525"}],"version-history":[{"count":0,"href":"https:\/\/archives.regards.fr\/index.php?rest_route=\/wp\/v2\/posts\/4525\/revisions"}],"wp:attachment":[{"href":"https:\/\/archives.regards.fr\/index.php?rest_route=%2Fwp%2Fv2%2Fmedia&parent=4525"}],"wp:term":[{"taxonomy":"category","embeddable":true,"href":"https:\/\/archives.regards.fr\/index.php?rest_route=%2Fwp%2Fv2%2Fcategories&post=4525"},{"taxonomy":"post_tag","embeddable":true,"href":"https:\/\/archives.regards.fr\/index.php?rest_route=%2Fwp%2Fv2%2Ftags&post=4525"}],"curies":[{"name":"wp","href":"https:\/\/api.w.org\/{rel}","templated":true}]}}