{"id":4521,"date":"2010-07-14T00:00:00","date_gmt":"2010-07-13T22:00:00","guid":{"rendered":"https:\/\/wp.muchomaas.com\/capital-la-poste-et-le-mammouth-a4521\/"},"modified":"2010-07-14T00:00:00","modified_gmt":"2010-07-13T22:00:00","slug":"capital-la-poste-et-le-mammouth-a4521","status":"publish","type":"post","link":"https:\/\/archives.regards.fr\/?p=4521","title":{"rendered":"\u00ab\u00a0Capital\u00a0\u00bb, La Poste et  le mammouth \u00e0 casquette"},"content":{"rendered":"<p class=\"post_excerpt\"> Les postiers?? Improductifs, gourmands, d\u00e9s\u0153uvr\u00e9s&#8230; C&#8217;est ce qui ressort du dossier au K\u00e4rcher que le magazine Capital consacre \u00e0 la Poste. A d\u00e9faut de rigueur journalistique, le titre de Prisma Presse brasse all\u00e8grement les poncifs du lib\u00e9ralisme primaire. <\/p>\n<p>L a Poste comme beaucoup d&#8217;entreprises publiques ou qui le furent, est un gros b\u00e9b\u00e9 un peu capricieux, qui mange beaucoup (d&#8217;argent public), pleure souvent (la fameuse \u00ab\u00a0grogne\u00a0\u00bb) et a une l\u00e9g\u00e8re tendance \u00e0 l&#8217;embonpoint. Heureusement, nous explique Capital dans un joli dossier de quatre pages tout en couleur, La Poste est \u00ab\u00a0enfin transform\u00e9e en soci\u00e9t\u00e9 anonyme\u00a0\u00bb. Bonne nouvelle donc, mais Capital veille au grain et explique doctement\u00a0: \u00ab\u00a0Autant dire que notre ch\u00e8re Poste va devoir gagner en productivit\u00e9 si elle ne veut pas se faire tailler des croupi\u00e8res par ses fringants concurrents europ\u00e9ens\u00a0\u00bb. Et de nous avertir\u00a0: \u00ab\u00a0A terme, l&#8217;entreprise devra se d\u00e9brouiller seule\u00a0\u00bb, car \u00ab\u00a0l&#8217;Etat n&#8217;a pas l&#8217;intention de boucler \u00e9ternellement les fins de mois des postiers avec des subventions de p\u00e8re No\u00ebl\u00a0\u00bb. <\/p>\n<p>Comme le fonctionnaire est planqu\u00e9, le syndicaliste grincheux, l&#8217;usager en col\u00e8re et la concierge dans l&#8217;escalier, le postier \u00ab\u00a0est\u00a0\u00bb trop nombreux. Des chiffres\u00a0? \u00ab\u00a0Le nombre de postes de travail inutiles avoisinerait aujourd&#8217;hui les 40?000\u00a0: 35\u00a0500 exactement selon nos estimations. Et il pourrait fr\u00f4ler les 90?000 d&#8217;ici \u00e0 2015\u00a0\u00bb. Fichtre\u00a0! 35\u00a0500 postiers en trop. En lecteur avis\u00e9, on appr\u00e9ciera le \u00ab\u00a0exactement\u00a0\u00bb et on se f\u00e9licite du boulot de la journaliste qui ne se contente pas d&#8217;une \u00e9valuation au doigt mouill\u00e9. Vite, on poursuit sa lecture, press\u00e9 d&#8217;en apprendre davantage, on doit bien trouver quelque part des sources un peu pr\u00e9cises. Le bel encadr\u00e9 fait de l&#8217;\u0153il au lecteur, on fonce\u00a0: 2?000 emplois en trop dans les directions r\u00e9gionales et \u00e0 la DRH, 2\u00a0500 au si\u00e8ge, 6\u00a0000 au tri, 10\u00a0000 \u00e0 la distribution et carr\u00e9ment 15\u00a0000 dans les bureaux de poste. 35\u00a0500, le compte y est. Mais au fait la source\u00a0? \u00ab\u00a0Estimation Capital sureffectifs de La Poste\u00a0\u00bb. On n&#8217;en saura pas plus. <\/p>\n<p>Ou plut\u00f4t, si\u00a0! On en saura davantage. Gr\u00e2ce \u00e0 Eric. C&#8217;est le t\u00e9moin, celui qui par sa seule pr\u00e9sence dans l&#8217;article justifie le postulat de Capital\u00a0: il faut all\u00e9ger La Poste des boulets qui l&#8217;emp\u00eache de devenir une entreprise comp\u00e9titive. Eric, donc, facteur en Midi-Pyr\u00e9n\u00e9es, avec l&#8217;accent du Sud-Ouest, option cr\u00e9dibilit\u00e9 du terroir, se confesse. \u00ab\u00a0Depuis que la crise et les messages \u00e9lectroniques ont all\u00e9g\u00e9 sa sacoche d&#8217;un bon tiers\u00a0\u00bb, il termine sa tourn\u00e9e \u00e0 10h30 du matin, soit deux heures et demi avant la fin officielle de son service. \u00ab\u00a0En g\u00e9n\u00e9ral, j&#8217;attends une petite heure au bureau avant de rentrer chez moi\u00a0\u00bb. Et puis il arrondit son salaire (1?200\u00a0euros net par mois), en faisant des petits boulots\u00a0: \u00ab\u00a0Je ne sais pas comment \u00e7a se passe ailleurs, mais ici tout le monde fait pareil\u00a0\u00bb, s&#8217;\u00e9panche-t-il. En voil\u00e0 assez pour Capital qui conclut. \u00ab\u00a0Au total, 10\u00a0% des facteurs pourraient \u00eatre supprim\u00e9s d\u00e8s aujourd&#8217;hui sans affecter la distribution\u00a0\u00bb. <\/p>\n<p>Sur le forum de r\u00e9f\u00e9rence de la profession, pas sp\u00e9cialement un repaire de gauchistes mais simplement un lieu o\u00f9 plus de 2?000\u00a0postiers sont inscrits et commentent en ligne leur actualit\u00e9\u00a0: Bienvenue chez les Ch&#8217;ti, le dernier timbre \u00e0 collectionner et m\u00eame les articles de Capital. L&#8217;un d&#8217;eux a post\u00e9 l&#8217;article et les commentaires pleuvent. Les quelques facteurs qui travaillent \u00ab\u00a0pour de vrai\u00a0\u00bb ont d\u00fb se donner rendez-vous sur le forum. \u00ab\u00a0Je commence \u00e0 6h30 et termine le plus souvent vers 13h15. Le courrier a un peu baiss\u00e9, mais pas dans les proportions annonc\u00e9es dans l&#8217;article. Les colis ont augment\u00e9 de 15 \u00e0 30\u00a0% par rapport \u00e0 2008 et ce, sans effectifs suppl\u00e9mentaires\u00a0\u00bb. Un autre r\u00e9pond\u00a0: \u00ab\u00a0Nous, on embauche \u00e0 7h30 et on termine vers 15h ou 15h30\u00a0\u00bb. \u00ab\u00a0C&#8217;est clair, moi je termine tous les jours vers 13h, encha\u00eene un facteur. Et il n&#8217;est pas rare de finir vers 16h\u00a0\u00bb. \u00ab\u00a0Je suis facteur rural et je termine le plus souvent vers 13h30\u00a0\u00bb. Un autre\u00a0: \u00ab\u00a0Je voudrais bien conna\u00eetre ces bureaux o\u00f9 on peut terminer \u00e0 10h30, j&#8217;y demande tout de suite ma mutation\u00a0\u00bb. Un autre avance une explication possible\u00a0: \u00ab\u00a0Le cas d&#8217;Eric existe, mais avec des coll\u00e8gues autour de lui qui travaillent trois fois plus. On r\u00e9clame une r\u00e9vision des tourn\u00e9es, mais c&#8217;est la sourde oreille\u00a0\u00bb. Il est rejoint par un contributeur\u00a0: \u00ab\u00a0S&#8217;il termine \u00e0 10h30, c&#8217;est que les autres bossent jusqu&#8217;\u00e0 15 ou 16 heures.\u00a0\u00bb <\/p>\n<p>Ne pinaillons pas, il doit s&#8217;agir de quelques excit\u00e9s. Au \u00ab\u00a0pays des camions jaunes\u00a0\u00bb, comme nous l&#8217;explique la journaliste, il faut se prendre un peu en main pour affronter la concurrence europ\u00e9enne. D&#8217;ailleurs, une demi-page est consacr\u00e9e aux m\u00e9ritants voisins qui ont eu le courage de, Capital a le sens de la formule, \u00ab\u00a0d\u00e9graisser le mammouth \u00e0 casquette\u00a0\u00bb. Italie\u00a0: suppression de 70?000\u00a0emplois, les salari\u00e9s ne sont plus des fonctionnaires, r\u00e9duction des cong\u00e9s pay\u00e9s et salaires index\u00e9s sur la productivit\u00e9. Pays-Bas\u00a0: la Poste a supprim\u00e9 10?000\u00a0emplois et le statut de fonctionnaire. 11?000 postes de plus seront supprim\u00e9s si les agents n&#8217;acceptent pas une baisse de salaire. \u00c7a, c&#8217;est du management\u00a0! En titre des encadr\u00e9s\u00a0: un chiffre d&#8217;affaires et l&#8217;effectif total. L&#8217;action de la Poste se r\u00e9sume \u00e0 un ratio salari\u00e9-productivit\u00e9. Un grand absent, certainement l&#8217;objet d&#8217;un prochain dossier, la notion de mission de service public.<\/p>\n","protected":false},"excerpt":{"rendered":"<p> Les postiers?? Improductifs, gourmands, d\u00e9s\u0153uvr\u00e9s&#8230; C&#8217;est ce qui ressort du dossier au K\u00e4rcher que le magazine Capital consacre \u00e0 la Poste. A d\u00e9faut de rigueur journalistique, le titre de Prisma Presse brasse all\u00e8grement les poncifs du lib\u00e9ralisme primaire. <\/p>\n","protected":false},"author":569,"featured_media":0,"comment_status":"open","ping_status":"open","sticky":false,"template":"","format":"standard","meta":{"_themeisle_gutenberg_block_has_review":false,"footnotes":""},"categories":[141],"tags":[287],"class_list":["post-4521","post","type-post","status-publish","format-standard","hentry","category-archives-web","tag-medias"],"_links":{"self":[{"href":"https:\/\/archives.regards.fr\/index.php?rest_route=\/wp\/v2\/posts\/4521","targetHints":{"allow":["GET"]}}],"collection":[{"href":"https:\/\/archives.regards.fr\/index.php?rest_route=\/wp\/v2\/posts"}],"about":[{"href":"https:\/\/archives.regards.fr\/index.php?rest_route=\/wp\/v2\/types\/post"}],"author":[{"embeddable":true,"href":"https:\/\/archives.regards.fr\/index.php?rest_route=\/wp\/v2\/users\/569"}],"replies":[{"embeddable":true,"href":"https:\/\/archives.regards.fr\/index.php?rest_route=%2Fwp%2Fv2%2Fcomments&post=4521"}],"version-history":[{"count":0,"href":"https:\/\/archives.regards.fr\/index.php?rest_route=\/wp\/v2\/posts\/4521\/revisions"}],"wp:attachment":[{"href":"https:\/\/archives.regards.fr\/index.php?rest_route=%2Fwp%2Fv2%2Fmedia&parent=4521"}],"wp:term":[{"taxonomy":"category","embeddable":true,"href":"https:\/\/archives.regards.fr\/index.php?rest_route=%2Fwp%2Fv2%2Fcategories&post=4521"},{"taxonomy":"post_tag","embeddable":true,"href":"https:\/\/archives.regards.fr\/index.php?rest_route=%2Fwp%2Fv2%2Ftags&post=4521"}],"curies":[{"name":"wp","href":"https:\/\/api.w.org\/{rel}","templated":true}]}}